{"id":31367,"date":"2026-09-04T17:15:52","date_gmt":"2026-09-04T22:15:52","guid":{"rendered":"https:\/\/mineriayproyectos.com\/?p=31367"},"modified":"2026-09-04T17:17:17","modified_gmt":"2026-09-04T22:17:17","slug":"cip-lima-certificacion-ambiental-ejecutivo","status":"publish","type":"post","link":"https:\/\/mineriayproyectos.com\/en\/mineria\/2026\/09\/04\/cip-lima-certificacion-ambiental-ejecutivo\/","title":{"rendered":"CIP Lima expresa preocupaci\u00f3n por medidas del Ejecutivo en materia ambiental"},"content":{"rendered":"<p class=\"wp-block-paragraph\"><strong>CIP Lima<\/strong> expres\u00f3 su preocupaci\u00f3n por las medidas planteadas por el <a href=\"https:\/\/www.gob.pe\/estado\/poder-ejecutivo\" type=\"link\" id=\"https:\/\/www.gob.pe\/estado\/poder-ejecutivo\">Poder Ejecutivo<\/a> en el marco de la propuesta de delegaci\u00f3n de facultades legislativas en materia ambiental y de recursos naturales.<\/p>\n\n\n\n<p class=\"wp-block-paragraph\">A trav\u00e9s de su Cap\u00edtulo de Ingenier\u00eda Ambiental, el Consejo Departamental de Lima del Colegio de Ingenieros del Per\u00fa reconoci\u00f3 la necesidad de reducir plazos y eliminar cuellos de botella en los procedimientos vinculados con la gesti\u00f3n y certificaci\u00f3n ambiental.<\/p>\n\n\n\n<p class=\"wp-block-paragraph\">Sin embargo, el gremio sostuvo que estos cambios deben realizarse sin reducir los niveles de protecci\u00f3n ambiental ni afectar los est\u00e1ndares t\u00e9cnicos vigentes.<\/p>\n\n\n\n<p class=\"wp-block-paragraph\">Asimismo, se\u00f1al\u00f3 que cualquier modificaci\u00f3n debe preservar las garant\u00edas que sustentan el Sistema Nacional de Evaluaci\u00f3n del Impacto Ambiental (SEIA).<\/p>\n\n\n\n<h3 class=\"wp-block-heading\"><strong>CIP Lima propone conformar una Mesa T\u00e9cnica<\/strong><\/h3>\n\n\n\n<p class=\"wp-block-paragraph\">Frente a las medidas planteadas, <strong>CIP Lima<\/strong> anunci\u00f3 que promover\u00e1 la conformaci\u00f3n de una Mesa T\u00e9cnica de Trabajo.<\/p>\n\n\n\n<p class=\"wp-block-paragraph\">Este espacio tendr\u00e1 como objetivo analizar las implicancias de las propuestas, identificar alternativas y elaborar recomendaciones que contribuyan a una toma de decisiones sustentada.<\/p>\n\n\n\n<p class=\"wp-block-paragraph\">La iniciativa buscar\u00e1 convocar a especialistas y actores vinculados con la gesti\u00f3n ambiental para aportar una mirada t\u00e9cnica al proceso de modernizaci\u00f3n de los procedimientos.<\/p>\n\n\n\n<h3 class=\"wp-block-heading\"><strong>Certificaci\u00f3n ambiental requiere mayor predictibilidad<\/strong><\/h3>\n\n\n\n<p class=\"wp-block-paragraph\">El gremio de ingenieros considera que mejorar la eficiencia de los procedimientos ambientales no debe significar una reducci\u00f3n de los est\u00e1ndares actuales.<\/p>\n\n\n\n<p class=\"wp-block-paragraph\">Para el CIP Lima, el pa\u00eds necesita procesos m\u00e1s \u00e1giles y predecibles, pero que al mismo tiempo mantengan la calidad de las evaluaciones ambientales.<\/p>\n\n\n\n<hr class=\"wp-block-separator has-alpha-channel-opacity\"\/>\n\n\n\n<div class=\"wp-block-media-text is-stacked-on-mobile\" style=\"grid-template-columns:35% auto\"><figure class=\"wp-block-media-text__media\"><img fetchpriority=\"high\" decoding=\"async\" width=\"1024\" height=\"576\" src=\"https:\/\/mineriayproyectos.com\/wp-content\/uploads\/2026\/09\/congreso-peruano-geologia-2026-prevencion-riesgos-1024x576.jpg\" alt=\"Congreso Peruano de Geolog\u00eda 2026 abordar\u00e1 prevenci\u00f3n de riesgos naturales y planificaci\u00f3n del territorio\" class=\"wp-image-31365 size-full\" srcset=\"https:\/\/mineriayproyectos.com\/wp-content\/uploads\/2026\/09\/congreso-peruano-geologia-2026-prevencion-riesgos-1024x576.jpg 1024w, https:\/\/mineriayproyectos.com\/wp-content\/uploads\/2026\/09\/congreso-peruano-geologia-2026-prevencion-riesgos-300x169.jpg 300w, https:\/\/mineriayproyectos.com\/wp-content\/uploads\/2026\/09\/congreso-peruano-geologia-2026-prevencion-riesgos-768x432.jpg 768w, https:\/\/mineriayproyectos.com\/wp-content\/uploads\/2026\/09\/congreso-peruano-geologia-2026-prevencion-riesgos-1536x864.jpg 1536w, https:\/\/mineriayproyectos.com\/wp-content\/uploads\/2026\/09\/congreso-peruano-geologia-2026-prevencion-riesgos-18x10.jpg 18w, https:\/\/mineriayproyectos.com\/wp-content\/uploads\/2026\/09\/congreso-peruano-geologia-2026-prevencion-riesgos.jpg 1920w\" sizes=\"(max-width: 1024px) 100vw, 1024px\" \/><\/figure><div class=\"wp-block-media-text__content\">\n<p class=\"wp-block-paragraph\"><strong><em>Leer tambi\u00e9n \u25ba <a href=\"https:\/\/mineriayproyectos.com\/en\/eventos\/2026\/09\/04\/congreso-peruano-geologia-2026-prevencion-riesgos\/\">Congreso Peruano de Geolog\u00eda 2026 plantear\u00e1 convertir riesgos naturales en oportunidades para el pa\u00eds<\/a><\/em><\/strong><\/p>\n<\/div><\/div>\n\n\n\n<hr class=\"wp-block-separator has-alpha-channel-opacity\"\/>\n\n\n\n<p class=\"wp-block-paragraph\"><\/p>\n\n\n\n<p class=\"wp-block-paragraph\">Estas garant\u00edas, se\u00f1al\u00f3, son necesarias para prevenir, mitigar y gestionar adecuadamente los posibles impactos sobre el ambiente.<\/p>\n\n\n\n<p class=\"wp-block-paragraph\">De esta manera, el gremio sostiene que la <strong>eficiencia administrativa y la protecci\u00f3n ambiental pueden avanzar de manera conjunta<\/strong>.<\/p>\n\n\n\n<h3 class=\"wp-block-heading\"><strong>Reformas deben contar con respaldo t\u00e9cnico<\/strong><\/h3>\n\n\n\n<p class=\"wp-block-paragraph\">The <strong>CIP Lima<\/strong> tambi\u00e9n se\u00f1al\u00f3 que cualquier reforma de los mecanismos de gesti\u00f3n ambiental debe estar respaldada por evidencia y an\u00e1lisis t\u00e9cnico especializado.<\/p>\n\n\n\n<p class=\"wp-block-paragraph\">Adem\u00e1s, considera necesario realizar una evaluaci\u00f3n integral de los posibles efectos de las modificaciones antes de su implementaci\u00f3n.<\/p>\n\n\n\n<p class=\"wp-block-paragraph\">El proceso, seg\u00fan el pronunciamiento, debe respetar el marco jur\u00eddico e institucional vigente y mantener las condiciones necesarias para una adecuada certificaci\u00f3n ambiental.<\/p>\n\n\n\n<p class=\"wp-block-paragraph\">Con la futura Mesa T\u00e9cnica de Trabajo, el gremio buscar\u00e1 contribuir con propuestas que permitan agilizar los procedimientos, fortalecer su predictibilidad y mantener los est\u00e1ndares t\u00e9cnicos necesarios para promover un desarrollo sostenible.<\/p>","protected":false},"excerpt":{"rendered":"<p>CIP Lima expres\u00f3 su preocupaci\u00f3n por las medidas planteadas por el Poder Ejecutivo en el marco de la propuesta de delegaci\u00f3n de facultades legislativas en materia ambiental y de recursos naturales. A trav\u00e9s de su Cap\u00edtulo de Ingenier\u00eda Ambiental, el Consejo Departamental de Lima del Colegio de Ingenieros del Per\u00fa reconoci\u00f3 la necesidad de reducir [&hellip;]<\/p>\n","protected":false},"author":3,"featured_media":31368,"comment_status":"open","ping_status":"open","sticky":false,"template":"","format":"standard","meta":{"footnotes":""},"categories":[10],"tags":[868],"class_list":["post-31367","post","type-post","status-publish","format-standard","has-post-thumbnail","hentry","category-mineria","tag-cip-lima"],"yoast_head":"<!-- This site is optimized with the Yoast SEO plugin v27.6 - https:\/\/yoast.com\/product\/yoast-seo-wordpress\/ -->\n<title>CIP Lima expresa preocupaci\u00f3n por medidas del Ejecutivo en materia ambiental - Miner\u00eda y Proyectos<\/title>\n<meta name=\"description\" content=\"CIP Lima expres\u00f3 preocupaci\u00f3n por medidas ambientales del Ejecutivo y propuso una Mesa T\u00e9cnica para agilizar procesos sin reducir est\u00e1ndares.\" \/>\n<meta name=\"robots\" content=\"index, follow, max-snippet:-1, max-image-preview:large, max-video-preview:-1\" \/>\n<link rel=\"canonical\" href=\"https:\/\/mineriayproyectos.com\/en\/mineria\/2026\/09\/04\/cip-lima-certificacion-ambiental-ejecutivo\/\" \/>\n<meta property=\"og:locale\" content=\"en_US\" \/>\n<meta property=\"og:type\" content=\"article\" \/>\n<meta property=\"og:title\" content=\"CIP Lima expresa preocupaci\u00f3n por medidas del Ejecutivo en materia ambiental - Miner\u00eda y Proyectos\" \/>\n<meta property=\"og:description\" content=\"CIP Lima expres\u00f3 preocupaci\u00f3n por medidas ambientales del Ejecutivo y propuso una Mesa T\u00e9cnica para agilizar procesos sin reducir est\u00e1ndares.\" \/>\n<meta property=\"og:url\" content=\"https:\/\/mineriayproyectos.com\/en\/mineria\/2026\/09\/04\/cip-lima-certificacion-ambiental-ejecutivo\/\" \/>\n<meta property=\"og:site_name\" content=\"Miner\u00eda y Proyectos\" \/>\n<meta property=\"article:published_time\" content=\"2026-09-04T22:15:52+00:00\" \/>\n<meta property=\"article:modified_time\" content=\"2026-09-04T22:17:17+00:00\" \/>\n<meta property=\"og:image\" content=\"https:\/\/mineriayproyectos.com\/wp-content\/uploads\/2026\/09\/cip-lima-certificacion-ambiental-ejecutivo.jpg\" \/>\n\t<meta property=\"og:image:width\" content=\"1920\" \/>\n\t<meta property=\"og:image:height\" content=\"1080\" \/>\n\t<meta property=\"og:image:type\" content=\"image\/jpeg\" \/>\n<meta name=\"author\" content=\"Antonio Buendia\" \/>\n<meta name=\"twitter:card\" content=\"summary_large_image\" \/>\n<meta name=\"twitter:label1\" content=\"Written by\" \/>\n\t<meta name=\"twitter:data1\" content=\"Antonio Buendia\" \/>\n\t<meta name=\"twitter:label2\" content=\"Est. reading time\" \/>\n\t<meta name=\"twitter:data2\" content=\"3 minutes\" \/>\n<script type=\"application\/ld+json\" class=\"yoast-schema-graph\">{\"@context\":\"https:\\\/\\\/schema.org\",\"@graph\":[{\"@type\":\"Article\",\"@id\":\"https:\\\/\\\/mineriayproyectos.com\\\/mineria\\\/2026\\\/09\\\/04\\\/cip-lima-certificacion-ambiental-ejecutivo\\\/#article\",\"isPartOf\":{\"@id\":\"https:\\\/\\\/mineriayproyectos.com\\\/mineria\\\/2026\\\/09\\\/04\\\/cip-lima-certificacion-ambiental-ejecutivo\\\/\"},\"author\":{\"name\":\"Antonio Buendia\",\"@id\":\"https:\\\/\\\/mineriayproyectos.com\\\/#\\\/schema\\\/person\\\/7cb1f3c671dfa5f49d443f8a000667d7\"},\"headline\":\"CIP Lima expresa preocupaci\u00f3n por medidas del Ejecutivo en materia ambiental\",\"datePublished\":\"2026-09-04T22:15:52+00:00\",\"dateModified\":\"2026-09-04T22:17:17+00:00\",\"mainEntityOfPage\":{\"@id\":\"https:\\\/\\\/mineriayproyectos.com\\\/mineria\\\/2026\\\/09\\\/04\\\/cip-lima-certificacion-ambiental-ejecutivo\\\/\"},\"wordCount\":450,\"commentCount\":0,\"image\":{\"@id\":\"https:\\\/\\\/mineriayproyectos.com\\\/mineria\\\/2026\\\/09\\\/04\\\/cip-lima-certificacion-ambiental-ejecutivo\\\/#primaryimage\"},\"thumbnailUrl\":\"https:\\\/\\\/mineriayproyectos.com\\\/wp-content\\\/uploads\\\/2026\\\/09\\\/cip-lima-certificacion-ambiental-ejecutivo.jpg\",\"keywords\":[\"CIP Lima\"],\"articleSection\":[\"Miner\u00eda\"],\"inLanguage\":\"en-US\",\"potentialAction\":[{\"@type\":\"CommentAction\",\"name\":\"Comment\",\"target\":[\"https:\\\/\\\/mineriayproyectos.com\\\/mineria\\\/2026\\\/09\\\/04\\\/cip-lima-certificacion-ambiental-ejecutivo\\\/#respond\"]}]},{\"@type\":\"WebPage\",\"@id\":\"https:\\\/\\\/mineriayproyectos.com\\\/mineria\\\/2026\\\/09\\\/04\\\/cip-lima-certificacion-ambiental-ejecutivo\\\/\",\"url\":\"https:\\\/\\\/mineriayproyectos.com\\\/mineria\\\/2026\\\/09\\\/04\\\/cip-lima-certificacion-ambiental-ejecutivo\\\/\",\"name\":\"CIP Lima expresa preocupaci\u00f3n por medidas del Ejecutivo en materia ambiental - Miner\u00eda y Proyectos\",\"isPartOf\":{\"@id\":\"https:\\\/\\\/mineriayproyectos.com\\\/#website\"},\"primaryImageOfPage\":{\"@id\":\"https:\\\/\\\/mineriayproyectos.com\\\/mineria\\\/2026\\\/09\\\/04\\\/cip-lima-certificacion-ambiental-ejecutivo\\\/#primaryimage\"},\"image\":{\"@id\":\"https:\\\/\\\/mineriayproyectos.com\\\/mineria\\\/2026\\\/09\\\/04\\\/cip-lima-certificacion-ambiental-ejecutivo\\\/#primaryimage\"},\"thumbnailUrl\":\"https:\\\/\\\/mineriayproyectos.com\\\/wp-content\\\/uploads\\\/2026\\\/09\\\/cip-lima-certificacion-ambiental-ejecutivo.jpg\",\"datePublished\":\"2026-09-04T22:15:52+00:00\",\"dateModified\":\"2026-09-04T22:17:17+00:00\",\"author\":{\"@id\":\"https:\\\/\\\/mineriayproyectos.com\\\/#\\\/schema\\\/person\\\/7cb1f3c671dfa5f49d443f8a000667d7\"},\"description\":\"CIP Lima expres\u00f3 preocupaci\u00f3n por medidas ambientales del Ejecutivo y propuso una Mesa T\u00e9cnica para agilizar procesos sin reducir est\u00e1ndares.\",\"breadcrumb\":{\"@id\":\"https:\\\/\\\/mineriayproyectos.com\\\/mineria\\\/2026\\\/09\\\/04\\\/cip-lima-certificacion-ambiental-ejecutivo\\\/#breadcrumb\"},\"inLanguage\":\"en-US\",\"potentialAction\":[{\"@type\":\"ReadAction\",\"target\":[\"https:\\\/\\\/mineriayproyectos.com\\\/mineria\\\/2026\\\/09\\\/04\\\/cip-lima-certificacion-ambiental-ejecutivo\\\/\"]}]},{\"@type\":\"ImageObject\",\"inLanguage\":\"en-US\",\"@id\":\"https:\\\/\\\/mineriayproyectos.com\\\/mineria\\\/2026\\\/09\\\/04\\\/cip-lima-certificacion-ambiental-ejecutivo\\\/#primaryimage\",\"url\":\"https:\\\/\\\/mineriayproyectos.com\\\/wp-content\\\/uploads\\\/2026\\\/09\\\/cip-lima-certificacion-ambiental-ejecutivo.jpg\",\"contentUrl\":\"https:\\\/\\\/mineriayproyectos.com\\\/wp-content\\\/uploads\\\/2026\\\/09\\\/cip-lima-certificacion-ambiental-ejecutivo.jpg\",\"width\":1920,\"height\":1080,\"caption\":\"El CIP Lima plante\u00f3 conformar una Mesa T\u00e9cnica de Trabajo para analizar las medidas ambientales propuestas por el Ejecutivo y agilizar procedimientos sin reducir est\u00e1ndares t\u00e9cnicos.\"},{\"@type\":\"BreadcrumbList\",\"@id\":\"https:\\\/\\\/mineriayproyectos.com\\\/mineria\\\/2026\\\/09\\\/04\\\/cip-lima-certificacion-ambiental-ejecutivo\\\/#breadcrumb\",\"itemListElement\":[{\"@type\":\"ListItem\",\"position\":1,\"name\":\"Portada\",\"item\":\"https:\\\/\\\/mineriayproyectos.com\\\/\"},{\"@type\":\"ListItem\",\"position\":2,\"name\":\"CIP Lima expresa preocupaci\u00f3n por medidas del Ejecutivo en materia ambiental\"}]},{\"@type\":\"WebSite\",\"@id\":\"https:\\\/\\\/mineriayproyectos.com\\\/#website\",\"url\":\"https:\\\/\\\/mineriayproyectos.com\\\/\",\"name\":\"Miner\u00eda y Proyectos\",\"description\":\"\",\"potentialAction\":[{\"@type\":\"SearchAction\",\"target\":{\"@type\":\"EntryPoint\",\"urlTemplate\":\"https:\\\/\\\/mineriayproyectos.com\\\/?s={search_term_string}\"},\"query-input\":{\"@type\":\"PropertyValueSpecification\",\"valueRequired\":true,\"valueName\":\"search_term_string\"}}],\"inLanguage\":\"en-US\"},{\"@type\":\"Person\",\"@id\":\"https:\\\/\\\/mineriayproyectos.com\\\/#\\\/schema\\\/person\\\/7cb1f3c671dfa5f49d443f8a000667d7\",\"name\":\"Antonio Buendia\",\"image\":{\"@type\":\"ImageObject\",\"inLanguage\":\"en-US\",\"@id\":\"https:\\\/\\\/secure.gravatar.com\\\/avatar\\\/42a5a9c8c30dcb55508ba88f85b75cf86c0818b2c6f4da455d7a3cdfc2374e18?s=96&d=mm&r=g\",\"url\":\"https:\\\/\\\/secure.gravatar.com\\\/avatar\\\/42a5a9c8c30dcb55508ba88f85b75cf86c0818b2c6f4da455d7a3cdfc2374e18?s=96&d=mm&r=g\",\"contentUrl\":\"https:\\\/\\\/secure.gravatar.com\\\/avatar\\\/42a5a9c8c30dcb55508ba88f85b75cf86c0818b2c6f4da455d7a3cdfc2374e18?s=96&d=mm&r=g\",\"caption\":\"Antonio Buendia\"},\"url\":\"https:\\\/\\\/mineriayproyectos.com\\\/en\\\/author\\\/antonio-minypro\\\/\"}]}<\/script>\n<!-- \/ Yoast SEO plugin. -->","yoast_head_json":{"title":"CIP Lima expresa preocupaci\u00f3n por medidas del Ejecutivo en materia ambiental - Miner\u00eda y Proyectos","description":"CIP Lima expres\u00f3 preocupaci\u00f3n por medidas ambientales del Ejecutivo y propuso una Mesa T\u00e9cnica para agilizar procesos sin reducir est\u00e1ndares.","robots":{"index":"index","follow":"follow","max-snippet":"max-snippet:-1","max-image-preview":"max-image-preview:large","max-video-preview":"max-video-preview:-1"},"canonical":"https:\/\/mineriayproyectos.com\/en\/mineria\/2026\/09\/04\/cip-lima-certificacion-ambiental-ejecutivo\/","og_locale":"en_US","og_type":"article","og_title":"CIP Lima expresa preocupaci\u00f3n por medidas del Ejecutivo en materia ambiental - Miner\u00eda y Proyectos","og_description":"CIP Lima expres\u00f3 preocupaci\u00f3n por medidas ambientales del Ejecutivo y propuso una Mesa T\u00e9cnica para agilizar procesos sin reducir est\u00e1ndares.","og_url":"https:\/\/mineriayproyectos.com\/en\/mineria\/2026\/09\/04\/cip-lima-certificacion-ambiental-ejecutivo\/","og_site_name":"Miner\u00eda y Proyectos","article_published_time":"2026-09-04T22:15:52+00:00","article_modified_time":"2026-09-04T22:17:17+00:00","og_image":[{"width":1920,"height":1080,"url":"https:\/\/mineriayproyectos.com\/wp-content\/uploads\/2026\/09\/cip-lima-certificacion-ambiental-ejecutivo.jpg","type":"image\/jpeg"}],"author":"Antonio Buendia","twitter_card":"summary_large_image","twitter_misc":{"Written by":"Antonio Buendia","Est. reading time":"3 minutes"},"schema":{"@context":"https:\/\/schema.org","@graph":[{"@type":"Article","@id":"https:\/\/mineriayproyectos.com\/mineria\/2026\/09\/04\/cip-lima-certificacion-ambiental-ejecutivo\/#article","isPartOf":{"@id":"https:\/\/mineriayproyectos.com\/mineria\/2026\/09\/04\/cip-lima-certificacion-ambiental-ejecutivo\/"},"author":{"name":"Antonio Buendia","@id":"https:\/\/mineriayproyectos.com\/#\/schema\/person\/7cb1f3c671dfa5f49d443f8a000667d7"},"headline":"CIP Lima expresa preocupaci\u00f3n por medidas del Ejecutivo en materia ambiental","datePublished":"2026-09-04T22:15:52+00:00","dateModified":"2026-09-04T22:17:17+00:00","mainEntityOfPage":{"@id":"https:\/\/mineriayproyectos.com\/mineria\/2026\/09\/04\/cip-lima-certificacion-ambiental-ejecutivo\/"},"wordCount":450,"commentCount":0,"image":{"@id":"https:\/\/mineriayproyectos.com\/mineria\/2026\/09\/04\/cip-lima-certificacion-ambiental-ejecutivo\/#primaryimage"},"thumbnailUrl":"https:\/\/mineriayproyectos.com\/wp-content\/uploads\/2026\/09\/cip-lima-certificacion-ambiental-ejecutivo.jpg","keywords":["CIP Lima"],"articleSection":["Miner\u00eda"],"inLanguage":"en-US","potentialAction":[{"@type":"CommentAction","name":"Comment","target":["https:\/\/mineriayproyectos.com\/mineria\/2026\/09\/04\/cip-lima-certificacion-ambiental-ejecutivo\/#respond"]}]},{"@type":"WebPage","@id":"https:\/\/mineriayproyectos.com\/mineria\/2026\/09\/04\/cip-lima-certificacion-ambiental-ejecutivo\/","url":"https:\/\/mineriayproyectos.com\/mineria\/2026\/09\/04\/cip-lima-certificacion-ambiental-ejecutivo\/","name":"CIP Lima expresa preocupaci\u00f3n por medidas del Ejecutivo en materia ambiental - Miner\u00eda y Proyectos","isPartOf":{"@id":"https:\/\/mineriayproyectos.com\/#website"},"primaryImageOfPage":{"@id":"https:\/\/mineriayproyectos.com\/mineria\/2026\/09\/04\/cip-lima-certificacion-ambiental-ejecutivo\/#primaryimage"},"image":{"@id":"https:\/\/mineriayproyectos.com\/mineria\/2026\/09\/04\/cip-lima-certificacion-ambiental-ejecutivo\/#primaryimage"},"thumbnailUrl":"https:\/\/mineriayproyectos.com\/wp-content\/uploads\/2026\/09\/cip-lima-certificacion-ambiental-ejecutivo.jpg","datePublished":"2026-09-04T22:15:52+00:00","dateModified":"2026-09-04T22:17:17+00:00","author":{"@id":"https:\/\/mineriayproyectos.com\/#\/schema\/person\/7cb1f3c671dfa5f49d443f8a000667d7"},"description":"CIP Lima expres\u00f3 preocupaci\u00f3n por medidas ambientales del Ejecutivo y propuso una Mesa T\u00e9cnica para agilizar procesos sin reducir est\u00e1ndares.","breadcrumb":{"@id":"https:\/\/mineriayproyectos.com\/mineria\/2026\/09\/04\/cip-lima-certificacion-ambiental-ejecutivo\/#breadcrumb"},"inLanguage":"en-US","potentialAction":[{"@type":"ReadAction","target":["https:\/\/mineriayproyectos.com\/mineria\/2026\/09\/04\/cip-lima-certificacion-ambiental-ejecutivo\/"]}]},{"@type":"ImageObject","inLanguage":"en-US","@id":"https:\/\/mineriayproyectos.com\/mineria\/2026\/09\/04\/cip-lima-certificacion-ambiental-ejecutivo\/#primaryimage","url":"https:\/\/mineriayproyectos.com\/wp-content\/uploads\/2026\/09\/cip-lima-certificacion-ambiental-ejecutivo.jpg","contentUrl":"https:\/\/mineriayproyectos.com\/wp-content\/uploads\/2026\/09\/cip-lima-certificacion-ambiental-ejecutivo.jpg","width":1920,"height":1080,"caption":"El CIP Lima plante\u00f3 conformar una Mesa T\u00e9cnica de Trabajo para analizar las medidas ambientales propuestas por el Ejecutivo y agilizar procedimientos sin reducir est\u00e1ndares t\u00e9cnicos."},{"@type":"BreadcrumbList","@id":"https:\/\/mineriayproyectos.com\/mineria\/2026\/09\/04\/cip-lima-certificacion-ambiental-ejecutivo\/#breadcrumb","itemListElement":[{"@type":"ListItem","position":1,"name":"Portada","item":"https:\/\/mineriayproyectos.com\/"},{"@type":"ListItem","position":2,"name":"CIP Lima expresa preocupaci\u00f3n por medidas del Ejecutivo en materia ambiental"}]},{"@type":"WebSite","@id":"https:\/\/mineriayproyectos.com\/#website","url":"https:\/\/mineriayproyectos.com\/","name":"Mining and Projects","description":"","potentialAction":[{"@type":"SearchAction","target":{"@type":"EntryPoint","urlTemplate":"https:\/\/mineriayproyectos.com\/?s={search_term_string}"},"query-input":{"@type":"PropertyValueSpecification","valueRequired":true,"valueName":"search_term_string"}}],"inLanguage":"en-US"},{"@type":"Person","@id":"https:\/\/mineriayproyectos.com\/#\/schema\/person\/7cb1f3c671dfa5f49d443f8a000667d7","name":"Antonio Buendia","image":{"@type":"ImageObject","inLanguage":"en-US","@id":"https:\/\/secure.gravatar.com\/avatar\/42a5a9c8c30dcb55508ba88f85b75cf86c0818b2c6f4da455d7a3cdfc2374e18?s=96&d=mm&r=g","url":"https:\/\/secure.gravatar.com\/avatar\/42a5a9c8c30dcb55508ba88f85b75cf86c0818b2c6f4da455d7a3cdfc2374e18?s=96&d=mm&r=g","contentUrl":"https:\/\/secure.gravatar.com\/avatar\/42a5a9c8c30dcb55508ba88f85b75cf86c0818b2c6f4da455d7a3cdfc2374e18?s=96&d=mm&r=g","caption":"Antonio Buendia"},"url":"https:\/\/mineriayproyectos.com\/en\/author\/antonio-minypro\/"}]}},"_links":{"self":[{"href":"https:\/\/mineriayproyectos.com\/en\/wp-json\/wp\/v2\/posts\/31367","targetHints":{"allow":["GET"]}}],"collection":[{"href":"https:\/\/mineriayproyectos.com\/en\/wp-json\/wp\/v2\/posts"}],"about":[{"href":"https:\/\/mineriayproyectos.com\/en\/wp-json\/wp\/v2\/types\/post"}],"author":[{"embeddable":true,"href":"https:\/\/mineriayproyectos.com\/en\/wp-json\/wp\/v2\/users\/3"}],"replies":[{"embeddable":true,"href":"https:\/\/mineriayproyectos.com\/en\/wp-json\/wp\/v2\/comments?post=31367"}],"version-history":[{"count":0,"href":"https:\/\/mineriayproyectos.com\/en\/wp-json\/wp\/v2\/posts\/31367\/revisions"}],"wp:featuredmedia":[{"embeddable":true,"href":"https:\/\/mineriayproyectos.com\/en\/wp-json\/wp\/v2\/media\/31368"}],"wp:attachment":[{"href":"https:\/\/mineriayproyectos.com\/en\/wp-json\/wp\/v2\/media?parent=31367"}],"wp:term":[{"taxonomy":"category","embeddable":true,"href":"https:\/\/mineriayproyectos.com\/en\/wp-json\/wp\/v2\/categories?post=31367"},{"taxonomy":"post_tag","embeddable":true,"href":"https:\/\/mineriayproyectos.com\/en\/wp-json\/wp\/v2\/tags?post=31367"}],"curies":[{"name":"wp","href":"https:\/\/api.w.org\/{rel}","templated":true}]}}