{"id":31364,"date":"2026-09-04T17:03:08","date_gmt":"2026-09-04T22:03:08","guid":{"rendered":"https:\/\/mineriayproyectos.com\/?p=31364"},"modified":"2026-09-04T17:03:09","modified_gmt":"2026-09-04T22:03:09","slug":"congreso-peruano-geologia-2026-prevencion-riesgos","status":"publish","type":"post","link":"https:\/\/mineriayproyectos.com\/en\/eventos\/2026\/09\/04\/congreso-peruano-geologia-2026-prevencion-riesgos\/","title":{"rendered":"Congreso Peruano de Geolog\u00eda 2026 plantear\u00e1 convertir riesgos naturales en oportunidades para el pa\u00eds"},"content":{"rendered":"<p class=\"wp-block-paragraph\">The <strong>Congreso Peruano de Geolog\u00eda 2026<\/strong> pondr\u00e1 en agenda el uso de las geociencias como una herramienta para anticipar fen\u00f3menos naturales, reducir sus impactos y mejorar la planificaci\u00f3n del territorio. El encuentro se realizar\u00e1 del <strong>16 al 18 de septiembre en Lima<\/strong>.<\/p>\n\n\n\n<p class=\"wp-block-paragraph\">En su edici\u00f3n XXIII, el evento es organizado por la <a href=\"https:\/\/www.sgp.org.pe\/\" type=\"link\" id=\"https:\/\/www.sgp.org.pe\/\">Sociedad Geol\u00f3gica del Per\u00fa (SGP)<\/a> y reunir\u00e1 a especialistas, investigadores, profesionales y representantes de distintas instituciones.<\/p>\n\n\n\n<p class=\"wp-block-paragraph\">Uno de los principales ejes ser\u00e1 la necesidad de pasar de una respuesta reactiva frente a desastres hacia una estrategia preventiva y de largo plazo.<\/p>\n\n\n\n<h3 class=\"wp-block-heading\"><strong>Congreso Peruano de Geolog\u00eda 2026 abordar\u00e1 riesgos naturales<\/strong><\/h3>\n\n\n\n<p class=\"wp-block-paragraph\">C\u00e9sar Farf\u00e1n, presidente del <strong>XXIII Congreso Peruano de Geolog\u00eda 2026<\/strong>, se\u00f1al\u00f3 que fen\u00f3menos recurrentes como <strong>El Ni\u00f1o<\/strong> requieren pol\u00edticas permanentes que permitan anticipar sus efectos.<\/p>\n\n\n\n<p class=\"wp-block-paragraph\">El especialista explic\u00f3 que un evento fuerte puede generar lluvias intensas en el norte del pa\u00eds y elevar el riesgo de inundaciones. Sin embargo, sostuvo que estos episodios tambi\u00e9n pueden representar oportunidades.<\/p>\n\n\n\n<p class=\"wp-block-paragraph\">En ese sentido, plante\u00f3 desarrollar infraestructura que permita almacenar parte del agua generada durante las lluvias y utilizarla posteriormente en periodos de sequ\u00eda.<\/p>\n\n\n\n<p class=\"wp-block-paragraph\">\u201cNosotros tambi\u00e9n podamos lograr almacenar ese gran volumen de agua y despu\u00e9s aprovecharla en \u00e9pocas en las que hay sequ\u00eda abundante en el norte del pa\u00eds\u201d, se\u00f1al\u00f3.<\/p>\n\n\n\n<h3 class=\"wp-block-heading\"><strong>Infraestructura deber\u00e1 prepararse para eventos extremos<\/strong><\/h3>\n\n\n\n<p class=\"wp-block-paragraph\">La preparaci\u00f3n de carreteras, puentes y otras infraestructuras tambi\u00e9n tendr\u00e1 un espacio dentro de la agenda.<\/p>\n\n\n\n<p class=\"wp-block-paragraph\">Farf\u00e1n advirti\u00f3 que las lluvias intensas pueden generar bloqueos de carreteras y da\u00f1os en puentes. Esto podr\u00eda dificultar el traslado de alimentos hacia Lima y otras ciudades de la costa.<\/p>\n\n\n\n<hr class=\"wp-block-separator has-alpha-channel-opacity\"\/>\n\n\n\n<div class=\"wp-block-media-text is-stacked-on-mobile\" style=\"grid-template-columns:35% auto\"><figure class=\"wp-block-media-text__media\"><img fetchpriority=\"high\" decoding=\"async\" width=\"1024\" height=\"576\" src=\"https:\/\/mineriayproyectos.com\/wp-content\/uploads\/2026\/09\/toromocho-chinalco-molino-bolas-mb2-1024x576.jpg\" alt=\"Toromocho inicia cambio del Molino de Bolas MB2 tras reemplazar el MB1\" class=\"wp-image-31360 size-full\" srcset=\"https:\/\/mineriayproyectos.com\/wp-content\/uploads\/2026\/09\/toromocho-chinalco-molino-bolas-mb2-1024x576.jpg 1024w, https:\/\/mineriayproyectos.com\/wp-content\/uploads\/2026\/09\/toromocho-chinalco-molino-bolas-mb2-300x169.jpg 300w, https:\/\/mineriayproyectos.com\/wp-content\/uploads\/2026\/09\/toromocho-chinalco-molino-bolas-mb2-768x432.jpg 768w, https:\/\/mineriayproyectos.com\/wp-content\/uploads\/2026\/09\/toromocho-chinalco-molino-bolas-mb2-1536x864.jpg 1536w, https:\/\/mineriayproyectos.com\/wp-content\/uploads\/2026\/09\/toromocho-chinalco-molino-bolas-mb2-18x10.jpg 18w, https:\/\/mineriayproyectos.com\/wp-content\/uploads\/2026\/09\/toromocho-chinalco-molino-bolas-mb2.jpg 1920w\" sizes=\"(max-width: 1024px) 100vw, 1024px\" \/><\/figure><div class=\"wp-block-media-text__content\">\n<p class=\"wp-block-paragraph\"><strong><em>Leer tambi\u00e9n \u25ba <a href=\"https:\/\/mineriayproyectos.com\/en\/mineria\/2026\/09\/04\/toromocho-chinalco-cambio-molino-bolas-mb2\/\">Toromocho: Minera Chinalco inicia cambio del Molino de Bolas MB2 tras reemplazar el MB1<\/a><\/em><\/strong><\/p>\n<\/div><\/div>\n\n\n\n<hr class=\"wp-block-separator has-alpha-channel-opacity\"\/>\n\n\n\n<p class=\"wp-block-paragraph\"><\/p>\n\n\n\n<p class=\"wp-block-paragraph\">Por ello, consider\u00f3 necesario fortalecer la capacidad de respuesta del Estado y contar con alternativas que permitan restablecer r\u00e1pidamente la conectividad.<\/p>\n\n\n\n<p class=\"wp-block-paragraph\">El objetivo es reducir las interrupciones prolongadas y evitar problemas de abastecimiento ante eventos clim\u00e1ticos extremos.<\/p>\n\n\n\n<h3 class=\"wp-block-heading\"><strong>Geociencias ayudar\u00e1n a identificar zonas vulnerables<\/strong><\/h3>\n\n\n\n<p class=\"wp-block-paragraph\">La prevenci\u00f3n frente a terremotos ser\u00e1 otro de los temas abordados durante el encuentro.<\/p>\n\n\n\n<p class=\"wp-block-paragraph\">Hernando Tavera, presidente ejecutivo del Instituto Geof\u00edsico del Per\u00fa (IGP), explic\u00f3 que evaluar la vulnerabilidad de una zona requiere analizar la calidad del suelo, las caracter\u00edsticas de las edificaciones, la morfolog\u00eda del territorio y la distribuci\u00f3n de la poblaci\u00f3n.<\/p>\n\n\n\n<p class=\"wp-block-paragraph\">En \u00e1reas con pendientes pronunciadas, un sismo puede provocar deslizamientos y desprendimientos de rocas.<\/p>\n\n\n\n<p class=\"wp-block-paragraph\">Estos fen\u00f3menos tambi\u00e9n pueden afectar zonas donde operan unidades mineras superficiales y subterr\u00e1neas. Tavera destac\u00f3 que diversas compa\u00f1\u00edas ya vienen implementando medidas de preparaci\u00f3n frente a estos escenarios.<\/p>\n\n\n\n<h3 class=\"wp-block-heading\"><strong>Prevenir antes que reconstruir<\/strong><\/h3>\n\n\n\n<p class=\"wp-block-paragraph\">La gesti\u00f3n preventiva tambi\u00e9n ser\u00e1 abordada por Juvenal Medina, presidente del Consejo Directivo de PREDES.<\/p>\n\n\n\n<p class=\"wp-block-paragraph\">Su participaci\u00f3n estar\u00e1 enfocada en la gesti\u00f3n prospectiva y correctiva del riesgo, as\u00ed como en la ocupaci\u00f3n de zonas vulnerables y la necesidad de fortalecer las capacidades t\u00e9cnicas de los gobiernos locales.<\/p>\n\n\n\n<p class=\"wp-block-paragraph\">El enfoque busca que el conocimiento geocient\u00edfico se traduzca en decisiones concretas antes de que ocurra una emergencia.<\/p>\n\n\n\n<p class=\"wp-block-paragraph\">De esta manera, la prevenci\u00f3n puede reducir da\u00f1os y disminuir posteriormente la necesidad de destinar mayores recursos a procesos de reconstrucci\u00f3n.<\/p>\n\n\n\n<h3 class=\"wp-block-heading\"><strong>Lima reunir\u00e1 a especialistas en geociencias<\/strong><\/h3>\n\n\n\n<p class=\"wp-block-paragraph\">The <strong>Congreso Peruano de Geolog\u00eda 2026<\/strong> proyecta reunir a representantes nacionales e internacionales durante sus tres d\u00edas de actividades.<\/p>\n\n\n\n<p class=\"wp-block-paragraph\">La organizaci\u00f3n prev\u00e9 contar con <strong>m\u00e1s de 40 m\u00f3dulos y espacios de exhibici\u00f3n<\/strong>, adem\u00e1s de la participaci\u00f3n de m\u00e1s de 30 organizaciones, empresas e instituciones vinculadas al sector.<\/p>\n\n\n\n<p class=\"wp-block-paragraph\">La agenda incluir\u00e1 temas como <strong>minerales cr\u00edticos, exploraci\u00f3n, inteligencia artificial, agua, infraestructura, cambio clim\u00e1tico y sostenibilidad<\/strong>.<\/p>\n\n\n\n<p class=\"wp-block-paragraph\">Con este programa, el encuentro buscar\u00e1 fortalecer la articulaci\u00f3n entre ciencia, innovaci\u00f3n y toma de decisiones, adem\u00e1s de posicionar a las geociencias como una herramienta para enfrentar los desaf\u00edos del territorio peruano.<\/p>","protected":false},"excerpt":{"rendered":"<p>El Congreso Peruano de Geolog\u00eda 2026 pondr\u00e1 en agenda el uso de las geociencias como una herramienta para anticipar fen\u00f3menos naturales, reducir sus impactos y mejorar la planificaci\u00f3n del territorio. El encuentro se realizar\u00e1 del 16 al 18 de septiembre en Lima. En su edici\u00f3n XXIII, el evento es organizado por la Sociedad Geol\u00f3gica del [&hellip;]<\/p>\n","protected":false},"author":3,"featured_media":31365,"comment_status":"open","ping_status":"open","sticky":false,"template":"","format":"standard","meta":{"footnotes":""},"categories":[236,10],"tags":[1200,1201],"class_list":["post-31364","post","type-post","status-publish","format-standard","has-post-thumbnail","hentry","category-eventos","category-mineria","tag-congreso-peruano-de-geologia-2026","tag-geologia"],"yoast_head":"<!-- This site is optimized with the Yoast SEO plugin v27.6 - https:\/\/yoast.com\/product\/yoast-seo-wordpress\/ -->\n<title>Congreso Peruano de Geolog\u00eda 2026 plantear\u00e1 convertir riesgos naturales en oportunidades para el pa\u00eds - Miner\u00eda y Proyectos<\/title>\n<meta name=\"description\" content=\"El Congreso Peruano de Geolog\u00eda 2026 abordar\u00e1 prevenci\u00f3n de riesgos, agua, infraestructura y geociencias del 16 al 18 de septiembre en Lima.\" \/>\n<meta name=\"robots\" content=\"index, follow, max-snippet:-1, max-image-preview:large, max-video-preview:-1\" \/>\n<link rel=\"canonical\" href=\"https:\/\/mineriayproyectos.com\/en\/eventos\/2026\/09\/04\/congreso-peruano-geologia-2026-prevencion-riesgos\/\" \/>\n<meta property=\"og:locale\" content=\"en_US\" \/>\n<meta property=\"og:type\" content=\"article\" \/>\n<meta property=\"og:title\" content=\"Congreso Peruano de Geolog\u00eda 2026 plantear\u00e1 convertir riesgos naturales en oportunidades para el pa\u00eds - Miner\u00eda y Proyectos\" \/>\n<meta property=\"og:description\" content=\"El Congreso Peruano de Geolog\u00eda 2026 abordar\u00e1 prevenci\u00f3n de riesgos, agua, infraestructura y geociencias del 16 al 18 de septiembre en Lima.\" \/>\n<meta property=\"og:url\" content=\"https:\/\/mineriayproyectos.com\/en\/eventos\/2026\/09\/04\/congreso-peruano-geologia-2026-prevencion-riesgos\/\" \/>\n<meta property=\"og:site_name\" content=\"Miner\u00eda y Proyectos\" \/>\n<meta property=\"article:published_time\" content=\"2026-09-04T22:03:08+00:00\" \/>\n<meta property=\"article:modified_time\" content=\"2026-09-04T22:03:09+00:00\" \/>\n<meta property=\"og:image\" content=\"https:\/\/mineriayproyectos.com\/wp-content\/uploads\/2026\/09\/congreso-peruano-geologia-2026-prevencion-riesgos.jpg\" \/>\n\t<meta property=\"og:image:width\" content=\"1920\" \/>\n\t<meta property=\"og:image:height\" content=\"1080\" \/>\n\t<meta property=\"og:image:type\" content=\"image\/jpeg\" \/>\n<meta name=\"author\" content=\"Antonio Buendia\" \/>\n<meta name=\"twitter:card\" content=\"summary_large_image\" \/>\n<meta name=\"twitter:label1\" content=\"Written by\" \/>\n\t<meta name=\"twitter:data1\" content=\"Antonio Buendia\" \/>\n\t<meta name=\"twitter:label2\" content=\"Est. reading time\" \/>\n\t<meta name=\"twitter:data2\" content=\"4 minutes\" \/>\n<script type=\"application\/ld+json\" class=\"yoast-schema-graph\">{\"@context\":\"https:\\\/\\\/schema.org\",\"@graph\":[{\"@type\":\"Article\",\"@id\":\"https:\\\/\\\/mineriayproyectos.com\\\/eventos\\\/2026\\\/09\\\/04\\\/congreso-peruano-geologia-2026-prevencion-riesgos\\\/#article\",\"isPartOf\":{\"@id\":\"https:\\\/\\\/mineriayproyectos.com\\\/eventos\\\/2026\\\/09\\\/04\\\/congreso-peruano-geologia-2026-prevencion-riesgos\\\/\"},\"author\":{\"name\":\"Antonio Buendia\",\"@id\":\"https:\\\/\\\/mineriayproyectos.com\\\/#\\\/schema\\\/person\\\/7cb1f3c671dfa5f49d443f8a000667d7\"},\"headline\":\"Congreso Peruano de Geolog\u00eda 2026 plantear\u00e1 convertir riesgos naturales en oportunidades para el pa\u00eds\",\"datePublished\":\"2026-09-04T22:03:08+00:00\",\"dateModified\":\"2026-09-04T22:03:09+00:00\",\"mainEntityOfPage\":{\"@id\":\"https:\\\/\\\/mineriayproyectos.com\\\/eventos\\\/2026\\\/09\\\/04\\\/congreso-peruano-geologia-2026-prevencion-riesgos\\\/\"},\"wordCount\":679,\"commentCount\":1,\"image\":{\"@id\":\"https:\\\/\\\/mineriayproyectos.com\\\/eventos\\\/2026\\\/09\\\/04\\\/congreso-peruano-geologia-2026-prevencion-riesgos\\\/#primaryimage\"},\"thumbnailUrl\":\"https:\\\/\\\/mineriayproyectos.com\\\/wp-content\\\/uploads\\\/2026\\\/09\\\/congreso-peruano-geologia-2026-prevencion-riesgos.jpg\",\"keywords\":[\"Congreso Peruano de Geolog\u00eda 2026\",\"Geolog\u00eda\"],\"articleSection\":[\"Eventos\",\"Miner\u00eda\"],\"inLanguage\":\"en-US\",\"potentialAction\":[{\"@type\":\"CommentAction\",\"name\":\"Comment\",\"target\":[\"https:\\\/\\\/mineriayproyectos.com\\\/eventos\\\/2026\\\/09\\\/04\\\/congreso-peruano-geologia-2026-prevencion-riesgos\\\/#respond\"]}]},{\"@type\":\"WebPage\",\"@id\":\"https:\\\/\\\/mineriayproyectos.com\\\/eventos\\\/2026\\\/09\\\/04\\\/congreso-peruano-geologia-2026-prevencion-riesgos\\\/\",\"url\":\"https:\\\/\\\/mineriayproyectos.com\\\/eventos\\\/2026\\\/09\\\/04\\\/congreso-peruano-geologia-2026-prevencion-riesgos\\\/\",\"name\":\"Congreso Peruano de Geolog\u00eda 2026 plantear\u00e1 convertir riesgos naturales en oportunidades para el pa\u00eds - Miner\u00eda y Proyectos\",\"isPartOf\":{\"@id\":\"https:\\\/\\\/mineriayproyectos.com\\\/#website\"},\"primaryImageOfPage\":{\"@id\":\"https:\\\/\\\/mineriayproyectos.com\\\/eventos\\\/2026\\\/09\\\/04\\\/congreso-peruano-geologia-2026-prevencion-riesgos\\\/#primaryimage\"},\"image\":{\"@id\":\"https:\\\/\\\/mineriayproyectos.com\\\/eventos\\\/2026\\\/09\\\/04\\\/congreso-peruano-geologia-2026-prevencion-riesgos\\\/#primaryimage\"},\"thumbnailUrl\":\"https:\\\/\\\/mineriayproyectos.com\\\/wp-content\\\/uploads\\\/2026\\\/09\\\/congreso-peruano-geologia-2026-prevencion-riesgos.jpg\",\"datePublished\":\"2026-09-04T22:03:08+00:00\",\"dateModified\":\"2026-09-04T22:03:09+00:00\",\"author\":{\"@id\":\"https:\\\/\\\/mineriayproyectos.com\\\/#\\\/schema\\\/person\\\/7cb1f3c671dfa5f49d443f8a000667d7\"},\"description\":\"El Congreso Peruano de Geolog\u00eda 2026 abordar\u00e1 prevenci\u00f3n de riesgos, agua, infraestructura y geociencias del 16 al 18 de septiembre en Lima.\",\"breadcrumb\":{\"@id\":\"https:\\\/\\\/mineriayproyectos.com\\\/eventos\\\/2026\\\/09\\\/04\\\/congreso-peruano-geologia-2026-prevencion-riesgos\\\/#breadcrumb\"},\"inLanguage\":\"en-US\",\"potentialAction\":[{\"@type\":\"ReadAction\",\"target\":[\"https:\\\/\\\/mineriayproyectos.com\\\/eventos\\\/2026\\\/09\\\/04\\\/congreso-peruano-geologia-2026-prevencion-riesgos\\\/\"]}]},{\"@type\":\"ImageObject\",\"inLanguage\":\"en-US\",\"@id\":\"https:\\\/\\\/mineriayproyectos.com\\\/eventos\\\/2026\\\/09\\\/04\\\/congreso-peruano-geologia-2026-prevencion-riesgos\\\/#primaryimage\",\"url\":\"https:\\\/\\\/mineriayproyectos.com\\\/wp-content\\\/uploads\\\/2026\\\/09\\\/congreso-peruano-geologia-2026-prevencion-riesgos.jpg\",\"contentUrl\":\"https:\\\/\\\/mineriayproyectos.com\\\/wp-content\\\/uploads\\\/2026\\\/09\\\/congreso-peruano-geologia-2026-prevencion-riesgos.jpg\",\"width\":1920,\"height\":1080,\"caption\":\"El Congreso Peruano de Geolog\u00eda 2026 se realizar\u00e1 del 16 al 18 de septiembre en Lima y abordar\u00e1 prevenci\u00f3n de riesgos, agua, infraestructura y geociencias.\"},{\"@type\":\"BreadcrumbList\",\"@id\":\"https:\\\/\\\/mineriayproyectos.com\\\/eventos\\\/2026\\\/09\\\/04\\\/congreso-peruano-geologia-2026-prevencion-riesgos\\\/#breadcrumb\",\"itemListElement\":[{\"@type\":\"ListItem\",\"position\":1,\"name\":\"Portada\",\"item\":\"https:\\\/\\\/mineriayproyectos.com\\\/\"},{\"@type\":\"ListItem\",\"position\":2,\"name\":\"Congreso Peruano de Geolog\u00eda 2026 plantear\u00e1 convertir riesgos naturales en oportunidades para el pa\u00eds\"}]},{\"@type\":\"WebSite\",\"@id\":\"https:\\\/\\\/mineriayproyectos.com\\\/#website\",\"url\":\"https:\\\/\\\/mineriayproyectos.com\\\/\",\"name\":\"Miner\u00eda y Proyectos\",\"description\":\"\",\"potentialAction\":[{\"@type\":\"SearchAction\",\"target\":{\"@type\":\"EntryPoint\",\"urlTemplate\":\"https:\\\/\\\/mineriayproyectos.com\\\/?s={search_term_string}\"},\"query-input\":{\"@type\":\"PropertyValueSpecification\",\"valueRequired\":true,\"valueName\":\"search_term_string\"}}],\"inLanguage\":\"en-US\"},{\"@type\":\"Person\",\"@id\":\"https:\\\/\\\/mineriayproyectos.com\\\/#\\\/schema\\\/person\\\/7cb1f3c671dfa5f49d443f8a000667d7\",\"name\":\"Antonio Buendia\",\"image\":{\"@type\":\"ImageObject\",\"inLanguage\":\"en-US\",\"@id\":\"https:\\\/\\\/secure.gravatar.com\\\/avatar\\\/42a5a9c8c30dcb55508ba88f85b75cf86c0818b2c6f4da455d7a3cdfc2374e18?s=96&d=mm&r=g\",\"url\":\"https:\\\/\\\/secure.gravatar.com\\\/avatar\\\/42a5a9c8c30dcb55508ba88f85b75cf86c0818b2c6f4da455d7a3cdfc2374e18?s=96&d=mm&r=g\",\"contentUrl\":\"https:\\\/\\\/secure.gravatar.com\\\/avatar\\\/42a5a9c8c30dcb55508ba88f85b75cf86c0818b2c6f4da455d7a3cdfc2374e18?s=96&d=mm&r=g\",\"caption\":\"Antonio Buendia\"},\"url\":\"https:\\\/\\\/mineriayproyectos.com\\\/en\\\/author\\\/antonio-minypro\\\/\"}]}<\/script>\n<!-- \/ Yoast SEO plugin. -->","yoast_head_json":{"title":"Congreso Peruano de Geolog\u00eda 2026 plantear\u00e1 convertir riesgos naturales en oportunidades para el pa\u00eds - Miner\u00eda y Proyectos","description":"El Congreso Peruano de Geolog\u00eda 2026 abordar\u00e1 prevenci\u00f3n de riesgos, agua, infraestructura y geociencias del 16 al 18 de septiembre en Lima.","robots":{"index":"index","follow":"follow","max-snippet":"max-snippet:-1","max-image-preview":"max-image-preview:large","max-video-preview":"max-video-preview:-1"},"canonical":"https:\/\/mineriayproyectos.com\/en\/eventos\/2026\/09\/04\/congreso-peruano-geologia-2026-prevencion-riesgos\/","og_locale":"en_US","og_type":"article","og_title":"Congreso Peruano de Geolog\u00eda 2026 plantear\u00e1 convertir riesgos naturales en oportunidades para el pa\u00eds - Miner\u00eda y Proyectos","og_description":"El Congreso Peruano de Geolog\u00eda 2026 abordar\u00e1 prevenci\u00f3n de riesgos, agua, infraestructura y geociencias del 16 al 18 de septiembre en Lima.","og_url":"https:\/\/mineriayproyectos.com\/en\/eventos\/2026\/09\/04\/congreso-peruano-geologia-2026-prevencion-riesgos\/","og_site_name":"Miner\u00eda y Proyectos","article_published_time":"2026-09-04T22:03:08+00:00","article_modified_time":"2026-09-04T22:03:09+00:00","og_image":[{"width":1920,"height":1080,"url":"https:\/\/mineriayproyectos.com\/wp-content\/uploads\/2026\/09\/congreso-peruano-geologia-2026-prevencion-riesgos.jpg","type":"image\/jpeg"}],"author":"Antonio Buendia","twitter_card":"summary_large_image","twitter_misc":{"Written by":"Antonio Buendia","Est. reading time":"4 minutes"},"schema":{"@context":"https:\/\/schema.org","@graph":[{"@type":"Article","@id":"https:\/\/mineriayproyectos.com\/eventos\/2026\/09\/04\/congreso-peruano-geologia-2026-prevencion-riesgos\/#article","isPartOf":{"@id":"https:\/\/mineriayproyectos.com\/eventos\/2026\/09\/04\/congreso-peruano-geologia-2026-prevencion-riesgos\/"},"author":{"name":"Antonio Buendia","@id":"https:\/\/mineriayproyectos.com\/#\/schema\/person\/7cb1f3c671dfa5f49d443f8a000667d7"},"headline":"Congreso Peruano de Geolog\u00eda 2026 plantear\u00e1 convertir riesgos naturales en oportunidades para el pa\u00eds","datePublished":"2026-09-04T22:03:08+00:00","dateModified":"2026-09-04T22:03:09+00:00","mainEntityOfPage":{"@id":"https:\/\/mineriayproyectos.com\/eventos\/2026\/09\/04\/congreso-peruano-geologia-2026-prevencion-riesgos\/"},"wordCount":679,"commentCount":1,"image":{"@id":"https:\/\/mineriayproyectos.com\/eventos\/2026\/09\/04\/congreso-peruano-geologia-2026-prevencion-riesgos\/#primaryimage"},"thumbnailUrl":"https:\/\/mineriayproyectos.com\/wp-content\/uploads\/2026\/09\/congreso-peruano-geologia-2026-prevencion-riesgos.jpg","keywords":["Congreso Peruano de Geolog\u00eda 2026","Geolog\u00eda"],"articleSection":["Eventos","Miner\u00eda"],"inLanguage":"en-US","potentialAction":[{"@type":"CommentAction","name":"Comment","target":["https:\/\/mineriayproyectos.com\/eventos\/2026\/09\/04\/congreso-peruano-geologia-2026-prevencion-riesgos\/#respond"]}]},{"@type":"WebPage","@id":"https:\/\/mineriayproyectos.com\/eventos\/2026\/09\/04\/congreso-peruano-geologia-2026-prevencion-riesgos\/","url":"https:\/\/mineriayproyectos.com\/eventos\/2026\/09\/04\/congreso-peruano-geologia-2026-prevencion-riesgos\/","name":"Congreso Peruano de Geolog\u00eda 2026 plantear\u00e1 convertir riesgos naturales en oportunidades para el pa\u00eds - Miner\u00eda y Proyectos","isPartOf":{"@id":"https:\/\/mineriayproyectos.com\/#website"},"primaryImageOfPage":{"@id":"https:\/\/mineriayproyectos.com\/eventos\/2026\/09\/04\/congreso-peruano-geologia-2026-prevencion-riesgos\/#primaryimage"},"image":{"@id":"https:\/\/mineriayproyectos.com\/eventos\/2026\/09\/04\/congreso-peruano-geologia-2026-prevencion-riesgos\/#primaryimage"},"thumbnailUrl":"https:\/\/mineriayproyectos.com\/wp-content\/uploads\/2026\/09\/congreso-peruano-geologia-2026-prevencion-riesgos.jpg","datePublished":"2026-09-04T22:03:08+00:00","dateModified":"2026-09-04T22:03:09+00:00","author":{"@id":"https:\/\/mineriayproyectos.com\/#\/schema\/person\/7cb1f3c671dfa5f49d443f8a000667d7"},"description":"El Congreso Peruano de Geolog\u00eda 2026 abordar\u00e1 prevenci\u00f3n de riesgos, agua, infraestructura y geociencias del 16 al 18 de septiembre en Lima.","breadcrumb":{"@id":"https:\/\/mineriayproyectos.com\/eventos\/2026\/09\/04\/congreso-peruano-geologia-2026-prevencion-riesgos\/#breadcrumb"},"inLanguage":"en-US","potentialAction":[{"@type":"ReadAction","target":["https:\/\/mineriayproyectos.com\/eventos\/2026\/09\/04\/congreso-peruano-geologia-2026-prevencion-riesgos\/"]}]},{"@type":"ImageObject","inLanguage":"en-US","@id":"https:\/\/mineriayproyectos.com\/eventos\/2026\/09\/04\/congreso-peruano-geologia-2026-prevencion-riesgos\/#primaryimage","url":"https:\/\/mineriayproyectos.com\/wp-content\/uploads\/2026\/09\/congreso-peruano-geologia-2026-prevencion-riesgos.jpg","contentUrl":"https:\/\/mineriayproyectos.com\/wp-content\/uploads\/2026\/09\/congreso-peruano-geologia-2026-prevencion-riesgos.jpg","width":1920,"height":1080,"caption":"El Congreso Peruano de Geolog\u00eda 2026 se realizar\u00e1 del 16 al 18 de septiembre en Lima y abordar\u00e1 prevenci\u00f3n de riesgos, agua, infraestructura y geociencias."},{"@type":"BreadcrumbList","@id":"https:\/\/mineriayproyectos.com\/eventos\/2026\/09\/04\/congreso-peruano-geologia-2026-prevencion-riesgos\/#breadcrumb","itemListElement":[{"@type":"ListItem","position":1,"name":"Portada","item":"https:\/\/mineriayproyectos.com\/"},{"@type":"ListItem","position":2,"name":"Congreso Peruano de Geolog\u00eda 2026 plantear\u00e1 convertir riesgos naturales en oportunidades para el pa\u00eds"}]},{"@type":"WebSite","@id":"https:\/\/mineriayproyectos.com\/#website","url":"https:\/\/mineriayproyectos.com\/","name":"Mining and Projects","description":"","potentialAction":[{"@type":"SearchAction","target":{"@type":"EntryPoint","urlTemplate":"https:\/\/mineriayproyectos.com\/?s={search_term_string}"},"query-input":{"@type":"PropertyValueSpecification","valueRequired":true,"valueName":"search_term_string"}}],"inLanguage":"en-US"},{"@type":"Person","@id":"https:\/\/mineriayproyectos.com\/#\/schema\/person\/7cb1f3c671dfa5f49d443f8a000667d7","name":"Antonio Buendia","image":{"@type":"ImageObject","inLanguage":"en-US","@id":"https:\/\/secure.gravatar.com\/avatar\/42a5a9c8c30dcb55508ba88f85b75cf86c0818b2c6f4da455d7a3cdfc2374e18?s=96&d=mm&r=g","url":"https:\/\/secure.gravatar.com\/avatar\/42a5a9c8c30dcb55508ba88f85b75cf86c0818b2c6f4da455d7a3cdfc2374e18?s=96&d=mm&r=g","contentUrl":"https:\/\/secure.gravatar.com\/avatar\/42a5a9c8c30dcb55508ba88f85b75cf86c0818b2c6f4da455d7a3cdfc2374e18?s=96&d=mm&r=g","caption":"Antonio Buendia"},"url":"https:\/\/mineriayproyectos.com\/en\/author\/antonio-minypro\/"}]}},"_links":{"self":[{"href":"https:\/\/mineriayproyectos.com\/en\/wp-json\/wp\/v2\/posts\/31364","targetHints":{"allow":["GET"]}}],"collection":[{"href":"https:\/\/mineriayproyectos.com\/en\/wp-json\/wp\/v2\/posts"}],"about":[{"href":"https:\/\/mineriayproyectos.com\/en\/wp-json\/wp\/v2\/types\/post"}],"author":[{"embeddable":true,"href":"https:\/\/mineriayproyectos.com\/en\/wp-json\/wp\/v2\/users\/3"}],"replies":[{"embeddable":true,"href":"https:\/\/mineriayproyectos.com\/en\/wp-json\/wp\/v2\/comments?post=31364"}],"version-history":[{"count":0,"href":"https:\/\/mineriayproyectos.com\/en\/wp-json\/wp\/v2\/posts\/31364\/revisions"}],"wp:featuredmedia":[{"embeddable":true,"href":"https:\/\/mineriayproyectos.com\/en\/wp-json\/wp\/v2\/media\/31365"}],"wp:attachment":[{"href":"https:\/\/mineriayproyectos.com\/en\/wp-json\/wp\/v2\/media?parent=31364"}],"wp:term":[{"taxonomy":"category","embeddable":true,"href":"https:\/\/mineriayproyectos.com\/en\/wp-json\/wp\/v2\/categories?post=31364"},{"taxonomy":"post_tag","embeddable":true,"href":"https:\/\/mineriayproyectos.com\/en\/wp-json\/wp\/v2\/tags?post=31364"}],"curies":[{"name":"wp","href":"https:\/\/api.w.org\/{rel}","templated":true}]}}