{"id":31356,"date":"2026-09-04T12:37:19","date_gmt":"2026-09-04T17:37:19","guid":{"rendered":"https:\/\/mineriayproyectos.com\/?p=31356"},"modified":"2026-09-04T12:37:21","modified_gmt":"2026-09-04T17:37:21","slug":"medidores-inteligentes-modernizacion-electrica-peru","status":"publish","type":"post","link":"https:\/\/mineriayproyectos.com\/en\/energia\/electricidad\/2026\/09\/04\/medidores-inteligentes-modernizacion-electrica-peru\/","title":{"rendered":"Per\u00fa tiene 8 millones de medidores y a\u00fan no concreta su salto hacia la medici\u00f3n inteligente"},"content":{"rendered":"<p class=\"wp-block-paragraph\">Los <strong>medidores inteligentes<\/strong> se perfilan como una herramienta clave para modernizar la distribuci\u00f3n el\u00e9ctrica en el Per\u00fa, donde existen aproximadamente <strong>ocho millones de medidores<\/strong>. Sin embargo, la falta de incentivos y definiciones regulatorias estar\u00eda retrasando su implementaci\u00f3n a mayor escala.<\/p>\n\n\n\n<p class=\"wp-block-paragraph\">El tema fue abordado durante el panel \u201cRedes inteligentes y medici\u00f3n digitalizada en la distribuci\u00f3n el\u00e9ctrica\u201d, realizado en el marco del <a href=\"https:\/\/smartenergysummit.com\/\" type=\"link\" id=\"https:\/\/smartenergysummit.com\/\">Smart Energy Summit<\/a>. Representantes de Pluz Energ\u00eda, Luz del Sur y Distriluz coincidieron en que el principal desaf\u00edo ya no es demostrar que la tecnolog\u00eda funciona, sino crear las condiciones necesarias para desplegarla de forma masiva.<\/p>\n\n\n\n<h3 class=\"wp-block-heading\"><strong>Medidores inteligentes mejorar\u00edan la calidad del servicio<\/strong><\/h3>\n\n\n\n<p class=\"wp-block-paragraph\">Javier Muro, gerente comercial de <a href=\"https:\/\/mineriayproyectos.com\/en\/energia\/2025\/08\/04\/pluz-energia-pone-en-servicio-nuevo-transformador-para-el-beneficio-de-20000-clientes-en-lima-norte\/\" type=\"link\" id=\"https:\/\/mineriayproyectos.com\/energia\/2025\/08\/04\/pluz-energia-pone-en-servicio-nuevo-transformador-para-el-beneficio-de-20000-clientes-en-lima-norte\/\">Pluz Energ\u00eda<\/a>, se\u00f1al\u00f3 que la digitalizaci\u00f3n debe convertirse en un acelerador de la confiabilidad y calidad del servicio el\u00e9ctrico.<\/p>\n\n\n\n<p class=\"wp-block-paragraph\">Seg\u00fan explic\u00f3, los <strong>medidores inteligentes<\/strong> permitir\u00edan conocer el consumo pr\u00e1cticamente en tiempo real, reducir errores asociados a las lecturas manuales y detectar interrupciones de manera autom\u00e1tica.<\/p>\n\n\n\n<p class=\"wp-block-paragraph\">Tambi\u00e9n facilitar\u00edan la aplicaci\u00f3n de tarifas diferenciadas por horario. De esta manera, los usuarios podr\u00edan contar con mayor informaci\u00f3n para gestionar su consumo el\u00e9ctrico.<\/p>\n\n\n\n<p class=\"wp-block-paragraph\">\u201cNo podemos seguir dorando la p\u00edldora con pilotos. Creo que hay que ser firmes en c\u00f3mo es que avanzamos en esto\u201d, afirm\u00f3 Muro.<\/p>\n\n\n\n<p class=\"wp-block-paragraph\">El ejecutivo record\u00f3 que desde 2016 ya se planteaba un horizonte de ocho a\u00f1os para avanzar con esta transformaci\u00f3n tecnol\u00f3gica.<\/p>\n\n\n\n<h3 class=\"wp-block-heading\"><strong>Regulaci\u00f3n aparece como una de las principales barreras<\/strong><\/h3>\n\n\n\n<p class=\"wp-block-paragraph\">Mario Gonzales, gerente general de Luz del Sur, sostuvo que el actual modelo regulatorio representa uno de los principales obst\u00e1culos para acelerar la modernizaci\u00f3n de las redes el\u00e9ctricas.<\/p>\n\n\n\n<p class=\"wp-block-paragraph\">De acuerdo con el ejecutivo, el esquema vigente no incorpora adecuadamente la velocidad del cambio tecnol\u00f3gico ni genera suficientes incentivos para mejorar la calidad del servicio mediante nuevas herramientas.<\/p>\n\n\n\n<hr class=\"wp-block-separator has-alpha-channel-opacity\"\/>\n\n\n\n<div class=\"wp-block-media-text is-stacked-on-mobile\" style=\"grid-template-columns:35% auto\"><figure class=\"wp-block-media-text__media\"><img fetchpriority=\"high\" decoding=\"async\" width=\"1024\" height=\"576\" src=\"https:\/\/mineriayproyectos.com\/wp-content\/uploads\/2026\/09\/generacion-transmision-electrica-peru-2036-1024x576.jpg\" alt=\"Generaci\u00f3n y transmisi\u00f3n el\u00e9ctrica en Per\u00fa proyecta inversiones por m\u00e1s de US$ 9,500 millones al 2036\" class=\"wp-image-31328 size-full\" srcset=\"https:\/\/mineriayproyectos.com\/wp-content\/uploads\/2026\/09\/generacion-transmision-electrica-peru-2036-1024x576.jpg 1024w, https:\/\/mineriayproyectos.com\/wp-content\/uploads\/2026\/09\/generacion-transmision-electrica-peru-2036-300x169.jpg 300w, https:\/\/mineriayproyectos.com\/wp-content\/uploads\/2026\/09\/generacion-transmision-electrica-peru-2036-768x432.jpg 768w, https:\/\/mineriayproyectos.com\/wp-content\/uploads\/2026\/09\/generacion-transmision-electrica-peru-2036-1536x864.jpg 1536w, https:\/\/mineriayproyectos.com\/wp-content\/uploads\/2026\/09\/generacion-transmision-electrica-peru-2036-18x10.jpg 18w, https:\/\/mineriayproyectos.com\/wp-content\/uploads\/2026\/09\/generacion-transmision-electrica-peru-2036.jpg 1920w\" sizes=\"(max-width: 1024px) 100vw, 1024px\" \/><\/figure><div class=\"wp-block-media-text__content\">\n<p class=\"wp-block-paragraph\"><strong><em>Leer tambi\u00e9n \u25ba <a href=\"https:\/\/mineriayproyectos.com\/en\/energia\/2026\/09\/03\/generacion-transmision-electrica-peru-2036\/\">Per\u00fa proyecta m\u00e1s de US$ 9,500 millones en generaci\u00f3n y transmisi\u00f3n el\u00e9ctrica al 2036<\/a><\/em><\/strong><\/p>\n<\/div><\/div>\n\n\n\n<hr class=\"wp-block-separator has-alpha-channel-opacity\"\/>\n\n\n\n<p class=\"wp-block-paragraph\"><\/p>\n\n\n\n<p class=\"wp-block-paragraph\">Gonzales plante\u00f3 avanzar hacia modelos h\u00edbridos que relacionen la remuneraci\u00f3n de las empresas con objetivos concretos, como reducir la frecuencia y duraci\u00f3n de las interrupciones o mejorar la atenci\u00f3n de reclamos.<\/p>\n\n\n\n<p class=\"wp-block-paragraph\">Bajo este esquema, las distribuidoras podr\u00edan elegir e implementar las tecnolog\u00edas necesarias para alcanzar dichas metas.<\/p>\n\n\n\n<h3 class=\"wp-block-heading\"><strong>Medici\u00f3n inteligente generar\u00eda m\u00e1s de 100 mil datos al a\u00f1o<\/strong><\/h3>\n\n\n\n<p class=\"wp-block-paragraph\">La implementaci\u00f3n de <strong>medidores inteligentes<\/strong> tambi\u00e9n abrir\u00eda nuevas posibilidades para gestionar la informaci\u00f3n de las redes.<\/p>\n\n\n\n<p class=\"wp-block-paragraph\">Gonzales explic\u00f3 que, mientras un medidor tradicional genera una lectura mensual, un equipo inteligente puede producir <strong>m\u00e1s de 100 mil datos al a\u00f1o<\/strong>.<\/p>\n\n\n\n<p class=\"wp-block-paragraph\">Esta informaci\u00f3n incluye variables relacionadas con consumo, potencia y niveles de tensi\u00f3n. Su procesamiento permitir\u00eda optimizar las operaciones, reducir p\u00e9rdidas y anticipar futuras necesidades de expansi\u00f3n de las redes.<\/p>\n\n\n\n<h3 class=\"wp-block-heading\"><strong>Distriluz pide reconocer inversiones en innovaci\u00f3n<\/strong><\/h3>\n\n\n\n<p class=\"wp-block-paragraph\">Desde las empresas regionales, Nilton Olaz\u00e1bal, gerente general encargado de Distriluz, record\u00f3 que el pa\u00eds ya cuenta con una base normativa para avanzar en redes inteligentes.<\/p>\n\n\n\n<p class=\"wp-block-paragraph\">En 2023, el Ministerio de Energ\u00eda y Minas estableci\u00f3 una hoja de ruta mediante la Resoluci\u00f3n Ministerial 278. Sin embargo, Olaz\u00e1bal consider\u00f3 necesario avanzar en el reconocimiento de inversiones destinadas a innovaci\u00f3n tecnol\u00f3gica.<\/p>\n\n\n\n<p class=\"wp-block-paragraph\">Tambi\u00e9n destac\u00f3 la importancia de incorporar criterios relacionados con <strong>ciberseguridad, protecci\u00f3n de datos y educaci\u00f3n de los usuarios<\/strong>.<\/p>\n\n\n\n<p class=\"wp-block-paragraph\">El reto para el sector ser\u00e1 ahora generar incentivos econ\u00f3micos y regulatorios que permitan acelerar el despliegue de medidores inteligentes. Su implementaci\u00f3n podr\u00eda mejorar la calidad del servicio el\u00e9ctrico, generar eficiencias operativas y preparar las redes de distribuci\u00f3n para una demanda cada vez m\u00e1s digitalizada.<\/p>","protected":false},"excerpt":{"rendered":"<p>Los medidores inteligentes se perfilan como una herramienta clave para modernizar la distribuci\u00f3n el\u00e9ctrica en el Per\u00fa, donde existen aproximadamente ocho millones de medidores. Sin embargo, la falta de incentivos y definiciones regulatorias estar\u00eda retrasando su implementaci\u00f3n a mayor escala. El tema fue abordado durante el panel \u201cRedes inteligentes y medici\u00f3n digitalizada en la distribuci\u00f3n [&hellip;]<\/p>\n","protected":false},"author":3,"featured_media":31357,"comment_status":"open","ping_status":"open","sticky":false,"template":"","format":"standard","meta":{"footnotes":""},"categories":[1138],"tags":[91,1198],"class_list":["post-31356","post","type-post","status-publish","format-standard","has-post-thumbnail","hentry","category-electricidad","tag-electricidad","tag-medidores-inteligentes"],"yoast_head":"<!-- This site is optimized with the Yoast SEO plugin v27.6 - https:\/\/yoast.com\/product\/yoast-seo-wordpress\/ -->\n<title>Medidores inteligentes en Per\u00fa a\u00fan no despegan pese a 8 millones de equipos - Miner\u00eda y Proyectos<\/title>\n<meta name=\"description\" content=\"Los medidores inteligentes podr\u00edan modernizar la distribuci\u00f3n el\u00e9ctrica en Per\u00fa, pero su despliegue enfrenta barreras regulatorias e incentivos limitados.\" \/>\n<meta name=\"robots\" content=\"index, follow, max-snippet:-1, max-image-preview:large, max-video-preview:-1\" \/>\n<link rel=\"canonical\" href=\"https:\/\/mineriayproyectos.com\/en\/energia\/electricidad\/2026\/09\/04\/medidores-inteligentes-modernizacion-electrica-peru\/\" \/>\n<meta property=\"og:locale\" content=\"en_US\" \/>\n<meta property=\"og:type\" content=\"article\" \/>\n<meta property=\"og:title\" content=\"Medidores inteligentes en Per\u00fa a\u00fan no despegan pese a 8 millones de equipos - Miner\u00eda y Proyectos\" \/>\n<meta property=\"og:description\" content=\"Los medidores inteligentes podr\u00edan modernizar la distribuci\u00f3n el\u00e9ctrica en Per\u00fa, pero su despliegue enfrenta barreras regulatorias e incentivos limitados.\" \/>\n<meta property=\"og:url\" content=\"https:\/\/mineriayproyectos.com\/en\/energia\/electricidad\/2026\/09\/04\/medidores-inteligentes-modernizacion-electrica-peru\/\" \/>\n<meta property=\"og:site_name\" content=\"Miner\u00eda y Proyectos\" \/>\n<meta property=\"article:published_time\" content=\"2026-09-04T17:37:19+00:00\" \/>\n<meta property=\"article:modified_time\" content=\"2026-09-04T17:37:21+00:00\" \/>\n<meta property=\"og:image\" content=\"https:\/\/mineriayproyectos.com\/wp-content\/uploads\/2026\/09\/medicion-inteligente-peru-8-millones-medidores.jpg\" \/>\n\t<meta property=\"og:image:width\" content=\"1920\" \/>\n\t<meta property=\"og:image:height\" content=\"1080\" \/>\n\t<meta property=\"og:image:type\" content=\"image\/jpeg\" \/>\n<meta name=\"author\" content=\"Antonio Buendia\" \/>\n<meta name=\"twitter:card\" content=\"summary_large_image\" \/>\n<meta name=\"twitter:label1\" content=\"Written by\" \/>\n\t<meta name=\"twitter:data1\" content=\"Antonio Buendia\" \/>\n\t<meta name=\"twitter:label2\" content=\"Est. reading time\" \/>\n\t<meta name=\"twitter:data2\" content=\"3 minutes\" \/>\n<script type=\"application\/ld+json\" class=\"yoast-schema-graph\">{\"@context\":\"https:\\\/\\\/schema.org\",\"@graph\":[{\"@type\":\"Article\",\"@id\":\"https:\\\/\\\/mineriayproyectos.com\\\/energia\\\/electricidad\\\/2026\\\/09\\\/04\\\/medidores-inteligentes-modernizacion-electrica-peru\\\/#article\",\"isPartOf\":{\"@id\":\"https:\\\/\\\/mineriayproyectos.com\\\/energia\\\/electricidad\\\/2026\\\/09\\\/04\\\/medidores-inteligentes-modernizacion-electrica-peru\\\/\"},\"author\":{\"name\":\"Antonio Buendia\",\"@id\":\"https:\\\/\\\/mineriayproyectos.com\\\/#\\\/schema\\\/person\\\/7cb1f3c671dfa5f49d443f8a000667d7\"},\"headline\":\"Per\u00fa tiene 8 millones de medidores y a\u00fan no concreta su salto hacia la medici\u00f3n inteligente\",\"datePublished\":\"2026-09-04T17:37:19+00:00\",\"dateModified\":\"2026-09-04T17:37:21+00:00\",\"mainEntityOfPage\":{\"@id\":\"https:\\\/\\\/mineriayproyectos.com\\\/energia\\\/electricidad\\\/2026\\\/09\\\/04\\\/medidores-inteligentes-modernizacion-electrica-peru\\\/\"},\"wordCount\":643,\"commentCount\":0,\"image\":{\"@id\":\"https:\\\/\\\/mineriayproyectos.com\\\/energia\\\/electricidad\\\/2026\\\/09\\\/04\\\/medidores-inteligentes-modernizacion-electrica-peru\\\/#primaryimage\"},\"thumbnailUrl\":\"https:\\\/\\\/mineriayproyectos.com\\\/wp-content\\\/uploads\\\/2026\\\/09\\\/medicion-inteligente-peru-8-millones-medidores.jpg\",\"keywords\":[\"electricidad\",\"Medidores inteligentes\"],\"articleSection\":[\"Electricidad\"],\"inLanguage\":\"en-US\",\"potentialAction\":[{\"@type\":\"CommentAction\",\"name\":\"Comment\",\"target\":[\"https:\\\/\\\/mineriayproyectos.com\\\/energia\\\/electricidad\\\/2026\\\/09\\\/04\\\/medidores-inteligentes-modernizacion-electrica-peru\\\/#respond\"]}]},{\"@type\":\"WebPage\",\"@id\":\"https:\\\/\\\/mineriayproyectos.com\\\/energia\\\/electricidad\\\/2026\\\/09\\\/04\\\/medidores-inteligentes-modernizacion-electrica-peru\\\/\",\"url\":\"https:\\\/\\\/mineriayproyectos.com\\\/energia\\\/electricidad\\\/2026\\\/09\\\/04\\\/medidores-inteligentes-modernizacion-electrica-peru\\\/\",\"name\":\"Medidores inteligentes en Per\u00fa a\u00fan no despegan pese a 8 millones de equipos - Miner\u00eda y Proyectos\",\"isPartOf\":{\"@id\":\"https:\\\/\\\/mineriayproyectos.com\\\/#website\"},\"primaryImageOfPage\":{\"@id\":\"https:\\\/\\\/mineriayproyectos.com\\\/energia\\\/electricidad\\\/2026\\\/09\\\/04\\\/medidores-inteligentes-modernizacion-electrica-peru\\\/#primaryimage\"},\"image\":{\"@id\":\"https:\\\/\\\/mineriayproyectos.com\\\/energia\\\/electricidad\\\/2026\\\/09\\\/04\\\/medidores-inteligentes-modernizacion-electrica-peru\\\/#primaryimage\"},\"thumbnailUrl\":\"https:\\\/\\\/mineriayproyectos.com\\\/wp-content\\\/uploads\\\/2026\\\/09\\\/medicion-inteligente-peru-8-millones-medidores.jpg\",\"datePublished\":\"2026-09-04T17:37:19+00:00\",\"dateModified\":\"2026-09-04T17:37:21+00:00\",\"author\":{\"@id\":\"https:\\\/\\\/mineriayproyectos.com\\\/#\\\/schema\\\/person\\\/7cb1f3c671dfa5f49d443f8a000667d7\"},\"description\":\"Los medidores inteligentes podr\u00edan modernizar la distribuci\u00f3n el\u00e9ctrica en Per\u00fa, pero su despliegue enfrenta barreras regulatorias e incentivos limitados.\",\"breadcrumb\":{\"@id\":\"https:\\\/\\\/mineriayproyectos.com\\\/energia\\\/electricidad\\\/2026\\\/09\\\/04\\\/medidores-inteligentes-modernizacion-electrica-peru\\\/#breadcrumb\"},\"inLanguage\":\"en-US\",\"potentialAction\":[{\"@type\":\"ReadAction\",\"target\":[\"https:\\\/\\\/mineriayproyectos.com\\\/energia\\\/electricidad\\\/2026\\\/09\\\/04\\\/medidores-inteligentes-modernizacion-electrica-peru\\\/\"]}]},{\"@type\":\"ImageObject\",\"inLanguage\":\"en-US\",\"@id\":\"https:\\\/\\\/mineriayproyectos.com\\\/energia\\\/electricidad\\\/2026\\\/09\\\/04\\\/medidores-inteligentes-modernizacion-electrica-peru\\\/#primaryimage\",\"url\":\"https:\\\/\\\/mineriayproyectos.com\\\/wp-content\\\/uploads\\\/2026\\\/09\\\/medicion-inteligente-peru-8-millones-medidores.jpg\",\"contentUrl\":\"https:\\\/\\\/mineriayproyectos.com\\\/wp-content\\\/uploads\\\/2026\\\/09\\\/medicion-inteligente-peru-8-millones-medidores.jpg\",\"width\":1920,\"height\":1080,\"caption\":\"Per\u00fa cuenta con aproximadamente 8 millones de medidores el\u00e9ctricos, pero a\u00fan enfrenta barreras regulatorias para avanzar hacia la medici\u00f3n inteligente.\"},{\"@type\":\"BreadcrumbList\",\"@id\":\"https:\\\/\\\/mineriayproyectos.com\\\/energia\\\/electricidad\\\/2026\\\/09\\\/04\\\/medidores-inteligentes-modernizacion-electrica-peru\\\/#breadcrumb\",\"itemListElement\":[{\"@type\":\"ListItem\",\"position\":1,\"name\":\"Portada\",\"item\":\"https:\\\/\\\/mineriayproyectos.com\\\/\"},{\"@type\":\"ListItem\",\"position\":2,\"name\":\"Per\u00fa tiene 8 millones de medidores y a\u00fan no concreta su salto hacia la medici\u00f3n inteligente\"}]},{\"@type\":\"WebSite\",\"@id\":\"https:\\\/\\\/mineriayproyectos.com\\\/#website\",\"url\":\"https:\\\/\\\/mineriayproyectos.com\\\/\",\"name\":\"Miner\u00eda y Proyectos\",\"description\":\"\",\"potentialAction\":[{\"@type\":\"SearchAction\",\"target\":{\"@type\":\"EntryPoint\",\"urlTemplate\":\"https:\\\/\\\/mineriayproyectos.com\\\/?s={search_term_string}\"},\"query-input\":{\"@type\":\"PropertyValueSpecification\",\"valueRequired\":true,\"valueName\":\"search_term_string\"}}],\"inLanguage\":\"en-US\"},{\"@type\":\"Person\",\"@id\":\"https:\\\/\\\/mineriayproyectos.com\\\/#\\\/schema\\\/person\\\/7cb1f3c671dfa5f49d443f8a000667d7\",\"name\":\"Antonio Buendia\",\"image\":{\"@type\":\"ImageObject\",\"inLanguage\":\"en-US\",\"@id\":\"https:\\\/\\\/secure.gravatar.com\\\/avatar\\\/42a5a9c8c30dcb55508ba88f85b75cf86c0818b2c6f4da455d7a3cdfc2374e18?s=96&d=mm&r=g\",\"url\":\"https:\\\/\\\/secure.gravatar.com\\\/avatar\\\/42a5a9c8c30dcb55508ba88f85b75cf86c0818b2c6f4da455d7a3cdfc2374e18?s=96&d=mm&r=g\",\"contentUrl\":\"https:\\\/\\\/secure.gravatar.com\\\/avatar\\\/42a5a9c8c30dcb55508ba88f85b75cf86c0818b2c6f4da455d7a3cdfc2374e18?s=96&d=mm&r=g\",\"caption\":\"Antonio Buendia\"},\"url\":\"https:\\\/\\\/mineriayproyectos.com\\\/en\\\/author\\\/antonio-minypro\\\/\"}]}<\/script>\n<!-- \/ Yoast SEO plugin. -->","yoast_head_json":{"title":"Medidores inteligentes en Per\u00fa a\u00fan no despegan pese a 8 millones de equipos - Miner\u00eda y Proyectos","description":"Los medidores inteligentes podr\u00edan modernizar la distribuci\u00f3n el\u00e9ctrica en Per\u00fa, pero su despliegue enfrenta barreras regulatorias e incentivos limitados.","robots":{"index":"index","follow":"follow","max-snippet":"max-snippet:-1","max-image-preview":"max-image-preview:large","max-video-preview":"max-video-preview:-1"},"canonical":"https:\/\/mineriayproyectos.com\/en\/energia\/electricidad\/2026\/09\/04\/medidores-inteligentes-modernizacion-electrica-peru\/","og_locale":"en_US","og_type":"article","og_title":"Medidores inteligentes en Per\u00fa a\u00fan no despegan pese a 8 millones de equipos - Miner\u00eda y Proyectos","og_description":"Los medidores inteligentes podr\u00edan modernizar la distribuci\u00f3n el\u00e9ctrica en Per\u00fa, pero su despliegue enfrenta barreras regulatorias e incentivos limitados.","og_url":"https:\/\/mineriayproyectos.com\/en\/energia\/electricidad\/2026\/09\/04\/medidores-inteligentes-modernizacion-electrica-peru\/","og_site_name":"Miner\u00eda y Proyectos","article_published_time":"2026-09-04T17:37:19+00:00","article_modified_time":"2026-09-04T17:37:21+00:00","og_image":[{"width":1920,"height":1080,"url":"https:\/\/mineriayproyectos.com\/wp-content\/uploads\/2026\/09\/medicion-inteligente-peru-8-millones-medidores.jpg","type":"image\/jpeg"}],"author":"Antonio Buendia","twitter_card":"summary_large_image","twitter_misc":{"Written by":"Antonio Buendia","Est. reading time":"3 minutes"},"schema":{"@context":"https:\/\/schema.org","@graph":[{"@type":"Article","@id":"https:\/\/mineriayproyectos.com\/energia\/electricidad\/2026\/09\/04\/medidores-inteligentes-modernizacion-electrica-peru\/#article","isPartOf":{"@id":"https:\/\/mineriayproyectos.com\/energia\/electricidad\/2026\/09\/04\/medidores-inteligentes-modernizacion-electrica-peru\/"},"author":{"name":"Antonio Buendia","@id":"https:\/\/mineriayproyectos.com\/#\/schema\/person\/7cb1f3c671dfa5f49d443f8a000667d7"},"headline":"Per\u00fa tiene 8 millones de medidores y a\u00fan no concreta su salto hacia la medici\u00f3n inteligente","datePublished":"2026-09-04T17:37:19+00:00","dateModified":"2026-09-04T17:37:21+00:00","mainEntityOfPage":{"@id":"https:\/\/mineriayproyectos.com\/energia\/electricidad\/2026\/09\/04\/medidores-inteligentes-modernizacion-electrica-peru\/"},"wordCount":643,"commentCount":0,"image":{"@id":"https:\/\/mineriayproyectos.com\/energia\/electricidad\/2026\/09\/04\/medidores-inteligentes-modernizacion-electrica-peru\/#primaryimage"},"thumbnailUrl":"https:\/\/mineriayproyectos.com\/wp-content\/uploads\/2026\/09\/medicion-inteligente-peru-8-millones-medidores.jpg","keywords":["electricidad","Medidores inteligentes"],"articleSection":["Electricidad"],"inLanguage":"en-US","potentialAction":[{"@type":"CommentAction","name":"Comment","target":["https:\/\/mineriayproyectos.com\/energia\/electricidad\/2026\/09\/04\/medidores-inteligentes-modernizacion-electrica-peru\/#respond"]}]},{"@type":"WebPage","@id":"https:\/\/mineriayproyectos.com\/energia\/electricidad\/2026\/09\/04\/medidores-inteligentes-modernizacion-electrica-peru\/","url":"https:\/\/mineriayproyectos.com\/energia\/electricidad\/2026\/09\/04\/medidores-inteligentes-modernizacion-electrica-peru\/","name":"Medidores inteligentes en Per\u00fa a\u00fan no despegan pese a 8 millones de equipos - Miner\u00eda y Proyectos","isPartOf":{"@id":"https:\/\/mineriayproyectos.com\/#website"},"primaryImageOfPage":{"@id":"https:\/\/mineriayproyectos.com\/energia\/electricidad\/2026\/09\/04\/medidores-inteligentes-modernizacion-electrica-peru\/#primaryimage"},"image":{"@id":"https:\/\/mineriayproyectos.com\/energia\/electricidad\/2026\/09\/04\/medidores-inteligentes-modernizacion-electrica-peru\/#primaryimage"},"thumbnailUrl":"https:\/\/mineriayproyectos.com\/wp-content\/uploads\/2026\/09\/medicion-inteligente-peru-8-millones-medidores.jpg","datePublished":"2026-09-04T17:37:19+00:00","dateModified":"2026-09-04T17:37:21+00:00","author":{"@id":"https:\/\/mineriayproyectos.com\/#\/schema\/person\/7cb1f3c671dfa5f49d443f8a000667d7"},"description":"Los medidores inteligentes podr\u00edan modernizar la distribuci\u00f3n el\u00e9ctrica en Per\u00fa, pero su despliegue enfrenta barreras regulatorias e incentivos limitados.","breadcrumb":{"@id":"https:\/\/mineriayproyectos.com\/energia\/electricidad\/2026\/09\/04\/medidores-inteligentes-modernizacion-electrica-peru\/#breadcrumb"},"inLanguage":"en-US","potentialAction":[{"@type":"ReadAction","target":["https:\/\/mineriayproyectos.com\/energia\/electricidad\/2026\/09\/04\/medidores-inteligentes-modernizacion-electrica-peru\/"]}]},{"@type":"ImageObject","inLanguage":"en-US","@id":"https:\/\/mineriayproyectos.com\/energia\/electricidad\/2026\/09\/04\/medidores-inteligentes-modernizacion-electrica-peru\/#primaryimage","url":"https:\/\/mineriayproyectos.com\/wp-content\/uploads\/2026\/09\/medicion-inteligente-peru-8-millones-medidores.jpg","contentUrl":"https:\/\/mineriayproyectos.com\/wp-content\/uploads\/2026\/09\/medicion-inteligente-peru-8-millones-medidores.jpg","width":1920,"height":1080,"caption":"Per\u00fa cuenta con aproximadamente 8 millones de medidores el\u00e9ctricos, pero a\u00fan enfrenta barreras regulatorias para avanzar hacia la medici\u00f3n inteligente."},{"@type":"BreadcrumbList","@id":"https:\/\/mineriayproyectos.com\/energia\/electricidad\/2026\/09\/04\/medidores-inteligentes-modernizacion-electrica-peru\/#breadcrumb","itemListElement":[{"@type":"ListItem","position":1,"name":"Portada","item":"https:\/\/mineriayproyectos.com\/"},{"@type":"ListItem","position":2,"name":"Per\u00fa tiene 8 millones de medidores y a\u00fan no concreta su salto hacia la medici\u00f3n inteligente"}]},{"@type":"WebSite","@id":"https:\/\/mineriayproyectos.com\/#website","url":"https:\/\/mineriayproyectos.com\/","name":"Mining and Projects","description":"","potentialAction":[{"@type":"SearchAction","target":{"@type":"EntryPoint","urlTemplate":"https:\/\/mineriayproyectos.com\/?s={search_term_string}"},"query-input":{"@type":"PropertyValueSpecification","valueRequired":true,"valueName":"search_term_string"}}],"inLanguage":"en-US"},{"@type":"Person","@id":"https:\/\/mineriayproyectos.com\/#\/schema\/person\/7cb1f3c671dfa5f49d443f8a000667d7","name":"Antonio Buendia","image":{"@type":"ImageObject","inLanguage":"en-US","@id":"https:\/\/secure.gravatar.com\/avatar\/42a5a9c8c30dcb55508ba88f85b75cf86c0818b2c6f4da455d7a3cdfc2374e18?s=96&d=mm&r=g","url":"https:\/\/secure.gravatar.com\/avatar\/42a5a9c8c30dcb55508ba88f85b75cf86c0818b2c6f4da455d7a3cdfc2374e18?s=96&d=mm&r=g","contentUrl":"https:\/\/secure.gravatar.com\/avatar\/42a5a9c8c30dcb55508ba88f85b75cf86c0818b2c6f4da455d7a3cdfc2374e18?s=96&d=mm&r=g","caption":"Antonio Buendia"},"url":"https:\/\/mineriayproyectos.com\/en\/author\/antonio-minypro\/"}]}},"_links":{"self":[{"href":"https:\/\/mineriayproyectos.com\/en\/wp-json\/wp\/v2\/posts\/31356","targetHints":{"allow":["GET"]}}],"collection":[{"href":"https:\/\/mineriayproyectos.com\/en\/wp-json\/wp\/v2\/posts"}],"about":[{"href":"https:\/\/mineriayproyectos.com\/en\/wp-json\/wp\/v2\/types\/post"}],"author":[{"embeddable":true,"href":"https:\/\/mineriayproyectos.com\/en\/wp-json\/wp\/v2\/users\/3"}],"replies":[{"embeddable":true,"href":"https:\/\/mineriayproyectos.com\/en\/wp-json\/wp\/v2\/comments?post=31356"}],"version-history":[{"count":0,"href":"https:\/\/mineriayproyectos.com\/en\/wp-json\/wp\/v2\/posts\/31356\/revisions"}],"wp:featuredmedia":[{"embeddable":true,"href":"https:\/\/mineriayproyectos.com\/en\/wp-json\/wp\/v2\/media\/31357"}],"wp:attachment":[{"href":"https:\/\/mineriayproyectos.com\/en\/wp-json\/wp\/v2\/media?parent=31356"}],"wp:term":[{"taxonomy":"category","embeddable":true,"href":"https:\/\/mineriayproyectos.com\/en\/wp-json\/wp\/v2\/categories?post=31356"},{"taxonomy":"post_tag","embeddable":true,"href":"https:\/\/mineriayproyectos.com\/en\/wp-json\/wp\/v2\/tags?post=31356"}],"curies":[{"name":"wp","href":"https:\/\/api.w.org\/{rel}","templated":true}]}}