{"id":31342,"date":"2026-09-03T17:44:19","date_gmt":"2026-09-03T22:44:19","guid":{"rendered":"https:\/\/mineriayproyectos.com\/?p=31342"},"modified":"2026-09-03T17:44:21","modified_gmt":"2026-09-03T22:44:21","slug":"demanda-electrica-peru-9500-mw-2030","status":"publish","type":"post","link":"https:\/\/mineriayproyectos.com\/en\/energia\/2026\/09\/03\/demanda-electrica-peru-9500-mw-2030\/","title":{"rendered":"M\u00e1xima demanda el\u00e9ctrica del Per\u00fa podr\u00eda acercarse a 9,500 MW hacia 2030"},"content":{"rendered":"<p class=\"wp-block-paragraph\">The <strong>m\u00e1xima demanda el\u00e9ctrica<\/strong> del Per\u00fa en hora punta podr\u00eda acercarse a los <strong>9,500 megavatios (MW) hacia 2030<\/strong>, lo que significar\u00eda un incremento aproximado de 1,500 MW frente a los niveles registrados el a\u00f1o pasado, inform\u00f3 Celaris Energy.<\/p>\n\n\n\n<p class=\"wp-block-paragraph\">Actualmente, la m\u00e1xima demanda en hora punta del Sistema El\u00e9ctrico Interconectado Nacional (SEIN) se sit\u00faa en alrededor de <strong>8,237 MW<\/strong>. Esta cifra representa cerca de 295 MW adicionales frente al m\u00e1ximo registrado el a\u00f1o anterior.<\/p>\n\n\n\n<p class=\"wp-block-paragraph\">Para Celaris Energy, esta evoluci\u00f3n evidencia la necesidad de anticipar el ingreso de nueva capacidad de generaci\u00f3n. Asimismo, ser\u00e1 necesario acompa\u00f1ar ese crecimiento con inversiones que permitan mantener la reserva y la seguridad del sistema el\u00e9ctrico.<\/p>\n\n\n\n<p class=\"wp-block-paragraph\">\u201cEsperar a que el sistema est\u00e9 estresado para reaccionar siempre ser\u00e1 m\u00e1s costoso que prepararnos con anticipaci\u00f3n\u201d, afirm\u00f3 Mar\u00eda del Pilar Matto, CEO de <a href=\"https:\/\/celarisenergy.pe\/\" type=\"link\" id=\"https:\/\/celarisenergy.pe\/\">Celaris Energy<\/a>.<\/p>\n\n\n\n<p class=\"wp-block-paragraph\">La ejecutiva particip\u00f3 en el panel \u201cEl impulso normativo para las renovables: diagn\u00f3stico y propuestas de cambio\u201d, desarrollado durante el Smart Energy Summit.<\/p>\n\n\n\n<h3 class=\"wp-block-heading\"><strong>M\u00e1xima demanda el\u00e9ctrica exige nueva capacidad de generaci\u00f3n<\/strong><\/h3>\n\n\n\n<p class=\"wp-block-paragraph\">Matto se\u00f1al\u00f3 que el sistema cuenta con capacidad suficiente para atender el crecimiento de la demanda durante los pr\u00f3ximos a\u00f1os. Sin embargo, esto depender\u00e1 del ingreso oportuno de nuevos proyectos.<\/p>\n\n\n\n<p class=\"wp-block-paragraph\">El desaf\u00edo, explic\u00f3, no consiste \u00fanicamente en incorporar m\u00e1s capacidad instalada. Tambi\u00e9n ser\u00e1 necesario asegurar que la nueva generaci\u00f3n contribuya de manera efectiva a la suficiencia del sistema, especialmente durante las horas de mayor consumo.<\/p>\n\n\n\n<p class=\"wp-block-paragraph\">En ese escenario, la generaci\u00f3n e\u00f3lica y solar podr\u00eda desempe\u00f1ar un papel relevante en la expansi\u00f3n de la oferta el\u00e9ctrica del pa\u00eds.<\/p>\n\n\n\n<p class=\"wp-block-paragraph\">La CEO de <a href=\"https:\/\/mineriayproyectos.com\/en\/energia\/2026\/07\/08\/celaris-energy-tecnologia-sistema-electrico\/\" type=\"link\" id=\"https:\/\/mineriayproyectos.com\/energia\/2026\/07\/08\/celaris-energy-tecnologia-sistema-electrico\/\">Celaris Energy<\/a> indic\u00f3 que el sector p\u00fablico y privado deber\u00e1n trabajar en condiciones regulatorias e incentivos que faciliten el desarrollo de nuevos proyectos y permitan atraer mayores inversiones en energ\u00edas renovables.<\/p>\n\n\n\n<h3 class=\"wp-block-heading\"><strong>Almacenamiento con bater\u00edas ganar\u00eda importancia<\/strong><\/h3>\n\n\n\n<p class=\"wp-block-paragraph\">El aumento de la <strong>m\u00e1xima demanda el\u00e9ctrica<\/strong> tambi\u00e9n plantea nuevos retos para integrar fuentes renovables al sistema.<\/p>\n\n\n\n<p class=\"wp-block-paragraph\">Matto destac\u00f3 que los sistemas de almacenamiento mediante bater\u00edas pueden complementar el crecimiento de la generaci\u00f3n solar y e\u00f3lica. Estas soluciones permiten guardar energ\u00eda durante periodos de mayor disponibilidad y entregarla posteriormente en las horas de m\u00e1xima demanda.<\/p>\n\n\n\n<p class=\"wp-block-paragraph\">Asimismo, la expansi\u00f3n de la generaci\u00f3n deber\u00e1 estar acompa\u00f1ada por nuevas inversiones en transmisi\u00f3n. El objetivo ser\u00e1 permitir que la nueva capacidad pueda integrarse oportunamente al SEIN.<\/p>\n\n\n\n<h3 class=\"wp-block-heading\"><strong>Reglas e incentivos ser\u00e1n claves para nuevas inversiones<\/strong><\/h3>\n\n\n\n<p class=\"wp-block-paragraph\">Para Celaris Energy, el pa\u00eds dispone de recursos y existe inter\u00e9s por desarrollar nuevos proyectos. No obstante, el reto se encuentra en generar las condiciones adecuadas para movilizar esas inversiones.<\/p>\n\n\n\n<p class=\"wp-block-paragraph\">\u201cNo estamos hablando de un problema de recursos ni de falta de inter\u00e9s en invertir. Es una ecuaci\u00f3n de precio, reglas e incentivos\u201d, sostuvo Matto.<\/p>\n\n\n\n<p class=\"wp-block-paragraph\">La ejecutiva agreg\u00f3 que, si estos elementos logran alinearse, Per\u00fa podr\u00e1 acelerar su transici\u00f3n energ\u00e9tica sin comprometer la estabilidad ni la competitividad del sistema el\u00e9ctrico.<\/p>\n\n\n\n<p class=\"wp-block-paragraph\">Con una demanda que podr\u00eda acercarse a <strong>9,500 MW hacia 2030<\/strong>, la incorporaci\u00f3n oportuna de generaci\u00f3n, almacenamiento y transmisi\u00f3n ser\u00e1 clave para responder al crecimiento del consumo el\u00e9ctrico durante los pr\u00f3ximos a\u00f1os.<\/p>","protected":false},"excerpt":{"rendered":"<p>La m\u00e1xima demanda el\u00e9ctrica del Per\u00fa en hora punta podr\u00eda acercarse a los 9,500 megavatios (MW) hacia 2030, lo que significar\u00eda un incremento aproximado de 1,500 MW frente a los niveles registrados el a\u00f1o pasado, inform\u00f3 Celaris Energy. Actualmente, la m\u00e1xima demanda en hora punta del Sistema El\u00e9ctrico Interconectado Nacional (SEIN) se sit\u00faa en alrededor [&hellip;]<\/p>\n","protected":false},"author":3,"featured_media":31343,"comment_status":"open","ping_status":"open","sticky":false,"template":"","format":"standard","meta":{"footnotes":""},"categories":[90],"tags":[1113,91],"class_list":["post-31342","post","type-post","status-publish","format-standard","has-post-thumbnail","hentry","category-energia","tag-celaris-energy","tag-electricidad"],"yoast_head":"<!-- This site is optimized with the Yoast SEO plugin v27.6 - https:\/\/yoast.com\/product\/yoast-seo-wordpress\/ -->\n<title>M\u00e1xima demanda el\u00e9ctrica del Per\u00fa podr\u00eda acercarse a 9,500 MW hacia 2030 - Miner\u00eda y Proyectos<\/title>\n<meta name=\"description\" content=\"La demanda el\u00e9ctrica en Per\u00fa podr\u00eda acercarse a 9,500 MW hacia 2030, impulsando nuevas inversiones en generaci\u00f3n.\" \/>\n<meta name=\"robots\" content=\"index, follow, max-snippet:-1, max-image-preview:large, max-video-preview:-1\" \/>\n<link rel=\"canonical\" href=\"https:\/\/mineriayproyectos.com\/en\/energia\/2026\/09\/03\/demanda-electrica-peru-9500-mw-2030\/\" \/>\n<meta property=\"og:locale\" content=\"en_US\" \/>\n<meta property=\"og:type\" content=\"article\" \/>\n<meta property=\"og:title\" content=\"M\u00e1xima demanda el\u00e9ctrica del Per\u00fa podr\u00eda acercarse a 9,500 MW hacia 2030 - Miner\u00eda y Proyectos\" \/>\n<meta property=\"og:description\" content=\"La demanda el\u00e9ctrica en Per\u00fa podr\u00eda acercarse a 9,500 MW hacia 2030, impulsando nuevas inversiones en generaci\u00f3n.\" \/>\n<meta property=\"og:url\" content=\"https:\/\/mineriayproyectos.com\/en\/energia\/2026\/09\/03\/demanda-electrica-peru-9500-mw-2030\/\" \/>\n<meta property=\"og:site_name\" content=\"Miner\u00eda y Proyectos\" \/>\n<meta property=\"article:published_time\" content=\"2026-09-03T22:44:19+00:00\" \/>\n<meta property=\"article:modified_time\" content=\"2026-09-03T22:44:21+00:00\" \/>\n<meta property=\"og:image\" content=\"https:\/\/mineriayproyectos.com\/wp-content\/uploads\/2026\/09\/demanda-electrica-peru-9500-mw-2030.jpg\" \/>\n\t<meta property=\"og:image:width\" content=\"1920\" \/>\n\t<meta property=\"og:image:height\" content=\"1080\" \/>\n\t<meta property=\"og:image:type\" content=\"image\/jpeg\" \/>\n<meta name=\"author\" content=\"Antonio Buendia\" \/>\n<meta name=\"twitter:card\" content=\"summary_large_image\" \/>\n<meta name=\"twitter:label1\" content=\"Written by\" \/>\n\t<meta name=\"twitter:data1\" content=\"Antonio Buendia\" \/>\n\t<meta name=\"twitter:label2\" content=\"Est. reading time\" \/>\n\t<meta name=\"twitter:data2\" content=\"3 minutes\" \/>\n<script type=\"application\/ld+json\" class=\"yoast-schema-graph\">{\"@context\":\"https:\\\/\\\/schema.org\",\"@graph\":[{\"@type\":\"Article\",\"@id\":\"https:\\\/\\\/mineriayproyectos.com\\\/energia\\\/2026\\\/09\\\/03\\\/demanda-electrica-peru-9500-mw-2030\\\/#article\",\"isPartOf\":{\"@id\":\"https:\\\/\\\/mineriayproyectos.com\\\/energia\\\/2026\\\/09\\\/03\\\/demanda-electrica-peru-9500-mw-2030\\\/\"},\"author\":{\"name\":\"Antonio Buendia\",\"@id\":\"https:\\\/\\\/mineriayproyectos.com\\\/#\\\/schema\\\/person\\\/7cb1f3c671dfa5f49d443f8a000667d7\"},\"headline\":\"M\u00e1xima demanda el\u00e9ctrica del Per\u00fa podr\u00eda acercarse a 9,500 MW hacia 2030\",\"datePublished\":\"2026-09-03T22:44:19+00:00\",\"dateModified\":\"2026-09-03T22:44:21+00:00\",\"mainEntityOfPage\":{\"@id\":\"https:\\\/\\\/mineriayproyectos.com\\\/energia\\\/2026\\\/09\\\/03\\\/demanda-electrica-peru-9500-mw-2030\\\/\"},\"wordCount\":567,\"commentCount\":0,\"image\":{\"@id\":\"https:\\\/\\\/mineriayproyectos.com\\\/energia\\\/2026\\\/09\\\/03\\\/demanda-electrica-peru-9500-mw-2030\\\/#primaryimage\"},\"thumbnailUrl\":\"https:\\\/\\\/mineriayproyectos.com\\\/wp-content\\\/uploads\\\/2026\\\/09\\\/demanda-electrica-peru-9500-mw-2030.jpg\",\"keywords\":[\"Celaris Energy\",\"electricidad\"],\"articleSection\":[\"Energ\u00eda\"],\"inLanguage\":\"en-US\",\"potentialAction\":[{\"@type\":\"CommentAction\",\"name\":\"Comment\",\"target\":[\"https:\\\/\\\/mineriayproyectos.com\\\/energia\\\/2026\\\/09\\\/03\\\/demanda-electrica-peru-9500-mw-2030\\\/#respond\"]}]},{\"@type\":\"WebPage\",\"@id\":\"https:\\\/\\\/mineriayproyectos.com\\\/energia\\\/2026\\\/09\\\/03\\\/demanda-electrica-peru-9500-mw-2030\\\/\",\"url\":\"https:\\\/\\\/mineriayproyectos.com\\\/energia\\\/2026\\\/09\\\/03\\\/demanda-electrica-peru-9500-mw-2030\\\/\",\"name\":\"M\u00e1xima demanda el\u00e9ctrica del Per\u00fa podr\u00eda acercarse a 9,500 MW hacia 2030 - Miner\u00eda y Proyectos\",\"isPartOf\":{\"@id\":\"https:\\\/\\\/mineriayproyectos.com\\\/#website\"},\"primaryImageOfPage\":{\"@id\":\"https:\\\/\\\/mineriayproyectos.com\\\/energia\\\/2026\\\/09\\\/03\\\/demanda-electrica-peru-9500-mw-2030\\\/#primaryimage\"},\"image\":{\"@id\":\"https:\\\/\\\/mineriayproyectos.com\\\/energia\\\/2026\\\/09\\\/03\\\/demanda-electrica-peru-9500-mw-2030\\\/#primaryimage\"},\"thumbnailUrl\":\"https:\\\/\\\/mineriayproyectos.com\\\/wp-content\\\/uploads\\\/2026\\\/09\\\/demanda-electrica-peru-9500-mw-2030.jpg\",\"datePublished\":\"2026-09-03T22:44:19+00:00\",\"dateModified\":\"2026-09-03T22:44:21+00:00\",\"author\":{\"@id\":\"https:\\\/\\\/mineriayproyectos.com\\\/#\\\/schema\\\/person\\\/7cb1f3c671dfa5f49d443f8a000667d7\"},\"description\":\"La demanda el\u00e9ctrica en Per\u00fa podr\u00eda acercarse a 9,500 MW hacia 2030, impulsando nuevas inversiones en generaci\u00f3n.\",\"breadcrumb\":{\"@id\":\"https:\\\/\\\/mineriayproyectos.com\\\/energia\\\/2026\\\/09\\\/03\\\/demanda-electrica-peru-9500-mw-2030\\\/#breadcrumb\"},\"inLanguage\":\"en-US\",\"potentialAction\":[{\"@type\":\"ReadAction\",\"target\":[\"https:\\\/\\\/mineriayproyectos.com\\\/energia\\\/2026\\\/09\\\/03\\\/demanda-electrica-peru-9500-mw-2030\\\/\"]}]},{\"@type\":\"ImageObject\",\"inLanguage\":\"en-US\",\"@id\":\"https:\\\/\\\/mineriayproyectos.com\\\/energia\\\/2026\\\/09\\\/03\\\/demanda-electrica-peru-9500-mw-2030\\\/#primaryimage\",\"url\":\"https:\\\/\\\/mineriayproyectos.com\\\/wp-content\\\/uploads\\\/2026\\\/09\\\/demanda-electrica-peru-9500-mw-2030.jpg\",\"contentUrl\":\"https:\\\/\\\/mineriayproyectos.com\\\/wp-content\\\/uploads\\\/2026\\\/09\\\/demanda-electrica-peru-9500-mw-2030.jpg\",\"width\":1920,\"height\":1080,\"caption\":\"La m\u00e1xima demanda el\u00e9ctrica del Per\u00fa podr\u00eda acercarse a 9,500 MW hacia 2030, seg\u00fan estimaciones de Celaris Energy\"},{\"@type\":\"BreadcrumbList\",\"@id\":\"https:\\\/\\\/mineriayproyectos.com\\\/energia\\\/2026\\\/09\\\/03\\\/demanda-electrica-peru-9500-mw-2030\\\/#breadcrumb\",\"itemListElement\":[{\"@type\":\"ListItem\",\"position\":1,\"name\":\"Portada\",\"item\":\"https:\\\/\\\/mineriayproyectos.com\\\/\"},{\"@type\":\"ListItem\",\"position\":2,\"name\":\"M\u00e1xima demanda el\u00e9ctrica del Per\u00fa podr\u00eda acercarse a 9,500 MW hacia 2030\"}]},{\"@type\":\"WebSite\",\"@id\":\"https:\\\/\\\/mineriayproyectos.com\\\/#website\",\"url\":\"https:\\\/\\\/mineriayproyectos.com\\\/\",\"name\":\"Miner\u00eda y Proyectos\",\"description\":\"\",\"potentialAction\":[{\"@type\":\"SearchAction\",\"target\":{\"@type\":\"EntryPoint\",\"urlTemplate\":\"https:\\\/\\\/mineriayproyectos.com\\\/?s={search_term_string}\"},\"query-input\":{\"@type\":\"PropertyValueSpecification\",\"valueRequired\":true,\"valueName\":\"search_term_string\"}}],\"inLanguage\":\"en-US\"},{\"@type\":\"Person\",\"@id\":\"https:\\\/\\\/mineriayproyectos.com\\\/#\\\/schema\\\/person\\\/7cb1f3c671dfa5f49d443f8a000667d7\",\"name\":\"Antonio Buendia\",\"image\":{\"@type\":\"ImageObject\",\"inLanguage\":\"en-US\",\"@id\":\"https:\\\/\\\/secure.gravatar.com\\\/avatar\\\/42a5a9c8c30dcb55508ba88f85b75cf86c0818b2c6f4da455d7a3cdfc2374e18?s=96&d=mm&r=g\",\"url\":\"https:\\\/\\\/secure.gravatar.com\\\/avatar\\\/42a5a9c8c30dcb55508ba88f85b75cf86c0818b2c6f4da455d7a3cdfc2374e18?s=96&d=mm&r=g\",\"contentUrl\":\"https:\\\/\\\/secure.gravatar.com\\\/avatar\\\/42a5a9c8c30dcb55508ba88f85b75cf86c0818b2c6f4da455d7a3cdfc2374e18?s=96&d=mm&r=g\",\"caption\":\"Antonio Buendia\"},\"url\":\"https:\\\/\\\/mineriayproyectos.com\\\/en\\\/author\\\/antonio-minypro\\\/\"}]}<\/script>\n<!-- \/ Yoast SEO plugin. -->","yoast_head_json":{"title":"M\u00e1xima demanda el\u00e9ctrica del Per\u00fa podr\u00eda acercarse a 9,500 MW hacia 2030 - Miner\u00eda y Proyectos","description":"La demanda el\u00e9ctrica en Per\u00fa podr\u00eda acercarse a 9,500 MW hacia 2030, impulsando nuevas inversiones en generaci\u00f3n.","robots":{"index":"index","follow":"follow","max-snippet":"max-snippet:-1","max-image-preview":"max-image-preview:large","max-video-preview":"max-video-preview:-1"},"canonical":"https:\/\/mineriayproyectos.com\/en\/energia\/2026\/09\/03\/demanda-electrica-peru-9500-mw-2030\/","og_locale":"en_US","og_type":"article","og_title":"M\u00e1xima demanda el\u00e9ctrica del Per\u00fa podr\u00eda acercarse a 9,500 MW hacia 2030 - Miner\u00eda y Proyectos","og_description":"La demanda el\u00e9ctrica en Per\u00fa podr\u00eda acercarse a 9,500 MW hacia 2030, impulsando nuevas inversiones en generaci\u00f3n.","og_url":"https:\/\/mineriayproyectos.com\/en\/energia\/2026\/09\/03\/demanda-electrica-peru-9500-mw-2030\/","og_site_name":"Miner\u00eda y Proyectos","article_published_time":"2026-09-03T22:44:19+00:00","article_modified_time":"2026-09-03T22:44:21+00:00","og_image":[{"width":1920,"height":1080,"url":"https:\/\/mineriayproyectos.com\/wp-content\/uploads\/2026\/09\/demanda-electrica-peru-9500-mw-2030.jpg","type":"image\/jpeg"}],"author":"Antonio Buendia","twitter_card":"summary_large_image","twitter_misc":{"Written by":"Antonio Buendia","Est. reading time":"3 minutes"},"schema":{"@context":"https:\/\/schema.org","@graph":[{"@type":"Article","@id":"https:\/\/mineriayproyectos.com\/energia\/2026\/09\/03\/demanda-electrica-peru-9500-mw-2030\/#article","isPartOf":{"@id":"https:\/\/mineriayproyectos.com\/energia\/2026\/09\/03\/demanda-electrica-peru-9500-mw-2030\/"},"author":{"name":"Antonio Buendia","@id":"https:\/\/mineriayproyectos.com\/#\/schema\/person\/7cb1f3c671dfa5f49d443f8a000667d7"},"headline":"M\u00e1xima demanda el\u00e9ctrica del Per\u00fa podr\u00eda acercarse a 9,500 MW hacia 2030","datePublished":"2026-09-03T22:44:19+00:00","dateModified":"2026-09-03T22:44:21+00:00","mainEntityOfPage":{"@id":"https:\/\/mineriayproyectos.com\/energia\/2026\/09\/03\/demanda-electrica-peru-9500-mw-2030\/"},"wordCount":567,"commentCount":0,"image":{"@id":"https:\/\/mineriayproyectos.com\/energia\/2026\/09\/03\/demanda-electrica-peru-9500-mw-2030\/#primaryimage"},"thumbnailUrl":"https:\/\/mineriayproyectos.com\/wp-content\/uploads\/2026\/09\/demanda-electrica-peru-9500-mw-2030.jpg","keywords":["Celaris Energy","electricidad"],"articleSection":["Energ\u00eda"],"inLanguage":"en-US","potentialAction":[{"@type":"CommentAction","name":"Comment","target":["https:\/\/mineriayproyectos.com\/energia\/2026\/09\/03\/demanda-electrica-peru-9500-mw-2030\/#respond"]}]},{"@type":"WebPage","@id":"https:\/\/mineriayproyectos.com\/energia\/2026\/09\/03\/demanda-electrica-peru-9500-mw-2030\/","url":"https:\/\/mineriayproyectos.com\/energia\/2026\/09\/03\/demanda-electrica-peru-9500-mw-2030\/","name":"M\u00e1xima demanda el\u00e9ctrica del Per\u00fa podr\u00eda acercarse a 9,500 MW hacia 2030 - Miner\u00eda y Proyectos","isPartOf":{"@id":"https:\/\/mineriayproyectos.com\/#website"},"primaryImageOfPage":{"@id":"https:\/\/mineriayproyectos.com\/energia\/2026\/09\/03\/demanda-electrica-peru-9500-mw-2030\/#primaryimage"},"image":{"@id":"https:\/\/mineriayproyectos.com\/energia\/2026\/09\/03\/demanda-electrica-peru-9500-mw-2030\/#primaryimage"},"thumbnailUrl":"https:\/\/mineriayproyectos.com\/wp-content\/uploads\/2026\/09\/demanda-electrica-peru-9500-mw-2030.jpg","datePublished":"2026-09-03T22:44:19+00:00","dateModified":"2026-09-03T22:44:21+00:00","author":{"@id":"https:\/\/mineriayproyectos.com\/#\/schema\/person\/7cb1f3c671dfa5f49d443f8a000667d7"},"description":"La demanda el\u00e9ctrica en Per\u00fa podr\u00eda acercarse a 9,500 MW hacia 2030, impulsando nuevas inversiones en generaci\u00f3n.","breadcrumb":{"@id":"https:\/\/mineriayproyectos.com\/energia\/2026\/09\/03\/demanda-electrica-peru-9500-mw-2030\/#breadcrumb"},"inLanguage":"en-US","potentialAction":[{"@type":"ReadAction","target":["https:\/\/mineriayproyectos.com\/energia\/2026\/09\/03\/demanda-electrica-peru-9500-mw-2030\/"]}]},{"@type":"ImageObject","inLanguage":"en-US","@id":"https:\/\/mineriayproyectos.com\/energia\/2026\/09\/03\/demanda-electrica-peru-9500-mw-2030\/#primaryimage","url":"https:\/\/mineriayproyectos.com\/wp-content\/uploads\/2026\/09\/demanda-electrica-peru-9500-mw-2030.jpg","contentUrl":"https:\/\/mineriayproyectos.com\/wp-content\/uploads\/2026\/09\/demanda-electrica-peru-9500-mw-2030.jpg","width":1920,"height":1080,"caption":"La m\u00e1xima demanda el\u00e9ctrica del Per\u00fa podr\u00eda acercarse a 9,500 MW hacia 2030, seg\u00fan estimaciones de Celaris Energy"},{"@type":"BreadcrumbList","@id":"https:\/\/mineriayproyectos.com\/energia\/2026\/09\/03\/demanda-electrica-peru-9500-mw-2030\/#breadcrumb","itemListElement":[{"@type":"ListItem","position":1,"name":"Portada","item":"https:\/\/mineriayproyectos.com\/"},{"@type":"ListItem","position":2,"name":"M\u00e1xima demanda el\u00e9ctrica del Per\u00fa podr\u00eda acercarse a 9,500 MW hacia 2030"}]},{"@type":"WebSite","@id":"https:\/\/mineriayproyectos.com\/#website","url":"https:\/\/mineriayproyectos.com\/","name":"Mining and Projects","description":"","potentialAction":[{"@type":"SearchAction","target":{"@type":"EntryPoint","urlTemplate":"https:\/\/mineriayproyectos.com\/?s={search_term_string}"},"query-input":{"@type":"PropertyValueSpecification","valueRequired":true,"valueName":"search_term_string"}}],"inLanguage":"en-US"},{"@type":"Person","@id":"https:\/\/mineriayproyectos.com\/#\/schema\/person\/7cb1f3c671dfa5f49d443f8a000667d7","name":"Antonio Buendia","image":{"@type":"ImageObject","inLanguage":"en-US","@id":"https:\/\/secure.gravatar.com\/avatar\/42a5a9c8c30dcb55508ba88f85b75cf86c0818b2c6f4da455d7a3cdfc2374e18?s=96&d=mm&r=g","url":"https:\/\/secure.gravatar.com\/avatar\/42a5a9c8c30dcb55508ba88f85b75cf86c0818b2c6f4da455d7a3cdfc2374e18?s=96&d=mm&r=g","contentUrl":"https:\/\/secure.gravatar.com\/avatar\/42a5a9c8c30dcb55508ba88f85b75cf86c0818b2c6f4da455d7a3cdfc2374e18?s=96&d=mm&r=g","caption":"Antonio Buendia"},"url":"https:\/\/mineriayproyectos.com\/en\/author\/antonio-minypro\/"}]}},"_links":{"self":[{"href":"https:\/\/mineriayproyectos.com\/en\/wp-json\/wp\/v2\/posts\/31342","targetHints":{"allow":["GET"]}}],"collection":[{"href":"https:\/\/mineriayproyectos.com\/en\/wp-json\/wp\/v2\/posts"}],"about":[{"href":"https:\/\/mineriayproyectos.com\/en\/wp-json\/wp\/v2\/types\/post"}],"author":[{"embeddable":true,"href":"https:\/\/mineriayproyectos.com\/en\/wp-json\/wp\/v2\/users\/3"}],"replies":[{"embeddable":true,"href":"https:\/\/mineriayproyectos.com\/en\/wp-json\/wp\/v2\/comments?post=31342"}],"version-history":[{"count":0,"href":"https:\/\/mineriayproyectos.com\/en\/wp-json\/wp\/v2\/posts\/31342\/revisions"}],"wp:featuredmedia":[{"embeddable":true,"href":"https:\/\/mineriayproyectos.com\/en\/wp-json\/wp\/v2\/media\/31343"}],"wp:attachment":[{"href":"https:\/\/mineriayproyectos.com\/en\/wp-json\/wp\/v2\/media?parent=31342"}],"wp:term":[{"taxonomy":"category","embeddable":true,"href":"https:\/\/mineriayproyectos.com\/en\/wp-json\/wp\/v2\/categories?post=31342"},{"taxonomy":"post_tag","embeddable":true,"href":"https:\/\/mineriayproyectos.com\/en\/wp-json\/wp\/v2\/tags?post=31342"}],"curies":[{"name":"wp","href":"https:\/\/api.w.org\/{rel}","templated":true}]}}