{"id":31336,"date":"2026-09-03T15:48:32","date_gmt":"2026-09-03T20:48:32","guid":{"rendered":"https:\/\/mineriayproyectos.com\/?p=31336"},"modified":"2026-09-03T15:48:34","modified_gmt":"2026-09-03T20:48:34","slug":"minem-hidrocarburos-consumo-energia-peru","status":"publish","type":"post","link":"https:\/\/mineriayproyectos.com\/en\/hidrocarburos\/2026\/09\/03\/minem-hidrocarburos-consumo-energia-peru\/","title":{"rendered":"MINEM: hidrocarburos representan el 67% del consumo final de energ\u00eda en Per\u00fa"},"content":{"rendered":"<p class=\"wp-block-paragraph\"><strong>MINEM<\/strong> destac\u00f3 que los hidrocarburos mantienen un papel estrat\u00e9gico dentro de la matriz energ\u00e9tica del Per\u00fa. Actualmente, representan el <strong>67% del consumo final de energ\u00eda<\/strong> y el <strong>80% de la producci\u00f3n de energ\u00eda primaria<\/strong> del pa\u00eds.<\/p>\n\n\n\n<p class=\"wp-block-paragraph\">La viceministra de Hidrocarburos, <a href=\"https:\/\/mineriayproyectos.com\/en\/hidrocarburos\/2026\/08\/12\/iris-cardenas-viceministra-hidrocarburos\/\" type=\"link\" id=\"https:\/\/mineriayproyectos.com\/hidrocarburos\/2026\/08\/12\/iris-cardenas-viceministra-hidrocarburos\/\">Iris C\u00e1rdenas Pino<\/a>, se\u00f1al\u00f3 que esta participaci\u00f3n evidencia la importancia del sector para el desarrollo de las actividades productivas, la econom\u00eda nacional y el bienestar de la poblaci\u00f3n.<\/p>\n\n\n\n<p class=\"wp-block-paragraph\">Las declaraciones se realizaron durante la inauguraci\u00f3n de la jornada <strong>\u201cEnerg\u00eda con Prop\u00f3sito: Indicadores de Sostenibilidad y Premios GAIA SPE Per\u00fa\u201d<\/strong>, organizada por la <a href=\"https:\/\/sphidrocarburos.com\/\" type=\"link\" id=\"https:\/\/sphidrocarburos.com\/\">Sociedad Peruana de Hidrocarburos (SPH)<\/a>.<\/p>\n\n\n\n<h3 class=\"wp-block-heading\"><strong>MINEM destaca el peso de los hidrocarburos en la matriz energ\u00e9tica<\/strong><\/h3>\n\n\n\n<p class=\"wp-block-paragraph\">De acuerdo con C\u00e1rdenas, el Ministerio de Energ\u00eda y Minas viene promoviendo un desarrollo sostenible de las actividades de hidrocarburos. Para ello, busca mantener un equilibrio entre los componentes econ\u00f3mico, social y ambiental.<\/p>\n\n\n\n<p class=\"wp-block-paragraph\">\u201cEn el Per\u00fa, los hidrocarburos juegan un rol estrat\u00e9gico en la econom\u00eda y en el bienestar de la poblaci\u00f3n\u201d, sostuvo la viceministra.<\/p>\n\n\n\n<p class=\"wp-block-paragraph\">Asimismo, remarc\u00f3 que su elevada participaci\u00f3n en el consumo y la producci\u00f3n de energ\u00eda los convierte en un componente relevante para garantizar el funcionamiento de distintas actividades econ\u00f3micas.<\/p>\n\n\n\n<h3 class=\"wp-block-heading\"><strong>Sostenibilidad busca reducir riesgos en las operaciones<\/strong><\/h3>\n\n\n\n<p class=\"wp-block-paragraph\">Durante el encuentro tambi\u00e9n se presentaron indicadores de sostenibilidad del sector hidrocarburos. Estas herramientas permiten evaluar el desempe\u00f1o de las operaciones y sus impactos econ\u00f3micos, sociales y ambientales.<\/p>\n\n\n\n<p class=\"wp-block-paragraph\">Seg\u00fan el <strong>MINEM<\/strong>, estos indicadores tambi\u00e9n ayudan a identificar avances y contribuyen a una mejor toma de decisiones dentro de las empresas y entidades vinculadas al sector.<\/p>\n\n\n\n<hr class=\"wp-block-separator has-alpha-channel-opacity\"\/>\n\n\n\n<div class=\"wp-block-media-text is-stacked-on-mobile\" style=\"grid-template-columns:35% auto\"><figure class=\"wp-block-media-text__media\"><img fetchpriority=\"high\" decoding=\"async\" width=\"1024\" height=\"576\" src=\"https:\/\/mineriayproyectos.com\/wp-content\/uploads\/2026\/09\/minem-recaudacion-fiscal-minera-primer-semestre-2026-1024x576.jpg\" alt=\"MINEM inform\u00f3 que la recaudaci\u00f3n fiscal minera creci\u00f3 80.1% en el primer semestre de 2026\" class=\"wp-image-31334 size-full\" srcset=\"https:\/\/mineriayproyectos.com\/wp-content\/uploads\/2026\/09\/minem-recaudacion-fiscal-minera-primer-semestre-2026-1024x576.jpg 1024w, https:\/\/mineriayproyectos.com\/wp-content\/uploads\/2026\/09\/minem-recaudacion-fiscal-minera-primer-semestre-2026-300x169.jpg 300w, https:\/\/mineriayproyectos.com\/wp-content\/uploads\/2026\/09\/minem-recaudacion-fiscal-minera-primer-semestre-2026-768x432.jpg 768w, https:\/\/mineriayproyectos.com\/wp-content\/uploads\/2026\/09\/minem-recaudacion-fiscal-minera-primer-semestre-2026-1536x864.jpg 1536w, https:\/\/mineriayproyectos.com\/wp-content\/uploads\/2026\/09\/minem-recaudacion-fiscal-minera-primer-semestre-2026-18x10.jpg 18w, https:\/\/mineriayproyectos.com\/wp-content\/uploads\/2026\/09\/minem-recaudacion-fiscal-minera-primer-semestre-2026.jpg 1920w\" sizes=\"(max-width: 1024px) 100vw, 1024px\" \/><\/figure><div class=\"wp-block-media-text__content\">\n<p class=\"wp-block-paragraph\"><strong><em>Leer tambi\u00e9n \u25ba <a href=\"https:\/\/mineriayproyectos.com\/en\/mineria\/2026\/09\/03\/minem-recaudacion-fiscal-minera-primer-semestre-2026\/\">MINEM: Recaudaci\u00f3n fiscal minera creci\u00f3 80.1% y alcanz\u00f3 S\/ 22,787 millones en primer semestre de 2026<\/a><\/em><\/strong><\/p>\n<\/div><\/div>\n\n\n\n<hr class=\"wp-block-separator has-alpha-channel-opacity\"\/>\n\n\n\n<p class=\"wp-block-paragraph\"><\/p>\n\n\n\n<p class=\"wp-block-paragraph\">La viceministra se\u00f1al\u00f3 que las operaciones deben incorporar transparencia en la informaci\u00f3n, protecci\u00f3n ambiental y relaciones de largo plazo con las poblaciones ubicadas en sus \u00e1reas de influencia.<\/p>\n\n\n\n<p class=\"wp-block-paragraph\">Estas condiciones, indic\u00f3, resultan importantes para generar confianza y fortalecer la sostenibilidad de los proyectos.<\/p>\n\n\n\n<p class=\"wp-block-paragraph\">\u201cAlcanzar la sostenibilidad de las operaciones no encarece el proyecto, al contrario, reduce el costo de financiamiento y el riesgo reputacional\u201d, afirm\u00f3 C\u00e1rdenas.<\/p>\n\n\n\n<h3 class=\"wp-block-heading\"><strong>Hidrocarburos seguir\u00e1n siendo claves para la seguridad energ\u00e9tica<\/strong><\/h3>\n\n\n\n<p class=\"wp-block-paragraph\">The <strong>MINEM<\/strong> prev\u00e9 que los hidrocarburos mantengan un rol fundamental en el futuro de la matriz energ\u00e9tica peruana.<\/p>\n\n\n\n<p class=\"wp-block-paragraph\">En ese sentido, la cartera continuar\u00e1 impulsando medidas orientadas al desarrollo sostenible de estas actividades. Entre los objetivos se encuentran avanzar hacia el autoabastecimiento y fortalecer la seguridad energ\u00e9tica del pa\u00eds.<\/p>\n\n\n\n<p class=\"wp-block-paragraph\">Adem\u00e1s, el ministerio considera que una gesti\u00f3n responsable del sector puede contribuir al crecimiento econ\u00f3mico y al desarrollo de las regiones donde se ejecutan proyectos de hidrocarburos.<\/p>\n\n\n\n<p class=\"wp-block-paragraph\">Durante la jornada tambi\u00e9n se reconocieron iniciativas empresariales vinculadas con <strong>sostenibilidad<\/strong>, gesti\u00f3n social, gesti\u00f3n ambiental, eficiencia, tecnolog\u00eda e innovaci\u00f3n.<\/p>\n\n\n\n<p class=\"wp-block-paragraph\">De esta manera, el <strong>MINEM<\/strong> busca que el desarrollo del sector hidrocarburos combine su importancia energ\u00e9tica y econ\u00f3mica con mejores est\u00e1ndares sociales y ambientales.<\/p>","protected":false},"excerpt":{"rendered":"<p>MINEM destac\u00f3 que los hidrocarburos mantienen un papel estrat\u00e9gico dentro de la matriz energ\u00e9tica del Per\u00fa. Actualmente, representan el 67% del consumo final de energ\u00eda y el 80% de la producci\u00f3n de energ\u00eda primaria del pa\u00eds. La viceministra de Hidrocarburos, Iris C\u00e1rdenas Pino, se\u00f1al\u00f3 que esta participaci\u00f3n evidencia la importancia del sector para el desarrollo [&hellip;]<\/p>\n","protected":false},"author":3,"featured_media":31337,"comment_status":"open","ping_status":"open","sticky":false,"template":"","format":"standard","meta":{"footnotes":""},"categories":[48],"tags":[92,1149,6],"class_list":["post-31336","post","type-post","status-publish","format-standard","has-post-thumbnail","hentry","category-hidrocarburos","tag-energia","tag-iris-cardenas","tag-minem"],"yoast_head":"<!-- This site is optimized with the Yoast SEO plugin v27.6 - https:\/\/yoast.com\/product\/yoast-seo-wordpress\/ -->\n<title>MINEM: hidrocarburos concentran el 67% del consumo de energ\u00eda - Miner\u00eda y Proyectos<\/title>\n<meta name=\"description\" content=\"MINEM inform\u00f3 que los hidrocarburos representan el 67% del consumo final de energ\u00eda y el 80% de la producci\u00f3n primaria del Per\u00fa.\" \/>\n<meta name=\"robots\" content=\"index, follow, max-snippet:-1, max-image-preview:large, max-video-preview:-1\" \/>\n<link rel=\"canonical\" href=\"https:\/\/mineriayproyectos.com\/en\/hidrocarburos\/2026\/09\/03\/minem-hidrocarburos-consumo-energia-peru\/\" \/>\n<meta property=\"og:locale\" content=\"en_US\" \/>\n<meta property=\"og:type\" content=\"article\" \/>\n<meta property=\"og:title\" content=\"MINEM: hidrocarburos concentran el 67% del consumo de energ\u00eda - Miner\u00eda y Proyectos\" \/>\n<meta property=\"og:description\" content=\"MINEM inform\u00f3 que los hidrocarburos representan el 67% del consumo final de energ\u00eda y el 80% de la producci\u00f3n primaria del Per\u00fa.\" \/>\n<meta property=\"og:url\" content=\"https:\/\/mineriayproyectos.com\/en\/hidrocarburos\/2026\/09\/03\/minem-hidrocarburos-consumo-energia-peru\/\" \/>\n<meta property=\"og:site_name\" content=\"Miner\u00eda y Proyectos\" \/>\n<meta property=\"article:published_time\" content=\"2026-09-03T20:48:32+00:00\" \/>\n<meta property=\"article:modified_time\" content=\"2026-09-03T20:48:34+00:00\" \/>\n<meta property=\"og:image\" content=\"https:\/\/mineriayproyectos.com\/wp-content\/uploads\/2026\/09\/minem-hidrocarburos-consumo-energia-peru.jpg\" \/>\n\t<meta property=\"og:image:width\" content=\"1920\" \/>\n\t<meta property=\"og:image:height\" content=\"1080\" \/>\n\t<meta property=\"og:image:type\" content=\"image\/jpeg\" \/>\n<meta name=\"author\" content=\"Antonio Buendia\" \/>\n<meta name=\"twitter:card\" content=\"summary_large_image\" \/>\n<meta name=\"twitter:label1\" content=\"Written by\" \/>\n\t<meta name=\"twitter:data1\" content=\"Antonio Buendia\" \/>\n\t<meta name=\"twitter:label2\" content=\"Est. reading time\" \/>\n\t<meta name=\"twitter:data2\" content=\"3 minutes\" \/>\n<script type=\"application\/ld+json\" class=\"yoast-schema-graph\">{\"@context\":\"https:\\\/\\\/schema.org\",\"@graph\":[{\"@type\":\"Article\",\"@id\":\"https:\\\/\\\/mineriayproyectos.com\\\/hidrocarburos\\\/2026\\\/09\\\/03\\\/minem-hidrocarburos-consumo-energia-peru\\\/#article\",\"isPartOf\":{\"@id\":\"https:\\\/\\\/mineriayproyectos.com\\\/hidrocarburos\\\/2026\\\/09\\\/03\\\/minem-hidrocarburos-consumo-energia-peru\\\/\"},\"author\":{\"name\":\"Antonio Buendia\",\"@id\":\"https:\\\/\\\/mineriayproyectos.com\\\/#\\\/schema\\\/person\\\/7cb1f3c671dfa5f49d443f8a000667d7\"},\"headline\":\"MINEM: hidrocarburos representan el 67% del consumo final de energ\u00eda en Per\u00fa\",\"datePublished\":\"2026-09-03T20:48:32+00:00\",\"dateModified\":\"2026-09-03T20:48:34+00:00\",\"mainEntityOfPage\":{\"@id\":\"https:\\\/\\\/mineriayproyectos.com\\\/hidrocarburos\\\/2026\\\/09\\\/03\\\/minem-hidrocarburos-consumo-energia-peru\\\/\"},\"wordCount\":523,\"commentCount\":0,\"image\":{\"@id\":\"https:\\\/\\\/mineriayproyectos.com\\\/hidrocarburos\\\/2026\\\/09\\\/03\\\/minem-hidrocarburos-consumo-energia-peru\\\/#primaryimage\"},\"thumbnailUrl\":\"https:\\\/\\\/mineriayproyectos.com\\\/wp-content\\\/uploads\\\/2026\\\/09\\\/minem-hidrocarburos-consumo-energia-peru.jpg\",\"keywords\":[\"energ\u00eda\",\"Iris C\u00e1rdenas\",\"MINEM\"],\"articleSection\":[\"Hidrocarburos\"],\"inLanguage\":\"en-US\",\"potentialAction\":[{\"@type\":\"CommentAction\",\"name\":\"Comment\",\"target\":[\"https:\\\/\\\/mineriayproyectos.com\\\/hidrocarburos\\\/2026\\\/09\\\/03\\\/minem-hidrocarburos-consumo-energia-peru\\\/#respond\"]}]},{\"@type\":\"WebPage\",\"@id\":\"https:\\\/\\\/mineriayproyectos.com\\\/hidrocarburos\\\/2026\\\/09\\\/03\\\/minem-hidrocarburos-consumo-energia-peru\\\/\",\"url\":\"https:\\\/\\\/mineriayproyectos.com\\\/hidrocarburos\\\/2026\\\/09\\\/03\\\/minem-hidrocarburos-consumo-energia-peru\\\/\",\"name\":\"MINEM: hidrocarburos concentran el 67% del consumo de energ\u00eda - Miner\u00eda y Proyectos\",\"isPartOf\":{\"@id\":\"https:\\\/\\\/mineriayproyectos.com\\\/#website\"},\"primaryImageOfPage\":{\"@id\":\"https:\\\/\\\/mineriayproyectos.com\\\/hidrocarburos\\\/2026\\\/09\\\/03\\\/minem-hidrocarburos-consumo-energia-peru\\\/#primaryimage\"},\"image\":{\"@id\":\"https:\\\/\\\/mineriayproyectos.com\\\/hidrocarburos\\\/2026\\\/09\\\/03\\\/minem-hidrocarburos-consumo-energia-peru\\\/#primaryimage\"},\"thumbnailUrl\":\"https:\\\/\\\/mineriayproyectos.com\\\/wp-content\\\/uploads\\\/2026\\\/09\\\/minem-hidrocarburos-consumo-energia-peru.jpg\",\"datePublished\":\"2026-09-03T20:48:32+00:00\",\"dateModified\":\"2026-09-03T20:48:34+00:00\",\"author\":{\"@id\":\"https:\\\/\\\/mineriayproyectos.com\\\/#\\\/schema\\\/person\\\/7cb1f3c671dfa5f49d443f8a000667d7\"},\"description\":\"MINEM inform\u00f3 que los hidrocarburos representan el 67% del consumo final de energ\u00eda y el 80% de la producci\u00f3n primaria del Per\u00fa.\",\"breadcrumb\":{\"@id\":\"https:\\\/\\\/mineriayproyectos.com\\\/hidrocarburos\\\/2026\\\/09\\\/03\\\/minem-hidrocarburos-consumo-energia-peru\\\/#breadcrumb\"},\"inLanguage\":\"en-US\",\"potentialAction\":[{\"@type\":\"ReadAction\",\"target\":[\"https:\\\/\\\/mineriayproyectos.com\\\/hidrocarburos\\\/2026\\\/09\\\/03\\\/minem-hidrocarburos-consumo-energia-peru\\\/\"]}]},{\"@type\":\"ImageObject\",\"inLanguage\":\"en-US\",\"@id\":\"https:\\\/\\\/mineriayproyectos.com\\\/hidrocarburos\\\/2026\\\/09\\\/03\\\/minem-hidrocarburos-consumo-energia-peru\\\/#primaryimage\",\"url\":\"https:\\\/\\\/mineriayproyectos.com\\\/wp-content\\\/uploads\\\/2026\\\/09\\\/minem-hidrocarburos-consumo-energia-peru.jpg\",\"contentUrl\":\"https:\\\/\\\/mineriayproyectos.com\\\/wp-content\\\/uploads\\\/2026\\\/09\\\/minem-hidrocarburos-consumo-energia-peru.jpg\",\"width\":1920,\"height\":1080,\"caption\":\"Los hidrocarburos representan el 67% del consumo final de energ\u00eda y el 80% de la producci\u00f3n de energ\u00eda primaria del pa\u00eds, seg\u00fan el MINEM.\"},{\"@type\":\"BreadcrumbList\",\"@id\":\"https:\\\/\\\/mineriayproyectos.com\\\/hidrocarburos\\\/2026\\\/09\\\/03\\\/minem-hidrocarburos-consumo-energia-peru\\\/#breadcrumb\",\"itemListElement\":[{\"@type\":\"ListItem\",\"position\":1,\"name\":\"Portada\",\"item\":\"https:\\\/\\\/mineriayproyectos.com\\\/\"},{\"@type\":\"ListItem\",\"position\":2,\"name\":\"MINEM: hidrocarburos representan el 67% del consumo final de energ\u00eda en Per\u00fa\"}]},{\"@type\":\"WebSite\",\"@id\":\"https:\\\/\\\/mineriayproyectos.com\\\/#website\",\"url\":\"https:\\\/\\\/mineriayproyectos.com\\\/\",\"name\":\"Miner\u00eda y Proyectos\",\"description\":\"\",\"potentialAction\":[{\"@type\":\"SearchAction\",\"target\":{\"@type\":\"EntryPoint\",\"urlTemplate\":\"https:\\\/\\\/mineriayproyectos.com\\\/?s={search_term_string}\"},\"query-input\":{\"@type\":\"PropertyValueSpecification\",\"valueRequired\":true,\"valueName\":\"search_term_string\"}}],\"inLanguage\":\"en-US\"},{\"@type\":\"Person\",\"@id\":\"https:\\\/\\\/mineriayproyectos.com\\\/#\\\/schema\\\/person\\\/7cb1f3c671dfa5f49d443f8a000667d7\",\"name\":\"Antonio Buendia\",\"image\":{\"@type\":\"ImageObject\",\"inLanguage\":\"en-US\",\"@id\":\"https:\\\/\\\/secure.gravatar.com\\\/avatar\\\/42a5a9c8c30dcb55508ba88f85b75cf86c0818b2c6f4da455d7a3cdfc2374e18?s=96&d=mm&r=g\",\"url\":\"https:\\\/\\\/secure.gravatar.com\\\/avatar\\\/42a5a9c8c30dcb55508ba88f85b75cf86c0818b2c6f4da455d7a3cdfc2374e18?s=96&d=mm&r=g\",\"contentUrl\":\"https:\\\/\\\/secure.gravatar.com\\\/avatar\\\/42a5a9c8c30dcb55508ba88f85b75cf86c0818b2c6f4da455d7a3cdfc2374e18?s=96&d=mm&r=g\",\"caption\":\"Antonio Buendia\"},\"url\":\"https:\\\/\\\/mineriayproyectos.com\\\/en\\\/author\\\/antonio-minypro\\\/\"}]}<\/script>\n<!-- \/ Yoast SEO plugin. -->","yoast_head_json":{"title":"MINEM: hidrocarburos concentran el 67% del consumo de energ\u00eda - Miner\u00eda y Proyectos","description":"MINEM inform\u00f3 que los hidrocarburos representan el 67% del consumo final de energ\u00eda y el 80% de la producci\u00f3n primaria del Per\u00fa.","robots":{"index":"index","follow":"follow","max-snippet":"max-snippet:-1","max-image-preview":"max-image-preview:large","max-video-preview":"max-video-preview:-1"},"canonical":"https:\/\/mineriayproyectos.com\/en\/hidrocarburos\/2026\/09\/03\/minem-hidrocarburos-consumo-energia-peru\/","og_locale":"en_US","og_type":"article","og_title":"MINEM: hidrocarburos concentran el 67% del consumo de energ\u00eda - Miner\u00eda y Proyectos","og_description":"MINEM inform\u00f3 que los hidrocarburos representan el 67% del consumo final de energ\u00eda y el 80% de la producci\u00f3n primaria del Per\u00fa.","og_url":"https:\/\/mineriayproyectos.com\/en\/hidrocarburos\/2026\/09\/03\/minem-hidrocarburos-consumo-energia-peru\/","og_site_name":"Miner\u00eda y Proyectos","article_published_time":"2026-09-03T20:48:32+00:00","article_modified_time":"2026-09-03T20:48:34+00:00","og_image":[{"width":1920,"height":1080,"url":"https:\/\/mineriayproyectos.com\/wp-content\/uploads\/2026\/09\/minem-hidrocarburos-consumo-energia-peru.jpg","type":"image\/jpeg"}],"author":"Antonio Buendia","twitter_card":"summary_large_image","twitter_misc":{"Written by":"Antonio Buendia","Est. reading time":"3 minutes"},"schema":{"@context":"https:\/\/schema.org","@graph":[{"@type":"Article","@id":"https:\/\/mineriayproyectos.com\/hidrocarburos\/2026\/09\/03\/minem-hidrocarburos-consumo-energia-peru\/#article","isPartOf":{"@id":"https:\/\/mineriayproyectos.com\/hidrocarburos\/2026\/09\/03\/minem-hidrocarburos-consumo-energia-peru\/"},"author":{"name":"Antonio Buendia","@id":"https:\/\/mineriayproyectos.com\/#\/schema\/person\/7cb1f3c671dfa5f49d443f8a000667d7"},"headline":"MINEM: hidrocarburos representan el 67% del consumo final de energ\u00eda en Per\u00fa","datePublished":"2026-09-03T20:48:32+00:00","dateModified":"2026-09-03T20:48:34+00:00","mainEntityOfPage":{"@id":"https:\/\/mineriayproyectos.com\/hidrocarburos\/2026\/09\/03\/minem-hidrocarburos-consumo-energia-peru\/"},"wordCount":523,"commentCount":0,"image":{"@id":"https:\/\/mineriayproyectos.com\/hidrocarburos\/2026\/09\/03\/minem-hidrocarburos-consumo-energia-peru\/#primaryimage"},"thumbnailUrl":"https:\/\/mineriayproyectos.com\/wp-content\/uploads\/2026\/09\/minem-hidrocarburos-consumo-energia-peru.jpg","keywords":["energ\u00eda","Iris C\u00e1rdenas","MINEM"],"articleSection":["Hidrocarburos"],"inLanguage":"en-US","potentialAction":[{"@type":"CommentAction","name":"Comment","target":["https:\/\/mineriayproyectos.com\/hidrocarburos\/2026\/09\/03\/minem-hidrocarburos-consumo-energia-peru\/#respond"]}]},{"@type":"WebPage","@id":"https:\/\/mineriayproyectos.com\/hidrocarburos\/2026\/09\/03\/minem-hidrocarburos-consumo-energia-peru\/","url":"https:\/\/mineriayproyectos.com\/hidrocarburos\/2026\/09\/03\/minem-hidrocarburos-consumo-energia-peru\/","name":"MINEM: hidrocarburos concentran el 67% del consumo de energ\u00eda - Miner\u00eda y Proyectos","isPartOf":{"@id":"https:\/\/mineriayproyectos.com\/#website"},"primaryImageOfPage":{"@id":"https:\/\/mineriayproyectos.com\/hidrocarburos\/2026\/09\/03\/minem-hidrocarburos-consumo-energia-peru\/#primaryimage"},"image":{"@id":"https:\/\/mineriayproyectos.com\/hidrocarburos\/2026\/09\/03\/minem-hidrocarburos-consumo-energia-peru\/#primaryimage"},"thumbnailUrl":"https:\/\/mineriayproyectos.com\/wp-content\/uploads\/2026\/09\/minem-hidrocarburos-consumo-energia-peru.jpg","datePublished":"2026-09-03T20:48:32+00:00","dateModified":"2026-09-03T20:48:34+00:00","author":{"@id":"https:\/\/mineriayproyectos.com\/#\/schema\/person\/7cb1f3c671dfa5f49d443f8a000667d7"},"description":"MINEM inform\u00f3 que los hidrocarburos representan el 67% del consumo final de energ\u00eda y el 80% de la producci\u00f3n primaria del Per\u00fa.","breadcrumb":{"@id":"https:\/\/mineriayproyectos.com\/hidrocarburos\/2026\/09\/03\/minem-hidrocarburos-consumo-energia-peru\/#breadcrumb"},"inLanguage":"en-US","potentialAction":[{"@type":"ReadAction","target":["https:\/\/mineriayproyectos.com\/hidrocarburos\/2026\/09\/03\/minem-hidrocarburos-consumo-energia-peru\/"]}]},{"@type":"ImageObject","inLanguage":"en-US","@id":"https:\/\/mineriayproyectos.com\/hidrocarburos\/2026\/09\/03\/minem-hidrocarburos-consumo-energia-peru\/#primaryimage","url":"https:\/\/mineriayproyectos.com\/wp-content\/uploads\/2026\/09\/minem-hidrocarburos-consumo-energia-peru.jpg","contentUrl":"https:\/\/mineriayproyectos.com\/wp-content\/uploads\/2026\/09\/minem-hidrocarburos-consumo-energia-peru.jpg","width":1920,"height":1080,"caption":"Los hidrocarburos representan el 67% del consumo final de energ\u00eda y el 80% de la producci\u00f3n de energ\u00eda primaria del pa\u00eds, seg\u00fan el MINEM."},{"@type":"BreadcrumbList","@id":"https:\/\/mineriayproyectos.com\/hidrocarburos\/2026\/09\/03\/minem-hidrocarburos-consumo-energia-peru\/#breadcrumb","itemListElement":[{"@type":"ListItem","position":1,"name":"Portada","item":"https:\/\/mineriayproyectos.com\/"},{"@type":"ListItem","position":2,"name":"MINEM: hidrocarburos representan el 67% del consumo final de energ\u00eda en Per\u00fa"}]},{"@type":"WebSite","@id":"https:\/\/mineriayproyectos.com\/#website","url":"https:\/\/mineriayproyectos.com\/","name":"Mining and Projects","description":"","potentialAction":[{"@type":"SearchAction","target":{"@type":"EntryPoint","urlTemplate":"https:\/\/mineriayproyectos.com\/?s={search_term_string}"},"query-input":{"@type":"PropertyValueSpecification","valueRequired":true,"valueName":"search_term_string"}}],"inLanguage":"en-US"},{"@type":"Person","@id":"https:\/\/mineriayproyectos.com\/#\/schema\/person\/7cb1f3c671dfa5f49d443f8a000667d7","name":"Antonio Buendia","image":{"@type":"ImageObject","inLanguage":"en-US","@id":"https:\/\/secure.gravatar.com\/avatar\/42a5a9c8c30dcb55508ba88f85b75cf86c0818b2c6f4da455d7a3cdfc2374e18?s=96&d=mm&r=g","url":"https:\/\/secure.gravatar.com\/avatar\/42a5a9c8c30dcb55508ba88f85b75cf86c0818b2c6f4da455d7a3cdfc2374e18?s=96&d=mm&r=g","contentUrl":"https:\/\/secure.gravatar.com\/avatar\/42a5a9c8c30dcb55508ba88f85b75cf86c0818b2c6f4da455d7a3cdfc2374e18?s=96&d=mm&r=g","caption":"Antonio Buendia"},"url":"https:\/\/mineriayproyectos.com\/en\/author\/antonio-minypro\/"}]}},"_links":{"self":[{"href":"https:\/\/mineriayproyectos.com\/en\/wp-json\/wp\/v2\/posts\/31336","targetHints":{"allow":["GET"]}}],"collection":[{"href":"https:\/\/mineriayproyectos.com\/en\/wp-json\/wp\/v2\/posts"}],"about":[{"href":"https:\/\/mineriayproyectos.com\/en\/wp-json\/wp\/v2\/types\/post"}],"author":[{"embeddable":true,"href":"https:\/\/mineriayproyectos.com\/en\/wp-json\/wp\/v2\/users\/3"}],"replies":[{"embeddable":true,"href":"https:\/\/mineriayproyectos.com\/en\/wp-json\/wp\/v2\/comments?post=31336"}],"version-history":[{"count":0,"href":"https:\/\/mineriayproyectos.com\/en\/wp-json\/wp\/v2\/posts\/31336\/revisions"}],"wp:featuredmedia":[{"embeddable":true,"href":"https:\/\/mineriayproyectos.com\/en\/wp-json\/wp\/v2\/media\/31337"}],"wp:attachment":[{"href":"https:\/\/mineriayproyectos.com\/en\/wp-json\/wp\/v2\/media?parent=31336"}],"wp:term":[{"taxonomy":"category","embeddable":true,"href":"https:\/\/mineriayproyectos.com\/en\/wp-json\/wp\/v2\/categories?post=31336"},{"taxonomy":"post_tag","embeddable":true,"href":"https:\/\/mineriayproyectos.com\/en\/wp-json\/wp\/v2\/tags?post=31336"}],"curies":[{"name":"wp","href":"https:\/\/api.w.org\/{rel}","templated":true}]}}