{"id":31330,"date":"2026-09-03T14:51:31","date_gmt":"2026-09-03T19:51:31","guid":{"rendered":"https:\/\/mineriayproyectos.com\/?p=31330"},"modified":"2026-09-03T14:51:32","modified_gmt":"2026-09-03T19:51:32","slug":"minera-condestable-aprobacion-ambiental-canete","status":"publish","type":"post","link":"https:\/\/mineriayproyectos.com\/en\/mineria\/2026\/09\/03\/minera-condestable-aprobacion-ambiental-canete\/","title":{"rendered":"Minera Condestable obtiene aprobaci\u00f3n ambiental para su operaci\u00f3n en Ca\u00f1ete"},"content":{"rendered":"<p class=\"wp-block-paragraph\"><strong>Minera Condestable<\/strong> obtuvo la aprobaci\u00f3n ambiental de la Segunda Modificaci\u00f3n de su Estudio de Impacto Ambiental detallado (MEIA-d), correspondiente a la <strong>Unidad Minera Acumulaci\u00f3n Condestable<\/strong>, ubicada en la provincia de <strong>Ca\u00f1ete<\/strong>, regi\u00f3n Lima.<\/p>\n\n\n\n<p class=\"wp-block-paragraph\">El Ministerio del Ambiente, a trav\u00e9s del <a href=\"https:\/\/www.gob.pe\/senace\" type=\"link\" id=\"https:\/\/www.gob.pe\/senace\">National Service of Environmental Certification for Sustainable Investments (Senace)<\/a>, aprob\u00f3 el instrumento presentado por Compa\u00f1\u00eda Minera Condestable S.A.<\/p>\n\n\n\n<p class=\"wp-block-paragraph\">La certificaci\u00f3n ambiental fue otorgada mediante la <strong>Resoluci\u00f3n Directoral N.\u00b0 00129-2026-SENACE-PE\/DEAR<\/strong>. De acuerdo con el Senace, esta aprobaci\u00f3n permitir\u00e1 continuar fortaleciendo la actividad minera y contribuir al desarrollo sostenible de la zona.<\/p>\n\n\n\n<p class=\"wp-block-paragraph\">La Unidad Minera Acumulaci\u00f3n Condestable se encuentra en el distrito de Mala, provincia de Ca\u00f1ete.<\/p>\n\n\n\n<h3 class=\"wp-block-heading\"><strong>Minera Condestable cumpli\u00f3 requisitos ambientales<\/strong><\/h3>\n\n\n\n<p class=\"wp-block-paragraph\">Durante el proceso de evaluaci\u00f3n, <strong>Minera Condestable<\/strong> acredit\u00f3 el cumplimiento de los requisitos establecidos en la normativa ambiental vigente.<\/p>\n\n\n\n<p class=\"wp-block-paragraph\">La evaluaci\u00f3n se realiz\u00f3 de acuerdo con el art\u00edculo 55 del Reglamento de la Ley del Sistema Nacional de Evaluaci\u00f3n de Impacto Ambiental (SEIA), aprobado mediante el Decreto Supremo N.\u00b0 019-2009-MINAM.<\/p>\n\n\n\n<hr class=\"wp-block-separator has-alpha-channel-opacity\"\/>\n\n\n\n<div class=\"wp-block-media-text is-stacked-on-mobile\" style=\"grid-template-columns:35% auto\"><figure class=\"wp-block-media-text__media\"><img fetchpriority=\"high\" decoding=\"async\" width=\"1024\" height=\"576\" src=\"https:\/\/mineriayproyectos.com\/wp-content\/uploads\/2026\/09\/cobriza-senace-octavo-its-huancavelica-1024x576.jpg\" alt=\"Cobriza recibe aprobaci\u00f3n del Senace para optimizar sus operaciones en Huancavelica\" class=\"wp-image-31325 size-full\" srcset=\"https:\/\/mineriayproyectos.com\/wp-content\/uploads\/2026\/09\/cobriza-senace-octavo-its-huancavelica-1024x576.jpg 1024w, https:\/\/mineriayproyectos.com\/wp-content\/uploads\/2026\/09\/cobriza-senace-octavo-its-huancavelica-300x169.jpg 300w, https:\/\/mineriayproyectos.com\/wp-content\/uploads\/2026\/09\/cobriza-senace-octavo-its-huancavelica-768x432.jpg 768w, https:\/\/mineriayproyectos.com\/wp-content\/uploads\/2026\/09\/cobriza-senace-octavo-its-huancavelica-1536x864.jpg 1536w, https:\/\/mineriayproyectos.com\/wp-content\/uploads\/2026\/09\/cobriza-senace-octavo-its-huancavelica-18x10.jpg 18w, https:\/\/mineriayproyectos.com\/wp-content\/uploads\/2026\/09\/cobriza-senace-octavo-its-huancavelica.jpg 1920w\" sizes=\"(max-width: 1024px) 100vw, 1024px\" \/><\/figure><div class=\"wp-block-media-text__content\">\n<p class=\"wp-block-paragraph\"><strong><em>Leer tambi\u00e9n \u25ba <a href=\"https:\/\/mineriayproyectos.com\/en\/mineria\/2026\/09\/03\/cobriza-senace-octavo-its-huancavelica\/\">Huancavelica: Senace aprueba octavo ITS de Cobriza para optimizar sus operaciones<\/a><\/em><\/strong><\/p>\n<\/div><\/div>\n\n\n\n<hr class=\"wp-block-separator has-alpha-channel-opacity\"\/>\n\n\n\n<p class=\"wp-block-paragraph\">Adem\u00e1s, el procedimiento consider\u00f3 el art\u00edculo 144 del Reglamento de Protecci\u00f3n y Gesti\u00f3n Ambiental para las Actividades de Explotaci\u00f3n, Beneficio, Labor General, Transporte y Almacenamiento Minero.<\/p>\n\n\n\n<p class=\"wp-block-paragraph\">Este \u00faltimo marco normativo fue aprobado mediante el Decreto Supremo N.\u00b0 040-2014-EM.<\/p>\n\n\n\n<h3 class=\"wp-block-heading\"><strong>Senace destaca evaluaci\u00f3n t\u00e9cnica del proyecto<\/strong><\/h3>\n\n\n\n<p class=\"wp-block-paragraph\">La presidenta ejecutiva del <a href=\"https:\/\/mineriayproyectos.com\/en\/mineria\/2026\/09\/03\/cobriza-senace-octavo-its-huancavelica\/\" type=\"link\" id=\"https:\/\/mineriayproyectos.com\/mineria\/2026\/09\/03\/cobriza-senace-octavo-its-huancavelica\/\">Senace<\/a>, Silvia Cuba Castillo, se\u00f1al\u00f3 que la aprobaci\u00f3n forma parte del enfoque que viene aplicando la entidad en la evaluaci\u00f3n de proyectos de inversi\u00f3n.<\/p>\n\n\n\n<p class=\"wp-block-paragraph\">\u201cEsta aprobaci\u00f3n se enmarca en la pol\u00edtica de gesti\u00f3n del Senace de realizar evaluaciones t\u00e9cnicas, con visi\u00f3n de futuro y enfocadas en las necesidades del pa\u00eds\u201d, sostuvo.<\/p>\n\n\n\n<p class=\"wp-block-paragraph\">Asimismo, indic\u00f3 que la instituci\u00f3n busca continuar avanzando mediante la transparencia, la transformaci\u00f3n digital y la participaci\u00f3n de la ciudadan\u00eda en sus procesos de evaluaci\u00f3n ambiental.<\/p>\n\n\n\n<h3 class=\"wp-block-heading\"><strong>ANA emiti\u00f3 opini\u00f3n favorable<\/strong><\/h3>\n\n\n\n<p class=\"wp-block-paragraph\">La Segunda MEIA-d de <strong>Minera Condestable<\/strong> tambi\u00e9n recibi\u00f3 la opini\u00f3n t\u00e9cnica vinculante favorable de la <strong>Autoridad Nacional del Agua (ANA)<\/strong>.<\/p>\n\n\n\n<p class=\"wp-block-paragraph\">Adem\u00e1s, durante el proceso participaron otras entidades p\u00fablicas que emitieron sus respectivas opiniones t\u00e9cnicas.<\/p>\n\n\n\n<p class=\"wp-block-paragraph\">Entre ellas se encuentran el <strong>Ministerio de Desarrollo Agrario y Riego (MIDAGRI)<\/strong>, el <strong>Ministerio de Cultura<\/strong> y el <strong>Servicio Nacional Forestal y de Fauna Silvestre (SERFOR)<\/strong>.<\/p>\n\n\n\n<p class=\"wp-block-paragraph\">Con la certificaci\u00f3n ambiental otorgada, <strong>Compa\u00f1\u00eda Minera Condestable<\/strong> cuenta con la aprobaci\u00f3n correspondiente para la Segunda Modificaci\u00f3n del Estudio de Impacto Ambiental detallado de su unidad minera en Ca\u00f1ete, tras completar el proceso de evaluaci\u00f3n t\u00e9cnica previsto por la normativa ambiental.<\/p>","protected":false},"excerpt":{"rendered":"<p>Minera Condestable obtuvo la aprobaci\u00f3n ambiental de la Segunda Modificaci\u00f3n de su Estudio de Impacto Ambiental detallado (MEIA-d), correspondiente a la Unidad Minera Acumulaci\u00f3n Condestable, ubicada en la provincia de Ca\u00f1ete, regi\u00f3n Lima. El Ministerio del Ambiente, a trav\u00e9s del Servicio Nacional de Certificaci\u00f3n Ambiental para las Inversiones Sostenibles (Senace), aprob\u00f3 el instrumento presentado por [&hellip;]<\/p>\n","protected":false},"author":3,"featured_media":31331,"comment_status":"open","ping_status":"open","sticky":false,"template":"","format":"standard","meta":{"footnotes":""},"categories":[10],"tags":[1192,798,44],"class_list":["post-31330","post","type-post","status-publish","format-standard","has-post-thumbnail","hentry","category-mineria","tag-canete","tag-mina-condestable","tag-senace"],"yoast_head":"<!-- This site is optimized with the Yoast SEO plugin v27.6 - https:\/\/yoast.com\/product\/yoast-seo-wordpress\/ -->\n<title>Minera Condestable avanza con aprobaci\u00f3n ambiental del Senace - Miner\u00eda y Proyectos<\/title>\n<meta name=\"description\" content=\"Minera Condestable obtuvo la aprobaci\u00f3n ambiental del Senace para la Segunda MEIA-d de su operaci\u00f3n minera ubicada en Ca\u00f1ete.\" \/>\n<meta name=\"robots\" content=\"index, follow, max-snippet:-1, max-image-preview:large, max-video-preview:-1\" \/>\n<link rel=\"canonical\" href=\"https:\/\/mineriayproyectos.com\/en\/mineria\/2026\/09\/03\/minera-condestable-aprobacion-ambiental-canete\/\" \/>\n<meta property=\"og:locale\" content=\"en_US\" \/>\n<meta property=\"og:type\" content=\"article\" \/>\n<meta property=\"og:title\" content=\"Minera Condestable avanza con aprobaci\u00f3n ambiental del Senace - Miner\u00eda y Proyectos\" \/>\n<meta property=\"og:description\" content=\"Minera Condestable obtuvo la aprobaci\u00f3n ambiental del Senace para la Segunda MEIA-d de su operaci\u00f3n minera ubicada en Ca\u00f1ete.\" \/>\n<meta property=\"og:url\" content=\"https:\/\/mineriayproyectos.com\/en\/mineria\/2026\/09\/03\/minera-condestable-aprobacion-ambiental-canete\/\" \/>\n<meta property=\"og:site_name\" content=\"Miner\u00eda y Proyectos\" \/>\n<meta property=\"article:published_time\" content=\"2026-09-03T19:51:31+00:00\" \/>\n<meta property=\"article:modified_time\" content=\"2026-09-03T19:51:32+00:00\" \/>\n<meta property=\"og:image\" content=\"https:\/\/mineriayproyectos.com\/wp-content\/uploads\/2026\/09\/minera-condestable-aprobacion-ambiental-canete.jpg\" \/>\n\t<meta property=\"og:image:width\" content=\"1920\" \/>\n\t<meta property=\"og:image:height\" content=\"1080\" \/>\n\t<meta property=\"og:image:type\" content=\"image\/jpeg\" \/>\n<meta name=\"author\" content=\"Antonio Buendia\" \/>\n<meta name=\"twitter:card\" content=\"summary_large_image\" \/>\n<meta name=\"twitter:label1\" content=\"Written by\" \/>\n\t<meta name=\"twitter:data1\" content=\"Antonio Buendia\" \/>\n\t<meta name=\"twitter:label2\" content=\"Est. reading time\" \/>\n\t<meta name=\"twitter:data2\" content=\"3 minutes\" \/>\n<script type=\"application\/ld+json\" class=\"yoast-schema-graph\">{\"@context\":\"https:\\\/\\\/schema.org\",\"@graph\":[{\"@type\":\"Article\",\"@id\":\"https:\\\/\\\/mineriayproyectos.com\\\/mineria\\\/2026\\\/09\\\/03\\\/minera-condestable-aprobacion-ambiental-canete\\\/#article\",\"isPartOf\":{\"@id\":\"https:\\\/\\\/mineriayproyectos.com\\\/mineria\\\/2026\\\/09\\\/03\\\/minera-condestable-aprobacion-ambiental-canete\\\/\"},\"author\":{\"name\":\"Antonio Buendia\",\"@id\":\"https:\\\/\\\/mineriayproyectos.com\\\/#\\\/schema\\\/person\\\/7cb1f3c671dfa5f49d443f8a000667d7\"},\"headline\":\"Minera Condestable obtiene aprobaci\u00f3n ambiental para su operaci\u00f3n en Ca\u00f1ete\",\"datePublished\":\"2026-09-03T19:51:31+00:00\",\"dateModified\":\"2026-09-03T19:51:32+00:00\",\"mainEntityOfPage\":{\"@id\":\"https:\\\/\\\/mineriayproyectos.com\\\/mineria\\\/2026\\\/09\\\/03\\\/minera-condestable-aprobacion-ambiental-canete\\\/\"},\"wordCount\":474,\"commentCount\":1,\"image\":{\"@id\":\"https:\\\/\\\/mineriayproyectos.com\\\/mineria\\\/2026\\\/09\\\/03\\\/minera-condestable-aprobacion-ambiental-canete\\\/#primaryimage\"},\"thumbnailUrl\":\"https:\\\/\\\/mineriayproyectos.com\\\/wp-content\\\/uploads\\\/2026\\\/09\\\/minera-condestable-aprobacion-ambiental-canete.jpg\",\"keywords\":[\"Ca\u00f1ete\",\"Mina Condestable\",\"SENACE\"],\"articleSection\":[\"Miner\u00eda\"],\"inLanguage\":\"en-US\",\"potentialAction\":[{\"@type\":\"CommentAction\",\"name\":\"Comment\",\"target\":[\"https:\\\/\\\/mineriayproyectos.com\\\/mineria\\\/2026\\\/09\\\/03\\\/minera-condestable-aprobacion-ambiental-canete\\\/#respond\"]}]},{\"@type\":\"WebPage\",\"@id\":\"https:\\\/\\\/mineriayproyectos.com\\\/mineria\\\/2026\\\/09\\\/03\\\/minera-condestable-aprobacion-ambiental-canete\\\/\",\"url\":\"https:\\\/\\\/mineriayproyectos.com\\\/mineria\\\/2026\\\/09\\\/03\\\/minera-condestable-aprobacion-ambiental-canete\\\/\",\"name\":\"Minera Condestable avanza con aprobaci\u00f3n ambiental del Senace - Miner\u00eda y Proyectos\",\"isPartOf\":{\"@id\":\"https:\\\/\\\/mineriayproyectos.com\\\/#website\"},\"primaryImageOfPage\":{\"@id\":\"https:\\\/\\\/mineriayproyectos.com\\\/mineria\\\/2026\\\/09\\\/03\\\/minera-condestable-aprobacion-ambiental-canete\\\/#primaryimage\"},\"image\":{\"@id\":\"https:\\\/\\\/mineriayproyectos.com\\\/mineria\\\/2026\\\/09\\\/03\\\/minera-condestable-aprobacion-ambiental-canete\\\/#primaryimage\"},\"thumbnailUrl\":\"https:\\\/\\\/mineriayproyectos.com\\\/wp-content\\\/uploads\\\/2026\\\/09\\\/minera-condestable-aprobacion-ambiental-canete.jpg\",\"datePublished\":\"2026-09-03T19:51:31+00:00\",\"dateModified\":\"2026-09-03T19:51:32+00:00\",\"author\":{\"@id\":\"https:\\\/\\\/mineriayproyectos.com\\\/#\\\/schema\\\/person\\\/7cb1f3c671dfa5f49d443f8a000667d7\"},\"description\":\"Minera Condestable obtuvo la aprobaci\u00f3n ambiental del Senace para la Segunda MEIA-d de su operaci\u00f3n minera ubicada en Ca\u00f1ete.\",\"breadcrumb\":{\"@id\":\"https:\\\/\\\/mineriayproyectos.com\\\/mineria\\\/2026\\\/09\\\/03\\\/minera-condestable-aprobacion-ambiental-canete\\\/#breadcrumb\"},\"inLanguage\":\"en-US\",\"potentialAction\":[{\"@type\":\"ReadAction\",\"target\":[\"https:\\\/\\\/mineriayproyectos.com\\\/mineria\\\/2026\\\/09\\\/03\\\/minera-condestable-aprobacion-ambiental-canete\\\/\"]}]},{\"@type\":\"ImageObject\",\"inLanguage\":\"en-US\",\"@id\":\"https:\\\/\\\/mineriayproyectos.com\\\/mineria\\\/2026\\\/09\\\/03\\\/minera-condestable-aprobacion-ambiental-canete\\\/#primaryimage\",\"url\":\"https:\\\/\\\/mineriayproyectos.com\\\/wp-content\\\/uploads\\\/2026\\\/09\\\/minera-condestable-aprobacion-ambiental-canete.jpg\",\"contentUrl\":\"https:\\\/\\\/mineriayproyectos.com\\\/wp-content\\\/uploads\\\/2026\\\/09\\\/minera-condestable-aprobacion-ambiental-canete.jpg\",\"width\":1920,\"height\":1080,\"caption\":\"Minera Condestable recibi\u00f3 la aprobaci\u00f3n de la Segunda MEIA-d de su unidad minera ubicada en Mala, provincia de Ca\u00f1ete.\"},{\"@type\":\"BreadcrumbList\",\"@id\":\"https:\\\/\\\/mineriayproyectos.com\\\/mineria\\\/2026\\\/09\\\/03\\\/minera-condestable-aprobacion-ambiental-canete\\\/#breadcrumb\",\"itemListElement\":[{\"@type\":\"ListItem\",\"position\":1,\"name\":\"Portada\",\"item\":\"https:\\\/\\\/mineriayproyectos.com\\\/\"},{\"@type\":\"ListItem\",\"position\":2,\"name\":\"Minera Condestable obtiene aprobaci\u00f3n ambiental para su operaci\u00f3n en Ca\u00f1ete\"}]},{\"@type\":\"WebSite\",\"@id\":\"https:\\\/\\\/mineriayproyectos.com\\\/#website\",\"url\":\"https:\\\/\\\/mineriayproyectos.com\\\/\",\"name\":\"Miner\u00eda y Proyectos\",\"description\":\"\",\"potentialAction\":[{\"@type\":\"SearchAction\",\"target\":{\"@type\":\"EntryPoint\",\"urlTemplate\":\"https:\\\/\\\/mineriayproyectos.com\\\/?s={search_term_string}\"},\"query-input\":{\"@type\":\"PropertyValueSpecification\",\"valueRequired\":true,\"valueName\":\"search_term_string\"}}],\"inLanguage\":\"en-US\"},{\"@type\":\"Person\",\"@id\":\"https:\\\/\\\/mineriayproyectos.com\\\/#\\\/schema\\\/person\\\/7cb1f3c671dfa5f49d443f8a000667d7\",\"name\":\"Antonio Buendia\",\"image\":{\"@type\":\"ImageObject\",\"inLanguage\":\"en-US\",\"@id\":\"https:\\\/\\\/secure.gravatar.com\\\/avatar\\\/42a5a9c8c30dcb55508ba88f85b75cf86c0818b2c6f4da455d7a3cdfc2374e18?s=96&d=mm&r=g\",\"url\":\"https:\\\/\\\/secure.gravatar.com\\\/avatar\\\/42a5a9c8c30dcb55508ba88f85b75cf86c0818b2c6f4da455d7a3cdfc2374e18?s=96&d=mm&r=g\",\"contentUrl\":\"https:\\\/\\\/secure.gravatar.com\\\/avatar\\\/42a5a9c8c30dcb55508ba88f85b75cf86c0818b2c6f4da455d7a3cdfc2374e18?s=96&d=mm&r=g\",\"caption\":\"Antonio Buendia\"},\"url\":\"https:\\\/\\\/mineriayproyectos.com\\\/en\\\/author\\\/antonio-minypro\\\/\"}]}<\/script>\n<!-- \/ Yoast SEO plugin. -->","yoast_head_json":{"title":"Minera Condestable avanza con aprobaci\u00f3n ambiental del Senace - Miner\u00eda y Proyectos","description":"Minera Condestable obtuvo la aprobaci\u00f3n ambiental del Senace para la Segunda MEIA-d de su operaci\u00f3n minera ubicada en Ca\u00f1ete.","robots":{"index":"index","follow":"follow","max-snippet":"max-snippet:-1","max-image-preview":"max-image-preview:large","max-video-preview":"max-video-preview:-1"},"canonical":"https:\/\/mineriayproyectos.com\/en\/mineria\/2026\/09\/03\/minera-condestable-aprobacion-ambiental-canete\/","og_locale":"en_US","og_type":"article","og_title":"Minera Condestable avanza con aprobaci\u00f3n ambiental del Senace - Miner\u00eda y Proyectos","og_description":"Minera Condestable obtuvo la aprobaci\u00f3n ambiental del Senace para la Segunda MEIA-d de su operaci\u00f3n minera ubicada en Ca\u00f1ete.","og_url":"https:\/\/mineriayproyectos.com\/en\/mineria\/2026\/09\/03\/minera-condestable-aprobacion-ambiental-canete\/","og_site_name":"Miner\u00eda y Proyectos","article_published_time":"2026-09-03T19:51:31+00:00","article_modified_time":"2026-09-03T19:51:32+00:00","og_image":[{"width":1920,"height":1080,"url":"https:\/\/mineriayproyectos.com\/wp-content\/uploads\/2026\/09\/minera-condestable-aprobacion-ambiental-canete.jpg","type":"image\/jpeg"}],"author":"Antonio Buendia","twitter_card":"summary_large_image","twitter_misc":{"Written by":"Antonio Buendia","Est. reading time":"3 minutes"},"schema":{"@context":"https:\/\/schema.org","@graph":[{"@type":"Article","@id":"https:\/\/mineriayproyectos.com\/mineria\/2026\/09\/03\/minera-condestable-aprobacion-ambiental-canete\/#article","isPartOf":{"@id":"https:\/\/mineriayproyectos.com\/mineria\/2026\/09\/03\/minera-condestable-aprobacion-ambiental-canete\/"},"author":{"name":"Antonio Buendia","@id":"https:\/\/mineriayproyectos.com\/#\/schema\/person\/7cb1f3c671dfa5f49d443f8a000667d7"},"headline":"Minera Condestable obtiene aprobaci\u00f3n ambiental para su operaci\u00f3n en Ca\u00f1ete","datePublished":"2026-09-03T19:51:31+00:00","dateModified":"2026-09-03T19:51:32+00:00","mainEntityOfPage":{"@id":"https:\/\/mineriayproyectos.com\/mineria\/2026\/09\/03\/minera-condestable-aprobacion-ambiental-canete\/"},"wordCount":474,"commentCount":1,"image":{"@id":"https:\/\/mineriayproyectos.com\/mineria\/2026\/09\/03\/minera-condestable-aprobacion-ambiental-canete\/#primaryimage"},"thumbnailUrl":"https:\/\/mineriayproyectos.com\/wp-content\/uploads\/2026\/09\/minera-condestable-aprobacion-ambiental-canete.jpg","keywords":["Ca\u00f1ete","Mina Condestable","SENACE"],"articleSection":["Miner\u00eda"],"inLanguage":"en-US","potentialAction":[{"@type":"CommentAction","name":"Comment","target":["https:\/\/mineriayproyectos.com\/mineria\/2026\/09\/03\/minera-condestable-aprobacion-ambiental-canete\/#respond"]}]},{"@type":"WebPage","@id":"https:\/\/mineriayproyectos.com\/mineria\/2026\/09\/03\/minera-condestable-aprobacion-ambiental-canete\/","url":"https:\/\/mineriayproyectos.com\/mineria\/2026\/09\/03\/minera-condestable-aprobacion-ambiental-canete\/","name":"Minera Condestable avanza con aprobaci\u00f3n ambiental del Senace - Miner\u00eda y Proyectos","isPartOf":{"@id":"https:\/\/mineriayproyectos.com\/#website"},"primaryImageOfPage":{"@id":"https:\/\/mineriayproyectos.com\/mineria\/2026\/09\/03\/minera-condestable-aprobacion-ambiental-canete\/#primaryimage"},"image":{"@id":"https:\/\/mineriayproyectos.com\/mineria\/2026\/09\/03\/minera-condestable-aprobacion-ambiental-canete\/#primaryimage"},"thumbnailUrl":"https:\/\/mineriayproyectos.com\/wp-content\/uploads\/2026\/09\/minera-condestable-aprobacion-ambiental-canete.jpg","datePublished":"2026-09-03T19:51:31+00:00","dateModified":"2026-09-03T19:51:32+00:00","author":{"@id":"https:\/\/mineriayproyectos.com\/#\/schema\/person\/7cb1f3c671dfa5f49d443f8a000667d7"},"description":"Minera Condestable obtuvo la aprobaci\u00f3n ambiental del Senace para la Segunda MEIA-d de su operaci\u00f3n minera ubicada en Ca\u00f1ete.","breadcrumb":{"@id":"https:\/\/mineriayproyectos.com\/mineria\/2026\/09\/03\/minera-condestable-aprobacion-ambiental-canete\/#breadcrumb"},"inLanguage":"en-US","potentialAction":[{"@type":"ReadAction","target":["https:\/\/mineriayproyectos.com\/mineria\/2026\/09\/03\/minera-condestable-aprobacion-ambiental-canete\/"]}]},{"@type":"ImageObject","inLanguage":"en-US","@id":"https:\/\/mineriayproyectos.com\/mineria\/2026\/09\/03\/minera-condestable-aprobacion-ambiental-canete\/#primaryimage","url":"https:\/\/mineriayproyectos.com\/wp-content\/uploads\/2026\/09\/minera-condestable-aprobacion-ambiental-canete.jpg","contentUrl":"https:\/\/mineriayproyectos.com\/wp-content\/uploads\/2026\/09\/minera-condestable-aprobacion-ambiental-canete.jpg","width":1920,"height":1080,"caption":"Minera Condestable recibi\u00f3 la aprobaci\u00f3n de la Segunda MEIA-d de su unidad minera ubicada en Mala, provincia de Ca\u00f1ete."},{"@type":"BreadcrumbList","@id":"https:\/\/mineriayproyectos.com\/mineria\/2026\/09\/03\/minera-condestable-aprobacion-ambiental-canete\/#breadcrumb","itemListElement":[{"@type":"ListItem","position":1,"name":"Portada","item":"https:\/\/mineriayproyectos.com\/"},{"@type":"ListItem","position":2,"name":"Minera Condestable obtiene aprobaci\u00f3n ambiental para su operaci\u00f3n en Ca\u00f1ete"}]},{"@type":"WebSite","@id":"https:\/\/mineriayproyectos.com\/#website","url":"https:\/\/mineriayproyectos.com\/","name":"Mining and Projects","description":"","potentialAction":[{"@type":"SearchAction","target":{"@type":"EntryPoint","urlTemplate":"https:\/\/mineriayproyectos.com\/?s={search_term_string}"},"query-input":{"@type":"PropertyValueSpecification","valueRequired":true,"valueName":"search_term_string"}}],"inLanguage":"en-US"},{"@type":"Person","@id":"https:\/\/mineriayproyectos.com\/#\/schema\/person\/7cb1f3c671dfa5f49d443f8a000667d7","name":"Antonio Buendia","image":{"@type":"ImageObject","inLanguage":"en-US","@id":"https:\/\/secure.gravatar.com\/avatar\/42a5a9c8c30dcb55508ba88f85b75cf86c0818b2c6f4da455d7a3cdfc2374e18?s=96&d=mm&r=g","url":"https:\/\/secure.gravatar.com\/avatar\/42a5a9c8c30dcb55508ba88f85b75cf86c0818b2c6f4da455d7a3cdfc2374e18?s=96&d=mm&r=g","contentUrl":"https:\/\/secure.gravatar.com\/avatar\/42a5a9c8c30dcb55508ba88f85b75cf86c0818b2c6f4da455d7a3cdfc2374e18?s=96&d=mm&r=g","caption":"Antonio Buendia"},"url":"https:\/\/mineriayproyectos.com\/en\/author\/antonio-minypro\/"}]}},"_links":{"self":[{"href":"https:\/\/mineriayproyectos.com\/en\/wp-json\/wp\/v2\/posts\/31330","targetHints":{"allow":["GET"]}}],"collection":[{"href":"https:\/\/mineriayproyectos.com\/en\/wp-json\/wp\/v2\/posts"}],"about":[{"href":"https:\/\/mineriayproyectos.com\/en\/wp-json\/wp\/v2\/types\/post"}],"author":[{"embeddable":true,"href":"https:\/\/mineriayproyectos.com\/en\/wp-json\/wp\/v2\/users\/3"}],"replies":[{"embeddable":true,"href":"https:\/\/mineriayproyectos.com\/en\/wp-json\/wp\/v2\/comments?post=31330"}],"version-history":[{"count":0,"href":"https:\/\/mineriayproyectos.com\/en\/wp-json\/wp\/v2\/posts\/31330\/revisions"}],"wp:featuredmedia":[{"embeddable":true,"href":"https:\/\/mineriayproyectos.com\/en\/wp-json\/wp\/v2\/media\/31331"}],"wp:attachment":[{"href":"https:\/\/mineriayproyectos.com\/en\/wp-json\/wp\/v2\/media?parent=31330"}],"wp:term":[{"taxonomy":"category","embeddable":true,"href":"https:\/\/mineriayproyectos.com\/en\/wp-json\/wp\/v2\/categories?post=31330"},{"taxonomy":"post_tag","embeddable":true,"href":"https:\/\/mineriayproyectos.com\/en\/wp-json\/wp\/v2\/tags?post=31330"}],"curies":[{"name":"wp","href":"https:\/\/api.w.org\/{rel}","templated":true}]}}