{"id":31327,"date":"2026-09-03T12:41:15","date_gmt":"2026-09-03T17:41:15","guid":{"rendered":"https:\/\/mineriayproyectos.com\/?p=31327"},"modified":"2026-09-03T12:41:17","modified_gmt":"2026-09-03T17:41:17","slug":"generacion-transmision-electrica-peru-2036","status":"publish","type":"post","link":"https:\/\/mineriayproyectos.com\/en\/energia\/2026\/09\/03\/generacion-transmision-electrica-peru-2036\/","title":{"rendered":"Per\u00fa proyecta m\u00e1s de US$ 9,500 millones en generaci\u00f3n y transmisi\u00f3n el\u00e9ctrica al 2036"},"content":{"rendered":"<p class=\"wp-block-paragraph\"><strong>Generaci\u00f3n y transmisi\u00f3n el\u00e9ctrica<\/strong> concentrar\u00e1n inversiones por m\u00e1s de <strong>US$ 9,500 millones en Per\u00fa<\/strong>, como parte de una cartera de proyectos que busca ampliar la capacidad instalada y reforzar el Sistema El\u00e9ctrico Interconectado Nacional (SEIN) hacia 2036.<\/p>\n\n\n\n<p class=\"wp-block-paragraph\">El viceministro de Electricidad del <a href=\"https:\/\/www.gob.pe\/minem\" type=\"link\" id=\"https:\/\/www.gob.pe\/minem\">Ministry of Energy and Mines (MINEM)<\/a>, Luis Enrique Santill\u00e1n Cervantes, present\u00f3 el balance y las proyecciones del sector durante su participaci\u00f3n en el <strong>Smart Energy Summit 2026<\/strong>, encuentro que re\u00fane a representantes de energ\u00edas renovables, almacenamiento y servicios complementarios.<\/p>\n\n\n\n<h3 class=\"wp-block-heading\"><strong>Generaci\u00f3n el\u00e9ctrica movilizar\u00e1 US$ 6,500 millones<\/strong><\/h3>\n\n\n\n<p class=\"wp-block-paragraph\">Actualmente se encuentran en ejecuci\u00f3n <strong>33 proyectos de generaci\u00f3n el\u00e9ctrica<\/strong>, que en conjunto representan una inversi\u00f3n estimada de <strong>US$ 6,500 millones<\/strong>.<\/p>\n\n\n\n<p class=\"wp-block-paragraph\">La cartera est\u00e1 conformada por <strong>11 plantas solares, cinco parques e\u00f3licos, 16 proyectos hidroel\u00e9ctricos y una central t\u00e9rmica a gas natural<\/strong>.<\/p>\n\n\n\n<p class=\"wp-block-paragraph\">Seg\u00fan el MINEM, estas iniciativas permitir\u00e1n incorporar <strong>m\u00e1s de 5,000 MW de nueva capacidad instalada entre 2026 y 2036<\/strong>.<\/p>\n\n\n\n<p class=\"wp-block-paragraph\">El desarrollo de esta infraestructura permitir\u00e1 ampliar la oferta de electricidad y diversificar las fuentes de generaci\u00f3n dentro del sistema peruano.<\/p>\n\n\n\n<h3 class=\"wp-block-heading\"><strong>Transmisi\u00f3n el\u00e9ctrica suma m\u00e1s de US$ 3,000 millones<\/strong><\/h3>\n\n\n\n<p class=\"wp-block-paragraph\">La expansi\u00f3n de la generaci\u00f3n requiere, adem\u00e1s, nuevas redes que permitan transportar la energ\u00eda hacia los principales centros de consumo.<\/p>\n\n\n\n<p class=\"wp-block-paragraph\">En ese contexto, existen <strong>52 proyectos de transmisi\u00f3n el\u00e9ctrica<\/strong> que representan inversiones superiores a <strong>US$ 3,000 millones<\/strong>.<\/p>\n\n\n\n<p class=\"wp-block-paragraph\"><\/p>\n\n\n\n<hr class=\"wp-block-separator has-alpha-channel-opacity\"\/>\n\n\n\n<div class=\"wp-block-media-text is-stacked-on-mobile\" style=\"grid-template-columns:38% auto\"><figure class=\"wp-block-media-text__media\"><img fetchpriority=\"high\" decoding=\"async\" width=\"1024\" height=\"576\" src=\"https:\/\/mineriayproyectos.com\/wp-content\/uploads\/2026\/09\/cobriza-senace-octavo-its-huancavelica-1024x576.jpg\" alt=\"Cobriza recibe aprobaci\u00f3n del Senace para optimizar sus operaciones en Huancavelica\" class=\"wp-image-31325 size-full\" srcset=\"https:\/\/mineriayproyectos.com\/wp-content\/uploads\/2026\/09\/cobriza-senace-octavo-its-huancavelica-1024x576.jpg 1024w, https:\/\/mineriayproyectos.com\/wp-content\/uploads\/2026\/09\/cobriza-senace-octavo-its-huancavelica-300x169.jpg 300w, https:\/\/mineriayproyectos.com\/wp-content\/uploads\/2026\/09\/cobriza-senace-octavo-its-huancavelica-768x432.jpg 768w, https:\/\/mineriayproyectos.com\/wp-content\/uploads\/2026\/09\/cobriza-senace-octavo-its-huancavelica-1536x864.jpg 1536w, https:\/\/mineriayproyectos.com\/wp-content\/uploads\/2026\/09\/cobriza-senace-octavo-its-huancavelica-18x10.jpg 18w, https:\/\/mineriayproyectos.com\/wp-content\/uploads\/2026\/09\/cobriza-senace-octavo-its-huancavelica.jpg 1920w\" sizes=\"(max-width: 1024px) 100vw, 1024px\" \/><\/figure><div class=\"wp-block-media-text__content\">\n<p class=\"wp-block-paragraph\"><strong><em>Leer tambi\u00e9n \u25ba <a href=\"https:\/\/mineriayproyectos.com\/en\/mineria\/2026\/09\/03\/cobriza-senace-octavo-its-huancavelica\/\">Huancavelica: Senace aprueba octavo ITS de Cobriza para optimizar sus operaciones<\/a><\/em><\/strong><\/p>\n<\/div><\/div>\n\n\n\n<hr class=\"wp-block-separator has-alpha-channel-opacity\"\/>\n\n\n\n<p class=\"wp-block-paragraph\"><\/p>\n\n\n\n<p class=\"wp-block-paragraph\">De ese total, <strong>33 proyectos se encuentran en ejecuci\u00f3n<\/strong>, con compromisos de inversi\u00f3n por <strong>US$ 2,111 millones<\/strong> y presencia en 20 regiones del pa\u00eds.<\/p>\n\n\n\n<p class=\"wp-block-paragraph\">Otros <strong>19 proyectos est\u00e1n en fase de adjudicaci\u00f3n y contrataci\u00f3n<\/strong>, con una inversi\u00f3n estimada de <strong>US$ 966.1 millones<\/strong> y alcance en 13 regiones.<\/p>\n\n\n\n<h3 class=\"wp-block-heading\"><strong>Per\u00fa supera los 20,000 kil\u00f3metros de redes el\u00e9ctricas<\/strong><\/h3>\n\n\n\n<p class=\"wp-block-paragraph\">Santill\u00e1n destac\u00f3 tambi\u00e9n el crecimiento registrado por la infraestructura de transmisi\u00f3n en los \u00faltimos a\u00f1os.<\/p>\n\n\n\n<p class=\"wp-block-paragraph\">Durante los \u00faltimos 18 a\u00f1os, el sistema el\u00e9ctrico peruano incorpor\u00f3 <strong>m\u00e1s de 10,900 kil\u00f3metros de l\u00edneas de transmisi\u00f3n<\/strong>. Con ello, la red nacional supera actualmente los 20,000 kil\u00f3metros.<\/p>\n\n\n\n<p class=\"wp-block-paragraph\">Esta expansi\u00f3n resulta clave para acompa\u00f1ar el desarrollo de nuevos proyectos de generaci\u00f3n y fortalecer la capacidad del SEIN para transportar electricidad entre las distintas regiones.<\/p>\n\n\n\n<h3 class=\"wp-block-heading\"><strong>Generaci\u00f3n y transmisi\u00f3n el\u00e9ctrica, claves para el sistema al 2036<\/strong><\/h3>\n\n\n\n<p class=\"wp-block-paragraph\">Las inversiones en <strong>generaci\u00f3n y transmisi\u00f3n el\u00e9ctrica<\/strong> forman parte de los objetivos establecidos en la Pol\u00edtica Energ\u00e9tica Nacional 2010-2040.<\/p>\n\n\n\n<p class=\"wp-block-paragraph\">Esta pol\u00edtica busca avanzar hacia un sistema el\u00e9ctrico confiable, continuo y eficiente. Asimismo, considera la planificaci\u00f3n y la incorporaci\u00f3n de nuevas tecnolog\u00edas como elementos centrales para el desarrollo del sector.<\/p>\n\n\n\n<p class=\"wp-block-paragraph\">El viceministro se\u00f1al\u00f3 que la estrategia contempla cuatro prioridades: seguridad energ\u00e9tica, inversi\u00f3n e infraestructura, cierre de brechas y modernizaci\u00f3n regulatoria.<\/p>\n\n\n\n<p class=\"wp-block-paragraph\">En seguridad energ\u00e9tica, el objetivo es fortalecer la confiabilidad del sistema interconectado y atender los sistemas aislados. En infraestructura, el <strong>MINEM<\/strong> continuar\u00e1 con el seguimiento de proyectos de generaci\u00f3n, transmisi\u00f3n y distribuci\u00f3n.<\/p>\n\n\n\n<p class=\"wp-block-paragraph\">A ello se suma la electrificaci\u00f3n rural y el desarrollo de soluciones adaptadas a la Amazon\u00eda. Finalmente, el sector busca avanzar en simplificaci\u00f3n normativa, predictibilidad regulatoria e incorporaci\u00f3n de nuevas tecnolog\u00edas.<\/p>\n\n\n\n<p class=\"wp-block-paragraph\">Con esta cartera de <a href=\"https:\/\/mineriayproyectos.com\/en\/mineria\/proyectos-mineros\/2026\/09\/03\/coroccohuayco-antapaccay-25-anos-espinar\/\" type=\"link\" id=\"https:\/\/mineriayproyectos.com\/mineria\/proyectos-mineros\/2026\/09\/03\/coroccohuayco-antapaccay-25-anos-espinar\/\">proyectos<\/a>, Per\u00fa apunta a incrementar su capacidad el\u00e9ctrica durante la pr\u00f3xima d\u00e9cada y contar con una infraestructura capaz de acompa\u00f1ar el crecimiento de la demanda energ\u00e9tica hacia <strong>2036<\/strong>.<\/p>","protected":false},"excerpt":{"rendered":"<p>Generaci\u00f3n y transmisi\u00f3n el\u00e9ctrica concentrar\u00e1n inversiones por m\u00e1s de US$ 9,500 millones en Per\u00fa, como parte de una cartera de proyectos que busca ampliar la capacidad instalada y reforzar el Sistema El\u00e9ctrico Interconectado Nacional (SEIN) hacia 2036. El viceministro de Electricidad del Ministerio de Energ\u00eda y Minas (MINEM), Luis Enrique Santill\u00e1n Cervantes, present\u00f3 el balance [&hellip;]<\/p>\n","protected":false},"author":3,"featured_media":31328,"comment_status":"open","ping_status":"open","sticky":false,"template":"","format":"standard","meta":{"footnotes":""},"categories":[90],"tags":[842,114],"class_list":["post-31327","post","type-post","status-publish","format-standard","has-post-thumbnail","hentry","category-energia","tag-generacion-electrica","tag-transmision-electrica"],"yoast_head":"<!-- This site is optimized with the Yoast SEO plugin v27.6 - https:\/\/yoast.com\/product\/yoast-seo-wordpress\/ -->\n<title>Generaci\u00f3n y transmisi\u00f3n el\u00e9ctrica movilizar\u00e1 US$ 9,500 millones - Miner\u00eda y Proyectos<\/title>\n<meta name=\"description\" content=\"Generaci\u00f3n y transmisi\u00f3n el\u00e9ctrica movilizar\u00e1n m\u00e1s de US$ 9,500 millones en Per\u00fa, con nuevos proyectos y m\u00e1s de 5,000 MW al 2036.\" \/>\n<meta name=\"robots\" content=\"index, follow, max-snippet:-1, max-image-preview:large, max-video-preview:-1\" \/>\n<link rel=\"canonical\" href=\"https:\/\/mineriayproyectos.com\/en\/energia\/2026\/09\/03\/generacion-transmision-electrica-peru-2036\/\" \/>\n<meta property=\"og:locale\" content=\"en_US\" \/>\n<meta property=\"og:type\" content=\"article\" \/>\n<meta property=\"og:title\" content=\"Generaci\u00f3n y transmisi\u00f3n el\u00e9ctrica movilizar\u00e1 US$ 9,500 millones - Miner\u00eda y Proyectos\" \/>\n<meta property=\"og:description\" content=\"Generaci\u00f3n y transmisi\u00f3n el\u00e9ctrica movilizar\u00e1n m\u00e1s de US$ 9,500 millones en Per\u00fa, con nuevos proyectos y m\u00e1s de 5,000 MW al 2036.\" \/>\n<meta property=\"og:url\" content=\"https:\/\/mineriayproyectos.com\/en\/energia\/2026\/09\/03\/generacion-transmision-electrica-peru-2036\/\" \/>\n<meta property=\"og:site_name\" content=\"Miner\u00eda y Proyectos\" \/>\n<meta property=\"article:published_time\" content=\"2026-09-03T17:41:15+00:00\" \/>\n<meta property=\"article:modified_time\" content=\"2026-09-03T17:41:17+00:00\" \/>\n<meta property=\"og:image\" content=\"https:\/\/mineriayproyectos.com\/wp-content\/uploads\/2026\/09\/generacion-transmision-electrica-peru-2036.jpg\" \/>\n\t<meta property=\"og:image:width\" content=\"1920\" \/>\n\t<meta property=\"og:image:height\" content=\"1080\" \/>\n\t<meta property=\"og:image:type\" content=\"image\/jpeg\" \/>\n<meta name=\"author\" content=\"Antonio Buendia\" \/>\n<meta name=\"twitter:card\" content=\"summary_large_image\" \/>\n<meta name=\"twitter:label1\" content=\"Written by\" \/>\n\t<meta name=\"twitter:data1\" content=\"Antonio Buendia\" \/>\n\t<meta name=\"twitter:label2\" content=\"Est. reading time\" \/>\n\t<meta name=\"twitter:data2\" content=\"3 minutes\" \/>\n<script type=\"application\/ld+json\" class=\"yoast-schema-graph\">{\"@context\":\"https:\\\/\\\/schema.org\",\"@graph\":[{\"@type\":\"Article\",\"@id\":\"https:\\\/\\\/mineriayproyectos.com\\\/energia\\\/2026\\\/09\\\/03\\\/generacion-transmision-electrica-peru-2036\\\/#article\",\"isPartOf\":{\"@id\":\"https:\\\/\\\/mineriayproyectos.com\\\/energia\\\/2026\\\/09\\\/03\\\/generacion-transmision-electrica-peru-2036\\\/\"},\"author\":{\"name\":\"Antonio Buendia\",\"@id\":\"https:\\\/\\\/mineriayproyectos.com\\\/#\\\/schema\\\/person\\\/7cb1f3c671dfa5f49d443f8a000667d7\"},\"headline\":\"Per\u00fa proyecta m\u00e1s de US$ 9,500 millones en generaci\u00f3n y transmisi\u00f3n el\u00e9ctrica al 2036\",\"datePublished\":\"2026-09-03T17:41:15+00:00\",\"dateModified\":\"2026-09-03T17:41:17+00:00\",\"mainEntityOfPage\":{\"@id\":\"https:\\\/\\\/mineriayproyectos.com\\\/energia\\\/2026\\\/09\\\/03\\\/generacion-transmision-electrica-peru-2036\\\/\"},\"wordCount\":603,\"commentCount\":0,\"image\":{\"@id\":\"https:\\\/\\\/mineriayproyectos.com\\\/energia\\\/2026\\\/09\\\/03\\\/generacion-transmision-electrica-peru-2036\\\/#primaryimage\"},\"thumbnailUrl\":\"https:\\\/\\\/mineriayproyectos.com\\\/wp-content\\\/uploads\\\/2026\\\/09\\\/generacion-transmision-electrica-peru-2036.jpg\",\"keywords\":[\"Generaci\u00f3n Electrica\",\"Transmisi\u00f3n El\u00e9ctrica\"],\"articleSection\":[\"Energ\u00eda\"],\"inLanguage\":\"en-US\",\"potentialAction\":[{\"@type\":\"CommentAction\",\"name\":\"Comment\",\"target\":[\"https:\\\/\\\/mineriayproyectos.com\\\/energia\\\/2026\\\/09\\\/03\\\/generacion-transmision-electrica-peru-2036\\\/#respond\"]}]},{\"@type\":\"WebPage\",\"@id\":\"https:\\\/\\\/mineriayproyectos.com\\\/energia\\\/2026\\\/09\\\/03\\\/generacion-transmision-electrica-peru-2036\\\/\",\"url\":\"https:\\\/\\\/mineriayproyectos.com\\\/energia\\\/2026\\\/09\\\/03\\\/generacion-transmision-electrica-peru-2036\\\/\",\"name\":\"Generaci\u00f3n y transmisi\u00f3n el\u00e9ctrica movilizar\u00e1 US$ 9,500 millones - Miner\u00eda y Proyectos\",\"isPartOf\":{\"@id\":\"https:\\\/\\\/mineriayproyectos.com\\\/#website\"},\"primaryImageOfPage\":{\"@id\":\"https:\\\/\\\/mineriayproyectos.com\\\/energia\\\/2026\\\/09\\\/03\\\/generacion-transmision-electrica-peru-2036\\\/#primaryimage\"},\"image\":{\"@id\":\"https:\\\/\\\/mineriayproyectos.com\\\/energia\\\/2026\\\/09\\\/03\\\/generacion-transmision-electrica-peru-2036\\\/#primaryimage\"},\"thumbnailUrl\":\"https:\\\/\\\/mineriayproyectos.com\\\/wp-content\\\/uploads\\\/2026\\\/09\\\/generacion-transmision-electrica-peru-2036.jpg\",\"datePublished\":\"2026-09-03T17:41:15+00:00\",\"dateModified\":\"2026-09-03T17:41:17+00:00\",\"author\":{\"@id\":\"https:\\\/\\\/mineriayproyectos.com\\\/#\\\/schema\\\/person\\\/7cb1f3c671dfa5f49d443f8a000667d7\"},\"description\":\"Generaci\u00f3n y transmisi\u00f3n el\u00e9ctrica movilizar\u00e1n m\u00e1s de US$ 9,500 millones en Per\u00fa, con nuevos proyectos y m\u00e1s de 5,000 MW al 2036.\",\"breadcrumb\":{\"@id\":\"https:\\\/\\\/mineriayproyectos.com\\\/energia\\\/2026\\\/09\\\/03\\\/generacion-transmision-electrica-peru-2036\\\/#breadcrumb\"},\"inLanguage\":\"en-US\",\"potentialAction\":[{\"@type\":\"ReadAction\",\"target\":[\"https:\\\/\\\/mineriayproyectos.com\\\/energia\\\/2026\\\/09\\\/03\\\/generacion-transmision-electrica-peru-2036\\\/\"]}]},{\"@type\":\"ImageObject\",\"inLanguage\":\"en-US\",\"@id\":\"https:\\\/\\\/mineriayproyectos.com\\\/energia\\\/2026\\\/09\\\/03\\\/generacion-transmision-electrica-peru-2036\\\/#primaryimage\",\"url\":\"https:\\\/\\\/mineriayproyectos.com\\\/wp-content\\\/uploads\\\/2026\\\/09\\\/generacion-transmision-electrica-peru-2036.jpg\",\"contentUrl\":\"https:\\\/\\\/mineriayproyectos.com\\\/wp-content\\\/uploads\\\/2026\\\/09\\\/generacion-transmision-electrica-peru-2036.jpg\",\"width\":1920,\"height\":1080,\"caption\":\"Per\u00fa proyecta inversiones superiores a US$ 9,500 millones en proyectos de generaci\u00f3n y transmisi\u00f3n el\u00e9ctrica hacia 2036.\"},{\"@type\":\"BreadcrumbList\",\"@id\":\"https:\\\/\\\/mineriayproyectos.com\\\/energia\\\/2026\\\/09\\\/03\\\/generacion-transmision-electrica-peru-2036\\\/#breadcrumb\",\"itemListElement\":[{\"@type\":\"ListItem\",\"position\":1,\"name\":\"Portada\",\"item\":\"https:\\\/\\\/mineriayproyectos.com\\\/\"},{\"@type\":\"ListItem\",\"position\":2,\"name\":\"Per\u00fa proyecta m\u00e1s de US$ 9,500 millones en generaci\u00f3n y transmisi\u00f3n el\u00e9ctrica al 2036\"}]},{\"@type\":\"WebSite\",\"@id\":\"https:\\\/\\\/mineriayproyectos.com\\\/#website\",\"url\":\"https:\\\/\\\/mineriayproyectos.com\\\/\",\"name\":\"Miner\u00eda y Proyectos\",\"description\":\"\",\"potentialAction\":[{\"@type\":\"SearchAction\",\"target\":{\"@type\":\"EntryPoint\",\"urlTemplate\":\"https:\\\/\\\/mineriayproyectos.com\\\/?s={search_term_string}\"},\"query-input\":{\"@type\":\"PropertyValueSpecification\",\"valueRequired\":true,\"valueName\":\"search_term_string\"}}],\"inLanguage\":\"en-US\"},{\"@type\":\"Person\",\"@id\":\"https:\\\/\\\/mineriayproyectos.com\\\/#\\\/schema\\\/person\\\/7cb1f3c671dfa5f49d443f8a000667d7\",\"name\":\"Antonio Buendia\",\"image\":{\"@type\":\"ImageObject\",\"inLanguage\":\"en-US\",\"@id\":\"https:\\\/\\\/secure.gravatar.com\\\/avatar\\\/42a5a9c8c30dcb55508ba88f85b75cf86c0818b2c6f4da455d7a3cdfc2374e18?s=96&d=mm&r=g\",\"url\":\"https:\\\/\\\/secure.gravatar.com\\\/avatar\\\/42a5a9c8c30dcb55508ba88f85b75cf86c0818b2c6f4da455d7a3cdfc2374e18?s=96&d=mm&r=g\",\"contentUrl\":\"https:\\\/\\\/secure.gravatar.com\\\/avatar\\\/42a5a9c8c30dcb55508ba88f85b75cf86c0818b2c6f4da455d7a3cdfc2374e18?s=96&d=mm&r=g\",\"caption\":\"Antonio Buendia\"},\"url\":\"https:\\\/\\\/mineriayproyectos.com\\\/en\\\/author\\\/antonio-minypro\\\/\"}]}<\/script>\n<!-- \/ Yoast SEO plugin. -->","yoast_head_json":{"title":"Generaci\u00f3n y transmisi\u00f3n el\u00e9ctrica movilizar\u00e1 US$ 9,500 millones - Miner\u00eda y Proyectos","description":"Generaci\u00f3n y transmisi\u00f3n el\u00e9ctrica movilizar\u00e1n m\u00e1s de US$ 9,500 millones en Per\u00fa, con nuevos proyectos y m\u00e1s de 5,000 MW al 2036.","robots":{"index":"index","follow":"follow","max-snippet":"max-snippet:-1","max-image-preview":"max-image-preview:large","max-video-preview":"max-video-preview:-1"},"canonical":"https:\/\/mineriayproyectos.com\/en\/energia\/2026\/09\/03\/generacion-transmision-electrica-peru-2036\/","og_locale":"en_US","og_type":"article","og_title":"Generaci\u00f3n y transmisi\u00f3n el\u00e9ctrica movilizar\u00e1 US$ 9,500 millones - Miner\u00eda y Proyectos","og_description":"Generaci\u00f3n y transmisi\u00f3n el\u00e9ctrica movilizar\u00e1n m\u00e1s de US$ 9,500 millones en Per\u00fa, con nuevos proyectos y m\u00e1s de 5,000 MW al 2036.","og_url":"https:\/\/mineriayproyectos.com\/en\/energia\/2026\/09\/03\/generacion-transmision-electrica-peru-2036\/","og_site_name":"Miner\u00eda y Proyectos","article_published_time":"2026-09-03T17:41:15+00:00","article_modified_time":"2026-09-03T17:41:17+00:00","og_image":[{"width":1920,"height":1080,"url":"https:\/\/mineriayproyectos.com\/wp-content\/uploads\/2026\/09\/generacion-transmision-electrica-peru-2036.jpg","type":"image\/jpeg"}],"author":"Antonio Buendia","twitter_card":"summary_large_image","twitter_misc":{"Written by":"Antonio Buendia","Est. reading time":"3 minutes"},"schema":{"@context":"https:\/\/schema.org","@graph":[{"@type":"Article","@id":"https:\/\/mineriayproyectos.com\/energia\/2026\/09\/03\/generacion-transmision-electrica-peru-2036\/#article","isPartOf":{"@id":"https:\/\/mineriayproyectos.com\/energia\/2026\/09\/03\/generacion-transmision-electrica-peru-2036\/"},"author":{"name":"Antonio Buendia","@id":"https:\/\/mineriayproyectos.com\/#\/schema\/person\/7cb1f3c671dfa5f49d443f8a000667d7"},"headline":"Per\u00fa proyecta m\u00e1s de US$ 9,500 millones en generaci\u00f3n y transmisi\u00f3n el\u00e9ctrica al 2036","datePublished":"2026-09-03T17:41:15+00:00","dateModified":"2026-09-03T17:41:17+00:00","mainEntityOfPage":{"@id":"https:\/\/mineriayproyectos.com\/energia\/2026\/09\/03\/generacion-transmision-electrica-peru-2036\/"},"wordCount":603,"commentCount":0,"image":{"@id":"https:\/\/mineriayproyectos.com\/energia\/2026\/09\/03\/generacion-transmision-electrica-peru-2036\/#primaryimage"},"thumbnailUrl":"https:\/\/mineriayproyectos.com\/wp-content\/uploads\/2026\/09\/generacion-transmision-electrica-peru-2036.jpg","keywords":["Generaci\u00f3n Electrica","Transmisi\u00f3n El\u00e9ctrica"],"articleSection":["Energ\u00eda"],"inLanguage":"en-US","potentialAction":[{"@type":"CommentAction","name":"Comment","target":["https:\/\/mineriayproyectos.com\/energia\/2026\/09\/03\/generacion-transmision-electrica-peru-2036\/#respond"]}]},{"@type":"WebPage","@id":"https:\/\/mineriayproyectos.com\/energia\/2026\/09\/03\/generacion-transmision-electrica-peru-2036\/","url":"https:\/\/mineriayproyectos.com\/energia\/2026\/09\/03\/generacion-transmision-electrica-peru-2036\/","name":"Generaci\u00f3n y transmisi\u00f3n el\u00e9ctrica movilizar\u00e1 US$ 9,500 millones - Miner\u00eda y Proyectos","isPartOf":{"@id":"https:\/\/mineriayproyectos.com\/#website"},"primaryImageOfPage":{"@id":"https:\/\/mineriayproyectos.com\/energia\/2026\/09\/03\/generacion-transmision-electrica-peru-2036\/#primaryimage"},"image":{"@id":"https:\/\/mineriayproyectos.com\/energia\/2026\/09\/03\/generacion-transmision-electrica-peru-2036\/#primaryimage"},"thumbnailUrl":"https:\/\/mineriayproyectos.com\/wp-content\/uploads\/2026\/09\/generacion-transmision-electrica-peru-2036.jpg","datePublished":"2026-09-03T17:41:15+00:00","dateModified":"2026-09-03T17:41:17+00:00","author":{"@id":"https:\/\/mineriayproyectos.com\/#\/schema\/person\/7cb1f3c671dfa5f49d443f8a000667d7"},"description":"Generaci\u00f3n y transmisi\u00f3n el\u00e9ctrica movilizar\u00e1n m\u00e1s de US$ 9,500 millones en Per\u00fa, con nuevos proyectos y m\u00e1s de 5,000 MW al 2036.","breadcrumb":{"@id":"https:\/\/mineriayproyectos.com\/energia\/2026\/09\/03\/generacion-transmision-electrica-peru-2036\/#breadcrumb"},"inLanguage":"en-US","potentialAction":[{"@type":"ReadAction","target":["https:\/\/mineriayproyectos.com\/energia\/2026\/09\/03\/generacion-transmision-electrica-peru-2036\/"]}]},{"@type":"ImageObject","inLanguage":"en-US","@id":"https:\/\/mineriayproyectos.com\/energia\/2026\/09\/03\/generacion-transmision-electrica-peru-2036\/#primaryimage","url":"https:\/\/mineriayproyectos.com\/wp-content\/uploads\/2026\/09\/generacion-transmision-electrica-peru-2036.jpg","contentUrl":"https:\/\/mineriayproyectos.com\/wp-content\/uploads\/2026\/09\/generacion-transmision-electrica-peru-2036.jpg","width":1920,"height":1080,"caption":"Per\u00fa proyecta inversiones superiores a US$ 9,500 millones en proyectos de generaci\u00f3n y transmisi\u00f3n el\u00e9ctrica hacia 2036."},{"@type":"BreadcrumbList","@id":"https:\/\/mineriayproyectos.com\/energia\/2026\/09\/03\/generacion-transmision-electrica-peru-2036\/#breadcrumb","itemListElement":[{"@type":"ListItem","position":1,"name":"Portada","item":"https:\/\/mineriayproyectos.com\/"},{"@type":"ListItem","position":2,"name":"Per\u00fa proyecta m\u00e1s de US$ 9,500 millones en generaci\u00f3n y transmisi\u00f3n el\u00e9ctrica al 2036"}]},{"@type":"WebSite","@id":"https:\/\/mineriayproyectos.com\/#website","url":"https:\/\/mineriayproyectos.com\/","name":"Mining and Projects","description":"","potentialAction":[{"@type":"SearchAction","target":{"@type":"EntryPoint","urlTemplate":"https:\/\/mineriayproyectos.com\/?s={search_term_string}"},"query-input":{"@type":"PropertyValueSpecification","valueRequired":true,"valueName":"search_term_string"}}],"inLanguage":"en-US"},{"@type":"Person","@id":"https:\/\/mineriayproyectos.com\/#\/schema\/person\/7cb1f3c671dfa5f49d443f8a000667d7","name":"Antonio Buendia","image":{"@type":"ImageObject","inLanguage":"en-US","@id":"https:\/\/secure.gravatar.com\/avatar\/42a5a9c8c30dcb55508ba88f85b75cf86c0818b2c6f4da455d7a3cdfc2374e18?s=96&d=mm&r=g","url":"https:\/\/secure.gravatar.com\/avatar\/42a5a9c8c30dcb55508ba88f85b75cf86c0818b2c6f4da455d7a3cdfc2374e18?s=96&d=mm&r=g","contentUrl":"https:\/\/secure.gravatar.com\/avatar\/42a5a9c8c30dcb55508ba88f85b75cf86c0818b2c6f4da455d7a3cdfc2374e18?s=96&d=mm&r=g","caption":"Antonio Buendia"},"url":"https:\/\/mineriayproyectos.com\/en\/author\/antonio-minypro\/"}]}},"_links":{"self":[{"href":"https:\/\/mineriayproyectos.com\/en\/wp-json\/wp\/v2\/posts\/31327","targetHints":{"allow":["GET"]}}],"collection":[{"href":"https:\/\/mineriayproyectos.com\/en\/wp-json\/wp\/v2\/posts"}],"about":[{"href":"https:\/\/mineriayproyectos.com\/en\/wp-json\/wp\/v2\/types\/post"}],"author":[{"embeddable":true,"href":"https:\/\/mineriayproyectos.com\/en\/wp-json\/wp\/v2\/users\/3"}],"replies":[{"embeddable":true,"href":"https:\/\/mineriayproyectos.com\/en\/wp-json\/wp\/v2\/comments?post=31327"}],"version-history":[{"count":0,"href":"https:\/\/mineriayproyectos.com\/en\/wp-json\/wp\/v2\/posts\/31327\/revisions"}],"wp:featuredmedia":[{"embeddable":true,"href":"https:\/\/mineriayproyectos.com\/en\/wp-json\/wp\/v2\/media\/31328"}],"wp:attachment":[{"href":"https:\/\/mineriayproyectos.com\/en\/wp-json\/wp\/v2\/media?parent=31327"}],"wp:term":[{"taxonomy":"category","embeddable":true,"href":"https:\/\/mineriayproyectos.com\/en\/wp-json\/wp\/v2\/categories?post=31327"},{"taxonomy":"post_tag","embeddable":true,"href":"https:\/\/mineriayproyectos.com\/en\/wp-json\/wp\/v2\/tags?post=31327"}],"curies":[{"name":"wp","href":"https:\/\/api.w.org\/{rel}","templated":true}]}}