{"id":31318,"date":"2026-09-03T11:02:07","date_gmt":"2026-09-03T16:02:07","guid":{"rendered":"https:\/\/mineriayproyectos.com\/?p=31318"},"modified":"2026-09-03T11:02:09","modified_gmt":"2026-09-03T16:02:09","slug":"coroccohuayco-antapaccay-25-anos-espinar","status":"publish","type":"post","link":"https:\/\/mineriayproyectos.com\/en\/mineria\/proyectos-mineros\/2026\/09\/03\/coroccohuayco-antapaccay-25-anos-espinar\/","title":{"rendered":"Coroccohuayco podr\u00eda prolongar por m\u00e1s de 25 a\u00f1os la operaci\u00f3n de Antapaccay en Espinar"},"content":{"rendered":"<p class=\"wp-block-paragraph\"><strong>Coroccohuayco<\/strong> contin\u00faa avanzando en sus evaluaciones t\u00e9cnicas y regulatorias y, de concretarse su desarrollo, tendr\u00eda el potencial de extender por <strong>m\u00e1s de 25 a\u00f1os la actividad minera vinculada a Antapaccay en Espinar, Cusco<\/strong>. El proyecto de cobre contempla una inversi\u00f3n estimada de alrededor de <strong>US$ 1,800 millones<\/strong>.<\/p>\n\n\n\n<p class=\"wp-block-paragraph\">Luis Rivera, director de Operaciones de <a href=\"https:\/\/www.glencoreperu.pe\/\" type=\"link\" id=\"https:\/\/www.glencoreperu.pe\/\">Glencore<\/a> para Sudam\u00e9rica, se\u00f1al\u00f3 que la compa\u00f1\u00eda contin\u00faa trabajando en los estudios y procesos necesarios para determinar las condiciones bajo las cuales podr\u00eda desarrollarse Coroccohuayco. Por el momento, no existe una fecha definida para su entrada en producci\u00f3n ni una proyecci\u00f3n espec\u00edfica sobre los vol\u00famenes que aportar\u00eda.<\/p>\n\n\n\n<p class=\"wp-block-paragraph\">El ejecutivo, quien tambi\u00e9n preside el <strong>Mining Investment America (MIA) de Expomina 2026<\/strong>, destac\u00f3 que el proyecto representa una oportunidad de crecimiento de largo plazo tanto para Espinar como para la miner\u00eda peruana.<\/p>\n\n\n\n<h3 class=\"wp-block-heading\"><strong>Coroccohuayco aprovechar\u00eda infraestructura de Antapaccay<\/strong><\/h3>\n\n\n\n<p class=\"wp-block-paragraph\">The project <strong>Coroccohuayco<\/strong> se encuentra aproximadamente a siete kil\u00f3metros de <a href=\"https:\/\/mineriayproyectos.com\/en\/mineria\/2026\/09\/01\/antapaccay-produccion-100-mil-toneladas-cobre\/\" type=\"link\" id=\"https:\/\/mineriayproyectos.com\/mineria\/2026\/09\/01\/antapaccay-produccion-100-mil-toneladas-cobre\/\">Poverty<\/a>. Una de sus principales ventajas es la posibilidad de aprovechar infraestructura minera que ya se encuentra operativa en la zona.<\/p>\n\n\n\n<p class=\"wp-block-paragraph\">De avanzar hacia producci\u00f3n, el mineral extra\u00eddo ser\u00eda trasladado hacia la <strong>planta concentradora de Antapaccay<\/strong> para su procesamiento, lo que permitir\u00eda integrar el futuro desarrollo del yacimiento con las instalaciones existentes.<\/p>\n\n\n\n<hr class=\"wp-block-separator has-alpha-channel-opacity\"\/>\n\n\n\n<div class=\"wp-block-media-text is-stacked-on-mobile\" style=\"grid-template-columns:31% auto\"><figure class=\"wp-block-media-text__media\"><img fetchpriority=\"high\" decoding=\"async\" width=\"1024\" height=\"576\" src=\"https:\/\/mineriayproyectos.com\/wp-content\/uploads\/2026\/09\/ntapaccay-produccion-cobre-100-mil-toneladas-1024x576.jpg\" alt=\"Antapaccay proyecta mantener una producci\u00f3n cercana a 100 mil toneladas de cobre al a\u00f1o\" class=\"wp-image-31250 size-full\" srcset=\"https:\/\/mineriayproyectos.com\/wp-content\/uploads\/2026\/09\/ntapaccay-produccion-cobre-100-mil-toneladas-1024x576.jpg 1024w, https:\/\/mineriayproyectos.com\/wp-content\/uploads\/2026\/09\/ntapaccay-produccion-cobre-100-mil-toneladas-300x169.jpg 300w, https:\/\/mineriayproyectos.com\/wp-content\/uploads\/2026\/09\/ntapaccay-produccion-cobre-100-mil-toneladas-768x432.jpg 768w, https:\/\/mineriayproyectos.com\/wp-content\/uploads\/2026\/09\/ntapaccay-produccion-cobre-100-mil-toneladas-1536x864.jpg 1536w, https:\/\/mineriayproyectos.com\/wp-content\/uploads\/2026\/09\/ntapaccay-produccion-cobre-100-mil-toneladas-18x10.jpg 18w, https:\/\/mineriayproyectos.com\/wp-content\/uploads\/2026\/09\/ntapaccay-produccion-cobre-100-mil-toneladas.jpg 1920w\" sizes=\"(max-width: 1024px) 100vw, 1024px\" \/><\/figure><div class=\"wp-block-media-text__content\">\n<p class=\"wp-block-paragraph\"><strong><em>Leer tambi\u00e9n \u25ba <a href=\"https:\/\/mineriayproyectos.com\/en\/mineria\/2026\/09\/01\/antapaccay-produccion-100-mil-toneladas-cobre\/\">Antapaccay proyecta mantener una producci\u00f3n cercana a 100 mil toneladas de cobre al a\u00f1o<\/a><\/em><\/strong><\/p>\n<\/div><\/div>\n\n\n\n<hr class=\"wp-block-separator has-alpha-channel-opacity\"\/>\n\n\n\n<p class=\"wp-block-paragraph\"><\/p>\n\n\n\n<p class=\"wp-block-paragraph\">La perspectiva de vida de la actividad minera en la zona tambi\u00e9n se ha ampliado. Hace aproximadamente un a\u00f1o y medio, las estimaciones apuntaban a que <strong>Coroccohuayco<\/strong> podr\u00eda extenderla por unos 20 a\u00f1os. La nueva proyecci\u00f3n eleva ese horizonte a m\u00e1s de 25 a\u00f1os.<\/p>\n\n\n\n<p class=\"wp-block-paragraph\">\u201cDe concretarse, el proyecto tendr\u00eda el potencial de extender la actividad minera en <strong>Espinar<\/strong> por m\u00e1s de 25 a\u00f1os, generando inversi\u00f3n, empleo, oportunidades para proveedores y mayores aportes a la econom\u00eda regional y nacional\u201d, sostuvo Rivera.<\/p>\n\n\n\n<h3 class=\"wp-block-heading\"><strong>Inversi\u00f3n de Coroccohuayco bordear\u00eda los US$ 1,800 millones<\/strong><\/h3>\n\n\n\n<p class=\"wp-block-paragraph\">El desarrollo de Coroccohuayco requerir\u00eda una inversi\u00f3n estimada de <strong>US$ 1,800 millones<\/strong>, aunque la compa\u00f1\u00eda todav\u00eda debe completar los procesos de evaluaci\u00f3n correspondientes antes de adoptar decisiones definitivas sobre su ejecuci\u00f3n.<\/p>\n\n\n\n<p class=\"wp-block-paragraph\">El proyecto aparece as\u00ed como una de las oportunidades de crecimiento que Glencore mantiene en Per\u00fa dentro de una estrategia global enfocada en incrementar su producci\u00f3n de cobre.<\/p>\n\n\n\n<p class=\"wp-block-paragraph\">La compa\u00f1\u00eda espera superar el <strong>mill\u00f3n de toneladas de cobre al a\u00f1o hacia finales de 2028<\/strong> y alcanzar aproximadamente <strong>1.6 millones de toneladas anuales hacia 2035<\/strong>.<\/p>\n\n\n\n<p class=\"wp-block-paragraph\">En ese escenario, Rivera se\u00f1al\u00f3 que tanto Coroccohuayco como <strong>Quechua<\/strong> forman parte de las oportunidades de crecimiento de largo plazo que analiza la compa\u00f1\u00eda, aunque ambas iniciativas permanecen sujetas a sus respectivos procesos de evaluaci\u00f3n y desarrollo.<\/p>\n\n\n\n<h3 class=\"wp-block-heading\"><strong>Glencore mantiene apuesta de largo plazo por el cobre<\/strong><\/h3>\n\n\n\n<p class=\"wp-block-paragraph\">La estrategia internacional de <strong>Glencore<\/strong> responde a las perspectivas que mantiene la compa\u00f1\u00eda sobre la demanda futura del cobre y la necesidad de fortalecer su portafolio de activos vinculados a este metal.<\/p>\n\n\n\n<p class=\"wp-block-paragraph\">Rivera sostuvo que la empresa eval\u00faa permanentemente oportunidades capaces de generar valor de largo plazo y reconoci\u00f3 el potencial geol\u00f3gico que mantiene el Per\u00fa para nuevos desarrollos cupr\u00edferos.<\/p>\n\n\n\n<hr class=\"wp-block-separator has-alpha-channel-opacity\"\/>\n\n\n\n<div class=\"wp-block-media-text is-stacked-on-mobile\" style=\"grid-template-columns:34% auto\"><figure class=\"wp-block-media-text__media\"><img decoding=\"async\" width=\"1024\" height=\"576\" src=\"https:\/\/mineriayproyectos.com\/wp-content\/uploads\/2026\/09\/zafranal-anglo-teck-minem-2027-1024x576.jpg\" alt=\"Zafranal y las coordinaciones del MINEM con Anglo Teck para 2027\" class=\"wp-image-31303 size-full\" srcset=\"https:\/\/mineriayproyectos.com\/wp-content\/uploads\/2026\/09\/zafranal-anglo-teck-minem-2027-1024x576.jpg 1024w, https:\/\/mineriayproyectos.com\/wp-content\/uploads\/2026\/09\/zafranal-anglo-teck-minem-2027-300x169.jpg 300w, https:\/\/mineriayproyectos.com\/wp-content\/uploads\/2026\/09\/zafranal-anglo-teck-minem-2027-768x432.jpg 768w, https:\/\/mineriayproyectos.com\/wp-content\/uploads\/2026\/09\/zafranal-anglo-teck-minem-2027-1536x864.jpg 1536w, https:\/\/mineriayproyectos.com\/wp-content\/uploads\/2026\/09\/zafranal-anglo-teck-minem-2027-18x10.jpg 18w, https:\/\/mineriayproyectos.com\/wp-content\/uploads\/2026\/09\/zafranal-anglo-teck-minem-2027.jpg 1920w\" sizes=\"(max-width: 1024px) 100vw, 1024px\" \/><\/figure><div class=\"wp-block-media-text__content\">\n<p class=\"wp-block-paragraph\"><strong><em>Leer tambi\u00e9n \u25ba <a href=\"https:\/\/mineriayproyectos.com\/en\/mineria\/2026\/09\/02\/zafranal-minem-anglo-teck-prioridad-2027\/\">MINEM buscar\u00e1 que Anglo Teck priorice el proyecto Zafranal en 2027<\/a><\/em><\/strong><\/p>\n<\/div><\/div>\n\n\n\n<hr class=\"wp-block-separator has-alpha-channel-opacity\"\/>\n\n\n\n<p class=\"wp-block-paragraph\"><\/p>\n\n\n\n<p class=\"wp-block-paragraph\">\u201cPer\u00fa es un pa\u00eds con un importante potencial cupr\u00edfero y forma parte de nuestra visi\u00f3n de crecimiento en la regi\u00f3n\u201d, afirm\u00f3.<\/p>\n\n\n\n<p class=\"wp-block-paragraph\">Sin embargo, precis\u00f3 que Glencore no realiza comentarios sobre activos espec\u00edficos o eventuales transacciones mientras estas no hayan sido anunciadas p\u00fablicamente.<\/p>\n\n\n\n<h3 class=\"wp-block-heading\"><strong>Permisos y predictibilidad, claves para nuevas inversiones<\/strong><\/h3>\n\n\n\n<p class=\"wp-block-paragraph\">Adem\u00e1s del potencial geol\u00f3gico, Rivera destac\u00f3 la necesidad de mejorar las condiciones para que las inversiones mineras puedan avanzar con mayor predictibilidad.<\/p>\n\n\n\n<p class=\"wp-block-paragraph\">Como presidente del Mining Investment America de Expomina 2026, explic\u00f3 que el foro buscar\u00e1 acercar las perspectivas del Estado, los inversionistas y las compa\u00f1\u00edas mineras para convertir el di\u00e1logo en propuestas concretas orientadas a fortalecer la competitividad del sector.<\/p>\n\n\n\n<p class=\"wp-block-paragraph\">\u201cEl MIA permitir\u00e1 acercar las perspectivas del sector p\u00fablico, los inversionistas y la industria, y convertir ese di\u00e1logo en propuestas concretas\u201d, manifest\u00f3.<\/p>\n\n\n\n<p class=\"wp-block-paragraph\">El ejecutivo a\u00f1adi\u00f3 que existe espacio para mejorar los procesos regulatorios y administrativos, pero precis\u00f3 que ello no debe significar una reducci\u00f3n de los est\u00e1ndares exigidos a los proyectos.<\/p>\n\n\n\n<p class=\"wp-block-paragraph\">En ese contexto, el avance de <strong>Coroccohuayco<\/strong> depender\u00e1 de la culminaci\u00f3n de sus evaluaciones t\u00e9cnicas y regulatorias. De concretarse, el proyecto no solo representar\u00eda una nueva inversi\u00f3n cupr\u00edfera de gran escala para Cusco, sino que permitir\u00eda aprovechar la infraestructura existente de Antapaccay y extender por m\u00e1s de 25 a\u00f1os la actividad minera en Espinar.<\/p>","protected":false},"excerpt":{"rendered":"<p>Coroccohuayco contin\u00faa avanzando en sus evaluaciones t\u00e9cnicas y regulatorias y, de concretarse su desarrollo, tendr\u00eda el potencial de extender por m\u00e1s de 25 a\u00f1os la actividad minera vinculada a Antapaccay en Espinar, Cusco. El proyecto de cobre contempla una inversi\u00f3n estimada de alrededor de US$ 1,800 millones. Luis Rivera, director de Operaciones de Glencore para [&hellip;]<\/p>\n","protected":false},"author":3,"featured_media":31319,"comment_status":"open","ping_status":"open","sticky":false,"template":"","format":"standard","meta":{"footnotes":""},"categories":[1130],"tags":[99,408,1098,127,257],"class_list":["post-31318","post","type-post","status-publish","format-standard","has-post-thumbnail","hentry","category-proyectos-mineros","tag-antapaccay","tag-coroccohuayco","tag-destacado","tag-espinar","tag-glencore"],"yoast_head":"<!-- This site is optimized with the Yoast SEO plugin v27.6 - https:\/\/yoast.com\/product\/yoast-seo-wordpress\/ -->\n<title>Coroccohuayco prolongar\u00eda 25 a\u00f1os la operaci\u00f3n de Antapaccay - Miner\u00eda y Proyectos<\/title>\n<meta name=\"description\" content=\"Coroccohuayco podr\u00eda extender por m\u00e1s de 25 a\u00f1os la operaci\u00f3n de Antapaccay en Espinar, con una inversi\u00f3n de US$ 1,800 millones.\" \/>\n<meta name=\"robots\" content=\"index, follow, max-snippet:-1, max-image-preview:large, max-video-preview:-1\" \/>\n<link rel=\"canonical\" href=\"https:\/\/mineriayproyectos.com\/en\/mineria\/proyectos-mineros\/2026\/09\/03\/coroccohuayco-antapaccay-25-anos-espinar\/\" \/>\n<meta property=\"og:locale\" content=\"en_US\" \/>\n<meta property=\"og:type\" content=\"article\" \/>\n<meta property=\"og:title\" content=\"Coroccohuayco prolongar\u00eda 25 a\u00f1os la operaci\u00f3n de Antapaccay - Miner\u00eda y Proyectos\" \/>\n<meta property=\"og:description\" content=\"Coroccohuayco podr\u00eda extender por m\u00e1s de 25 a\u00f1os la operaci\u00f3n de Antapaccay en Espinar, con una inversi\u00f3n de US$ 1,800 millones.\" \/>\n<meta property=\"og:url\" content=\"https:\/\/mineriayproyectos.com\/en\/mineria\/proyectos-mineros\/2026\/09\/03\/coroccohuayco-antapaccay-25-anos-espinar\/\" \/>\n<meta property=\"og:site_name\" content=\"Miner\u00eda y Proyectos\" \/>\n<meta property=\"article:published_time\" content=\"2026-09-03T16:02:07+00:00\" \/>\n<meta property=\"article:modified_time\" content=\"2026-09-03T16:02:09+00:00\" \/>\n<meta property=\"og:image\" content=\"https:\/\/mineriayproyectos.com\/wp-content\/uploads\/2026\/09\/coroccohuayco-antapaccay-espinar-cusco.jpg\" \/>\n\t<meta property=\"og:image:width\" content=\"1920\" \/>\n\t<meta property=\"og:image:height\" content=\"1080\" \/>\n\t<meta property=\"og:image:type\" content=\"image\/jpeg\" \/>\n<meta name=\"author\" content=\"Antonio Buendia\" \/>\n<meta name=\"twitter:card\" content=\"summary_large_image\" \/>\n<meta name=\"twitter:label1\" content=\"Written by\" \/>\n\t<meta name=\"twitter:data1\" content=\"Antonio Buendia\" \/>\n\t<meta name=\"twitter:label2\" content=\"Est. reading time\" \/>\n\t<meta name=\"twitter:data2\" content=\"4 minutes\" \/>\n<script type=\"application\/ld+json\" class=\"yoast-schema-graph\">{\"@context\":\"https:\\\/\\\/schema.org\",\"@graph\":[{\"@type\":\"Article\",\"@id\":\"https:\\\/\\\/mineriayproyectos.com\\\/mineria\\\/proyectos-mineros\\\/2026\\\/09\\\/03\\\/coroccohuayco-antapaccay-25-anos-espinar\\\/#article\",\"isPartOf\":{\"@id\":\"https:\\\/\\\/mineriayproyectos.com\\\/mineria\\\/proyectos-mineros\\\/2026\\\/09\\\/03\\\/coroccohuayco-antapaccay-25-anos-espinar\\\/\"},\"author\":{\"name\":\"Antonio Buendia\",\"@id\":\"https:\\\/\\\/mineriayproyectos.com\\\/#\\\/schema\\\/person\\\/7cb1f3c671dfa5f49d443f8a000667d7\"},\"headline\":\"Coroccohuayco podr\u00eda prolongar por m\u00e1s de 25 a\u00f1os la operaci\u00f3n de Antapaccay en Espinar\",\"datePublished\":\"2026-09-03T16:02:07+00:00\",\"dateModified\":\"2026-09-03T16:02:09+00:00\",\"mainEntityOfPage\":{\"@id\":\"https:\\\/\\\/mineriayproyectos.com\\\/mineria\\\/proyectos-mineros\\\/2026\\\/09\\\/03\\\/coroccohuayco-antapaccay-25-anos-espinar\\\/\"},\"wordCount\":807,\"commentCount\":1,\"image\":{\"@id\":\"https:\\\/\\\/mineriayproyectos.com\\\/mineria\\\/proyectos-mineros\\\/2026\\\/09\\\/03\\\/coroccohuayco-antapaccay-25-anos-espinar\\\/#primaryimage\"},\"thumbnailUrl\":\"https:\\\/\\\/mineriayproyectos.com\\\/wp-content\\\/uploads\\\/2026\\\/09\\\/coroccohuayco-antapaccay-espinar-cusco.jpg\",\"keywords\":[\"Antapaccay\",\"Coroccohuayco\",\"Destacado\",\"espinar\",\"Glencore\"],\"articleSection\":[\"Proyectos Mineros\"],\"inLanguage\":\"en-US\",\"potentialAction\":[{\"@type\":\"CommentAction\",\"name\":\"Comment\",\"target\":[\"https:\\\/\\\/mineriayproyectos.com\\\/mineria\\\/proyectos-mineros\\\/2026\\\/09\\\/03\\\/coroccohuayco-antapaccay-25-anos-espinar\\\/#respond\"]}]},{\"@type\":\"WebPage\",\"@id\":\"https:\\\/\\\/mineriayproyectos.com\\\/mineria\\\/proyectos-mineros\\\/2026\\\/09\\\/03\\\/coroccohuayco-antapaccay-25-anos-espinar\\\/\",\"url\":\"https:\\\/\\\/mineriayproyectos.com\\\/mineria\\\/proyectos-mineros\\\/2026\\\/09\\\/03\\\/coroccohuayco-antapaccay-25-anos-espinar\\\/\",\"name\":\"Coroccohuayco prolongar\u00eda 25 a\u00f1os la operaci\u00f3n de Antapaccay - Miner\u00eda y Proyectos\",\"isPartOf\":{\"@id\":\"https:\\\/\\\/mineriayproyectos.com\\\/#website\"},\"primaryImageOfPage\":{\"@id\":\"https:\\\/\\\/mineriayproyectos.com\\\/mineria\\\/proyectos-mineros\\\/2026\\\/09\\\/03\\\/coroccohuayco-antapaccay-25-anos-espinar\\\/#primaryimage\"},\"image\":{\"@id\":\"https:\\\/\\\/mineriayproyectos.com\\\/mineria\\\/proyectos-mineros\\\/2026\\\/09\\\/03\\\/coroccohuayco-antapaccay-25-anos-espinar\\\/#primaryimage\"},\"thumbnailUrl\":\"https:\\\/\\\/mineriayproyectos.com\\\/wp-content\\\/uploads\\\/2026\\\/09\\\/coroccohuayco-antapaccay-espinar-cusco.jpg\",\"datePublished\":\"2026-09-03T16:02:07+00:00\",\"dateModified\":\"2026-09-03T16:02:09+00:00\",\"author\":{\"@id\":\"https:\\\/\\\/mineriayproyectos.com\\\/#\\\/schema\\\/person\\\/7cb1f3c671dfa5f49d443f8a000667d7\"},\"description\":\"Coroccohuayco podr\u00eda extender por m\u00e1s de 25 a\u00f1os la operaci\u00f3n de Antapaccay en Espinar, con una inversi\u00f3n de US$ 1,800 millones.\",\"breadcrumb\":{\"@id\":\"https:\\\/\\\/mineriayproyectos.com\\\/mineria\\\/proyectos-mineros\\\/2026\\\/09\\\/03\\\/coroccohuayco-antapaccay-25-anos-espinar\\\/#breadcrumb\"},\"inLanguage\":\"en-US\",\"potentialAction\":[{\"@type\":\"ReadAction\",\"target\":[\"https:\\\/\\\/mineriayproyectos.com\\\/mineria\\\/proyectos-mineros\\\/2026\\\/09\\\/03\\\/coroccohuayco-antapaccay-25-anos-espinar\\\/\"]}]},{\"@type\":\"ImageObject\",\"inLanguage\":\"en-US\",\"@id\":\"https:\\\/\\\/mineriayproyectos.com\\\/mineria\\\/proyectos-mineros\\\/2026\\\/09\\\/03\\\/coroccohuayco-antapaccay-25-anos-espinar\\\/#primaryimage\",\"url\":\"https:\\\/\\\/mineriayproyectos.com\\\/wp-content\\\/uploads\\\/2026\\\/09\\\/coroccohuayco-antapaccay-espinar-cusco.jpg\",\"contentUrl\":\"https:\\\/\\\/mineriayproyectos.com\\\/wp-content\\\/uploads\\\/2026\\\/09\\\/coroccohuayco-antapaccay-espinar-cusco.jpg\",\"width\":1920,\"height\":1080,\"caption\":\"El proyecto Coroccohuayco podr\u00eda extender por m\u00e1s de 25 a\u00f1os la actividad minera vinculada a Antapaccay en Espinar, Cusco.\"},{\"@type\":\"BreadcrumbList\",\"@id\":\"https:\\\/\\\/mineriayproyectos.com\\\/mineria\\\/proyectos-mineros\\\/2026\\\/09\\\/03\\\/coroccohuayco-antapaccay-25-anos-espinar\\\/#breadcrumb\",\"itemListElement\":[{\"@type\":\"ListItem\",\"position\":1,\"name\":\"Portada\",\"item\":\"https:\\\/\\\/mineriayproyectos.com\\\/\"},{\"@type\":\"ListItem\",\"position\":2,\"name\":\"Coroccohuayco podr\u00eda prolongar por m\u00e1s de 25 a\u00f1os la operaci\u00f3n de Antapaccay en Espinar\"}]},{\"@type\":\"WebSite\",\"@id\":\"https:\\\/\\\/mineriayproyectos.com\\\/#website\",\"url\":\"https:\\\/\\\/mineriayproyectos.com\\\/\",\"name\":\"Miner\u00eda y Proyectos\",\"description\":\"\",\"potentialAction\":[{\"@type\":\"SearchAction\",\"target\":{\"@type\":\"EntryPoint\",\"urlTemplate\":\"https:\\\/\\\/mineriayproyectos.com\\\/?s={search_term_string}\"},\"query-input\":{\"@type\":\"PropertyValueSpecification\",\"valueRequired\":true,\"valueName\":\"search_term_string\"}}],\"inLanguage\":\"en-US\"},{\"@type\":\"Person\",\"@id\":\"https:\\\/\\\/mineriayproyectos.com\\\/#\\\/schema\\\/person\\\/7cb1f3c671dfa5f49d443f8a000667d7\",\"name\":\"Antonio Buendia\",\"image\":{\"@type\":\"ImageObject\",\"inLanguage\":\"en-US\",\"@id\":\"https:\\\/\\\/secure.gravatar.com\\\/avatar\\\/42a5a9c8c30dcb55508ba88f85b75cf86c0818b2c6f4da455d7a3cdfc2374e18?s=96&d=mm&r=g\",\"url\":\"https:\\\/\\\/secure.gravatar.com\\\/avatar\\\/42a5a9c8c30dcb55508ba88f85b75cf86c0818b2c6f4da455d7a3cdfc2374e18?s=96&d=mm&r=g\",\"contentUrl\":\"https:\\\/\\\/secure.gravatar.com\\\/avatar\\\/42a5a9c8c30dcb55508ba88f85b75cf86c0818b2c6f4da455d7a3cdfc2374e18?s=96&d=mm&r=g\",\"caption\":\"Antonio Buendia\"},\"url\":\"https:\\\/\\\/mineriayproyectos.com\\\/en\\\/author\\\/antonio-minypro\\\/\"}]}<\/script>\n<!-- \/ Yoast SEO plugin. -->","yoast_head_json":{"title":"Coroccohuayco prolongar\u00eda 25 a\u00f1os la operaci\u00f3n de Antapaccay - Miner\u00eda y Proyectos","description":"Coroccohuayco podr\u00eda extender por m\u00e1s de 25 a\u00f1os la operaci\u00f3n de Antapaccay en Espinar, con una inversi\u00f3n de US$ 1,800 millones.","robots":{"index":"index","follow":"follow","max-snippet":"max-snippet:-1","max-image-preview":"max-image-preview:large","max-video-preview":"max-video-preview:-1"},"canonical":"https:\/\/mineriayproyectos.com\/en\/mineria\/proyectos-mineros\/2026\/09\/03\/coroccohuayco-antapaccay-25-anos-espinar\/","og_locale":"en_US","og_type":"article","og_title":"Coroccohuayco prolongar\u00eda 25 a\u00f1os la operaci\u00f3n de Antapaccay - Miner\u00eda y Proyectos","og_description":"Coroccohuayco podr\u00eda extender por m\u00e1s de 25 a\u00f1os la operaci\u00f3n de Antapaccay en Espinar, con una inversi\u00f3n de US$ 1,800 millones.","og_url":"https:\/\/mineriayproyectos.com\/en\/mineria\/proyectos-mineros\/2026\/09\/03\/coroccohuayco-antapaccay-25-anos-espinar\/","og_site_name":"Miner\u00eda y Proyectos","article_published_time":"2026-09-03T16:02:07+00:00","article_modified_time":"2026-09-03T16:02:09+00:00","og_image":[{"width":1920,"height":1080,"url":"https:\/\/mineriayproyectos.com\/wp-content\/uploads\/2026\/09\/coroccohuayco-antapaccay-espinar-cusco.jpg","type":"image\/jpeg"}],"author":"Antonio Buendia","twitter_card":"summary_large_image","twitter_misc":{"Written by":"Antonio Buendia","Est. reading time":"4 minutes"},"schema":{"@context":"https:\/\/schema.org","@graph":[{"@type":"Article","@id":"https:\/\/mineriayproyectos.com\/mineria\/proyectos-mineros\/2026\/09\/03\/coroccohuayco-antapaccay-25-anos-espinar\/#article","isPartOf":{"@id":"https:\/\/mineriayproyectos.com\/mineria\/proyectos-mineros\/2026\/09\/03\/coroccohuayco-antapaccay-25-anos-espinar\/"},"author":{"name":"Antonio Buendia","@id":"https:\/\/mineriayproyectos.com\/#\/schema\/person\/7cb1f3c671dfa5f49d443f8a000667d7"},"headline":"Coroccohuayco podr\u00eda prolongar por m\u00e1s de 25 a\u00f1os la operaci\u00f3n de Antapaccay en Espinar","datePublished":"2026-09-03T16:02:07+00:00","dateModified":"2026-09-03T16:02:09+00:00","mainEntityOfPage":{"@id":"https:\/\/mineriayproyectos.com\/mineria\/proyectos-mineros\/2026\/09\/03\/coroccohuayco-antapaccay-25-anos-espinar\/"},"wordCount":807,"commentCount":1,"image":{"@id":"https:\/\/mineriayproyectos.com\/mineria\/proyectos-mineros\/2026\/09\/03\/coroccohuayco-antapaccay-25-anos-espinar\/#primaryimage"},"thumbnailUrl":"https:\/\/mineriayproyectos.com\/wp-content\/uploads\/2026\/09\/coroccohuayco-antapaccay-espinar-cusco.jpg","keywords":["Antapaccay","Coroccohuayco","Destacado","espinar","Glencore"],"articleSection":["Proyectos Mineros"],"inLanguage":"en-US","potentialAction":[{"@type":"CommentAction","name":"Comment","target":["https:\/\/mineriayproyectos.com\/mineria\/proyectos-mineros\/2026\/09\/03\/coroccohuayco-antapaccay-25-anos-espinar\/#respond"]}]},{"@type":"WebPage","@id":"https:\/\/mineriayproyectos.com\/mineria\/proyectos-mineros\/2026\/09\/03\/coroccohuayco-antapaccay-25-anos-espinar\/","url":"https:\/\/mineriayproyectos.com\/mineria\/proyectos-mineros\/2026\/09\/03\/coroccohuayco-antapaccay-25-anos-espinar\/","name":"Coroccohuayco prolongar\u00eda 25 a\u00f1os la operaci\u00f3n de Antapaccay - Miner\u00eda y Proyectos","isPartOf":{"@id":"https:\/\/mineriayproyectos.com\/#website"},"primaryImageOfPage":{"@id":"https:\/\/mineriayproyectos.com\/mineria\/proyectos-mineros\/2026\/09\/03\/coroccohuayco-antapaccay-25-anos-espinar\/#primaryimage"},"image":{"@id":"https:\/\/mineriayproyectos.com\/mineria\/proyectos-mineros\/2026\/09\/03\/coroccohuayco-antapaccay-25-anos-espinar\/#primaryimage"},"thumbnailUrl":"https:\/\/mineriayproyectos.com\/wp-content\/uploads\/2026\/09\/coroccohuayco-antapaccay-espinar-cusco.jpg","datePublished":"2026-09-03T16:02:07+00:00","dateModified":"2026-09-03T16:02:09+00:00","author":{"@id":"https:\/\/mineriayproyectos.com\/#\/schema\/person\/7cb1f3c671dfa5f49d443f8a000667d7"},"description":"Coroccohuayco podr\u00eda extender por m\u00e1s de 25 a\u00f1os la operaci\u00f3n de Antapaccay en Espinar, con una inversi\u00f3n de US$ 1,800 millones.","breadcrumb":{"@id":"https:\/\/mineriayproyectos.com\/mineria\/proyectos-mineros\/2026\/09\/03\/coroccohuayco-antapaccay-25-anos-espinar\/#breadcrumb"},"inLanguage":"en-US","potentialAction":[{"@type":"ReadAction","target":["https:\/\/mineriayproyectos.com\/mineria\/proyectos-mineros\/2026\/09\/03\/coroccohuayco-antapaccay-25-anos-espinar\/"]}]},{"@type":"ImageObject","inLanguage":"en-US","@id":"https:\/\/mineriayproyectos.com\/mineria\/proyectos-mineros\/2026\/09\/03\/coroccohuayco-antapaccay-25-anos-espinar\/#primaryimage","url":"https:\/\/mineriayproyectos.com\/wp-content\/uploads\/2026\/09\/coroccohuayco-antapaccay-espinar-cusco.jpg","contentUrl":"https:\/\/mineriayproyectos.com\/wp-content\/uploads\/2026\/09\/coroccohuayco-antapaccay-espinar-cusco.jpg","width":1920,"height":1080,"caption":"El proyecto Coroccohuayco podr\u00eda extender por m\u00e1s de 25 a\u00f1os la actividad minera vinculada a Antapaccay en Espinar, Cusco."},{"@type":"BreadcrumbList","@id":"https:\/\/mineriayproyectos.com\/mineria\/proyectos-mineros\/2026\/09\/03\/coroccohuayco-antapaccay-25-anos-espinar\/#breadcrumb","itemListElement":[{"@type":"ListItem","position":1,"name":"Portada","item":"https:\/\/mineriayproyectos.com\/"},{"@type":"ListItem","position":2,"name":"Coroccohuayco podr\u00eda prolongar por m\u00e1s de 25 a\u00f1os la operaci\u00f3n de Antapaccay en Espinar"}]},{"@type":"WebSite","@id":"https:\/\/mineriayproyectos.com\/#website","url":"https:\/\/mineriayproyectos.com\/","name":"Mining and Projects","description":"","potentialAction":[{"@type":"SearchAction","target":{"@type":"EntryPoint","urlTemplate":"https:\/\/mineriayproyectos.com\/?s={search_term_string}"},"query-input":{"@type":"PropertyValueSpecification","valueRequired":true,"valueName":"search_term_string"}}],"inLanguage":"en-US"},{"@type":"Person","@id":"https:\/\/mineriayproyectos.com\/#\/schema\/person\/7cb1f3c671dfa5f49d443f8a000667d7","name":"Antonio Buendia","image":{"@type":"ImageObject","inLanguage":"en-US","@id":"https:\/\/secure.gravatar.com\/avatar\/42a5a9c8c30dcb55508ba88f85b75cf86c0818b2c6f4da455d7a3cdfc2374e18?s=96&d=mm&r=g","url":"https:\/\/secure.gravatar.com\/avatar\/42a5a9c8c30dcb55508ba88f85b75cf86c0818b2c6f4da455d7a3cdfc2374e18?s=96&d=mm&r=g","contentUrl":"https:\/\/secure.gravatar.com\/avatar\/42a5a9c8c30dcb55508ba88f85b75cf86c0818b2c6f4da455d7a3cdfc2374e18?s=96&d=mm&r=g","caption":"Antonio Buendia"},"url":"https:\/\/mineriayproyectos.com\/en\/author\/antonio-minypro\/"}]}},"_links":{"self":[{"href":"https:\/\/mineriayproyectos.com\/en\/wp-json\/wp\/v2\/posts\/31318","targetHints":{"allow":["GET"]}}],"collection":[{"href":"https:\/\/mineriayproyectos.com\/en\/wp-json\/wp\/v2\/posts"}],"about":[{"href":"https:\/\/mineriayproyectos.com\/en\/wp-json\/wp\/v2\/types\/post"}],"author":[{"embeddable":true,"href":"https:\/\/mineriayproyectos.com\/en\/wp-json\/wp\/v2\/users\/3"}],"replies":[{"embeddable":true,"href":"https:\/\/mineriayproyectos.com\/en\/wp-json\/wp\/v2\/comments?post=31318"}],"version-history":[{"count":0,"href":"https:\/\/mineriayproyectos.com\/en\/wp-json\/wp\/v2\/posts\/31318\/revisions"}],"wp:featuredmedia":[{"embeddable":true,"href":"https:\/\/mineriayproyectos.com\/en\/wp-json\/wp\/v2\/media\/31319"}],"wp:attachment":[{"href":"https:\/\/mineriayproyectos.com\/en\/wp-json\/wp\/v2\/media?parent=31318"}],"wp:term":[{"taxonomy":"category","embeddable":true,"href":"https:\/\/mineriayproyectos.com\/en\/wp-json\/wp\/v2\/categories?post=31318"},{"taxonomy":"post_tag","embeddable":true,"href":"https:\/\/mineriayproyectos.com\/en\/wp-json\/wp\/v2\/tags?post=31318"}],"curies":[{"name":"wp","href":"https:\/\/api.w.org\/{rel}","templated":true}]}}