{"id":31314,"date":"2026-09-02T18:07:25","date_gmt":"2026-09-02T23:07:25","guid":{"rendered":"https:\/\/mineriayproyectos.com\/?p=31314"},"modified":"2026-09-02T18:07:26","modified_gmt":"2026-09-02T23:07:26","slug":"andesmin-2026-mineros-huancavelica-formalizacion","status":"publish","type":"post","link":"https:\/\/mineriayproyectos.com\/en\/mineria\/2026\/09\/02\/andesmin-2026-mineros-huancavelica-formalizacion\/","title":{"rendered":"ANDESMIN 2026: 980 mineros de Huancavelica buscan avanzar hacia la formalizaci\u00f3n"},"content":{"rendered":"<p class=\"wp-block-paragraph\"><strong>ANDESMIN 2026<\/strong> puso en agenda uno de los principales desaf\u00edos para la miner\u00eda en Huancavelica: la formalizaci\u00f3n de 980 mineros que presentaron solicitudes ante la Direcci\u00f3n Regional de Energ\u00eda y Minas y buscan avanzar hacia la legalidad.<\/p>\n\n\n\n<p class=\"wp-block-paragraph\">Como parte de este proceso, el Gobierno Regional de Huancavelica transfiri\u00f3 al <a href=\"https:\/\/www.gob.pe\/minem\" type=\"link\" id=\"https:\/\/www.gob.pe\/minem\">Ministry of Energy and Mines (MINEM)<\/a> un primer lote de <strong>182 expedientes<\/strong> correspondientes a mineros inscritos en el proceso de formalizaci\u00f3n, en un contexto marcado por el pr\u00f3ximo vencimiento del Registro Integral de Formalizaci\u00f3n Minera (REINFO).<\/p>\n\n\n\n<p class=\"wp-block-paragraph\">Actualmente, el MINEM tiene a su cargo la conducci\u00f3n del proceso de formalizaci\u00f3n, funci\u00f3n que anteriormente reca\u00eda en los gobiernos regionales. El objetivo es ordenar los procedimientos y reducir las trabas administrativas que dificultan el avance de los expedientes.<\/p>\n\n\n\n<h3 class=\"wp-block-heading\"><strong>Huancavelica registra 980 solicitudes de formalizaci\u00f3n minera<\/strong><\/h3>\n\n\n\n<p class=\"wp-block-paragraph\">Las cifras fueron dadas a conocer durante el lanzamiento de la <strong>II Convenci\u00f3n Minera de la Mancomunidad Regional de Los Andes \u2013 ANDESMIN Ayacucho 2026<\/strong>, realizado en Huancavelica.<\/p>\n\n\n\n<p class=\"wp-block-paragraph\">En total, la regi\u00f3n registra <strong>980 solicitudes de formalizaci\u00f3n minera<\/strong>, una cifra significativa frente a las 74 minas formales que actualmente operan en su territorio.<\/p>\n\n\n\n<p class=\"wp-block-paragraph\">El gobernador regional de Huancavelica, <strong>Leoncio Huayllani Taype<\/strong>, destac\u00f3 que ANDESMIN busca convertirse en un espacio de articulaci\u00f3n entre peque\u00f1os y grandes mineros, empresas, academia, estudiantes y autoridades.<\/p>\n\n\n\n<p class=\"wp-block-paragraph\">La iniciativa re\u00fane a las regiones de Apur\u00edmac, Ayacucho, Cusco, Huancavelica, Ica y Jun\u00edn, integrantes de la Mancomunidad Regional de Los Andes.<\/p>\n\n\n\n<h3 class=\"wp-block-heading\"><strong>ANDESMIN 2026 busca articular inversi\u00f3n y miner\u00eda sostenible<\/strong><\/h3>\n\n\n\n<p class=\"wp-block-paragraph\">El encuentro tiene como objetivo fortalecer el di\u00e1logo entre el sector p\u00fablico y privado, as\u00ed como promover nuevas oportunidades de inversi\u00f3n, cooperaci\u00f3n y desarrollo territorial vinculadas a la actividad minera.<\/p>\n\n\n\n<p class=\"wp-block-paragraph\">La miner\u00eda tiene adem\u00e1s un fuerte v\u00ednculo hist\u00f3rico con Huancavelica. Durante la presentaci\u00f3n se destac\u00f3 el caso de la <strong>mina Santa B\u00e1rbara<\/strong>, cuya importancia hist\u00f3rica forma parte de las iniciativas de puesta en valor promovidas desde la regi\u00f3n.<\/p>\n\n\n\n<p class=\"wp-block-paragraph\">ANDESMIN congregar\u00e1 a empresas mineras, proveedores de bienes y servicios, instituciones acad\u00e9micas, autoridades e inversionistas interesados en conocer oportunidades de desarrollo en las regiones que integran la mancomunidad.<\/p>\n\n\n\n<h3 class=\"wp-block-heading\"><strong>MINEM respaldar\u00e1 desarrollo de ANDESMIN Ayacucho 2026<\/strong><\/h3>\n\n\n\n<p class=\"wp-block-paragraph\">En el marco de las coordinaciones para el evento, la viceministra de Minas, <a href=\"https:\/\/mineriayproyectos.com\/en\/mineria\/2026\/08\/19\/mayra-figueroa-proyectos-mineros-peru\/\" type=\"link\" id=\"https:\/\/mineriayproyectos.com\/mineria\/2026\/08\/19\/mayra-figueroa-proyectos-mineros-peru\/\">Mayra Figueroa<\/a>, reafirm\u00f3 el respaldo del Ministerio de Energ\u00eda y Minas a esta plataforma orientada a promover inversi\u00f3n, competitividad, sostenibilidad y desarrollo regional.<\/p>\n\n\n\n<p class=\"wp-block-paragraph\">La organizaci\u00f3n proyecta recibir alrededor de <strong>20 mil asistentes y contar con 150 stands<\/strong>, consolidando a ANDESMIN como un espacio descentralizado para conectar a empresas, instituciones p\u00fablicas, academia y actores vinculados al sector minero.<\/p>\n\n\n\n<p class=\"wp-block-paragraph\">The <strong>II Convenci\u00f3n Minera ANDESMIN Ayacucho 2026<\/strong> se realizar\u00e1 del <strong>29 de octubre al 1 de noviembre<\/strong> en el Centro de Exposiciones y Convenciones Cana\u00e1n, en Ayacucho.<\/p>\n\n\n\n<p class=\"wp-block-paragraph\">El encuentro buscar\u00e1 as\u00ed combinar el debate sobre formalizaci\u00f3n minera, inversi\u00f3n y sostenibilidad con la generaci\u00f3n de alianzas que contribuyan al desarrollo econ\u00f3mico de las seis regiones de la Mancomunidad Regional de Los Andes.<\/p>","protected":false},"excerpt":{"rendered":"<p>ANDESMIN 2026 puso en agenda uno de los principales desaf\u00edos para la miner\u00eda en Huancavelica: la formalizaci\u00f3n de 980 mineros que presentaron solicitudes ante la Direcci\u00f3n Regional de Energ\u00eda y Minas y buscan avanzar hacia la legalidad. Como parte de este proceso, el Gobierno Regional de Huancavelica transfiri\u00f3 al Ministerio de Energ\u00eda y Minas (MINEM) [&hellip;]<\/p>\n","protected":false},"author":3,"featured_media":31315,"comment_status":"open","ping_status":"open","sticky":false,"template":"","format":"standard","meta":{"footnotes":""},"categories":[236,10],"tags":[1050],"class_list":["post-31314","post","type-post","status-publish","format-standard","has-post-thumbnail","hentry","category-eventos","category-mineria","tag-andesmin-2026"],"yoast_head":"<!-- This site is optimized with the Yoast SEO plugin v27.6 - https:\/\/yoast.com\/product\/yoast-seo-wordpress\/ -->\n<title>ANDESMIN 2026: 980 mineros de Huancavelica buscan avanzar hacia la formalizaci\u00f3n - Miner\u00eda y Proyectos<\/title>\n<meta name=\"description\" content=\"ANDESMIN 2026 puso en agenda la formalizaci\u00f3n de 980 mineros de Huancavelica, mientras 182 expedientes fueron transferidos al MINEM.\" \/>\n<meta name=\"robots\" content=\"index, follow, max-snippet:-1, max-image-preview:large, max-video-preview:-1\" \/>\n<link rel=\"canonical\" href=\"https:\/\/mineriayproyectos.com\/en\/mineria\/2026\/09\/02\/andesmin-2026-mineros-huancavelica-formalizacion\/\" \/>\n<meta property=\"og:locale\" content=\"en_US\" \/>\n<meta property=\"og:type\" content=\"article\" \/>\n<meta property=\"og:title\" content=\"ANDESMIN 2026: 980 mineros de Huancavelica buscan avanzar hacia la formalizaci\u00f3n - Miner\u00eda y Proyectos\" \/>\n<meta property=\"og:description\" content=\"ANDESMIN 2026 puso en agenda la formalizaci\u00f3n de 980 mineros de Huancavelica, mientras 182 expedientes fueron transferidos al MINEM.\" \/>\n<meta property=\"og:url\" content=\"https:\/\/mineriayproyectos.com\/en\/mineria\/2026\/09\/02\/andesmin-2026-mineros-huancavelica-formalizacion\/\" \/>\n<meta property=\"og:site_name\" content=\"Miner\u00eda y Proyectos\" \/>\n<meta property=\"article:published_time\" content=\"2026-09-02T23:07:25+00:00\" \/>\n<meta property=\"article:modified_time\" content=\"2026-09-02T23:07:26+00:00\" \/>\n<meta property=\"og:image\" content=\"https:\/\/mineriayproyectos.com\/wp-content\/uploads\/2026\/09\/andesmin-2026-formalizacion-minera-huancavelica.jpg\" \/>\n\t<meta property=\"og:image:width\" content=\"1920\" \/>\n\t<meta property=\"og:image:height\" content=\"1080\" \/>\n\t<meta property=\"og:image:type\" content=\"image\/jpeg\" \/>\n<meta name=\"author\" content=\"Antonio Buendia\" \/>\n<meta name=\"twitter:card\" content=\"summary_large_image\" \/>\n<meta name=\"twitter:label1\" content=\"Written by\" \/>\n\t<meta name=\"twitter:data1\" content=\"Antonio Buendia\" \/>\n\t<meta name=\"twitter:label2\" content=\"Est. reading time\" \/>\n\t<meta name=\"twitter:data2\" content=\"3 minutes\" \/>\n<script type=\"application\/ld+json\" class=\"yoast-schema-graph\">{\"@context\":\"https:\\\/\\\/schema.org\",\"@graph\":[{\"@type\":\"Article\",\"@id\":\"https:\\\/\\\/mineriayproyectos.com\\\/mineria\\\/2026\\\/09\\\/02\\\/andesmin-2026-mineros-huancavelica-formalizacion\\\/#article\",\"isPartOf\":{\"@id\":\"https:\\\/\\\/mineriayproyectos.com\\\/mineria\\\/2026\\\/09\\\/02\\\/andesmin-2026-mineros-huancavelica-formalizacion\\\/\"},\"author\":{\"name\":\"Antonio Buendia\",\"@id\":\"https:\\\/\\\/mineriayproyectos.com\\\/#\\\/schema\\\/person\\\/7cb1f3c671dfa5f49d443f8a000667d7\"},\"headline\":\"ANDESMIN 2026: 980 mineros de Huancavelica buscan avanzar hacia la formalizaci\u00f3n\",\"datePublished\":\"2026-09-02T23:07:25+00:00\",\"dateModified\":\"2026-09-02T23:07:26+00:00\",\"mainEntityOfPage\":{\"@id\":\"https:\\\/\\\/mineriayproyectos.com\\\/mineria\\\/2026\\\/09\\\/02\\\/andesmin-2026-mineros-huancavelica-formalizacion\\\/\"},\"wordCount\":518,\"commentCount\":0,\"image\":{\"@id\":\"https:\\\/\\\/mineriayproyectos.com\\\/mineria\\\/2026\\\/09\\\/02\\\/andesmin-2026-mineros-huancavelica-formalizacion\\\/#primaryimage\"},\"thumbnailUrl\":\"https:\\\/\\\/mineriayproyectos.com\\\/wp-content\\\/uploads\\\/2026\\\/09\\\/andesmin-2026-formalizacion-minera-huancavelica.jpg\",\"keywords\":[\"ANDESMIN 2026\"],\"articleSection\":[\"Eventos\",\"Miner\u00eda\"],\"inLanguage\":\"en-US\",\"potentialAction\":[{\"@type\":\"CommentAction\",\"name\":\"Comment\",\"target\":[\"https:\\\/\\\/mineriayproyectos.com\\\/mineria\\\/2026\\\/09\\\/02\\\/andesmin-2026-mineros-huancavelica-formalizacion\\\/#respond\"]}]},{\"@type\":\"WebPage\",\"@id\":\"https:\\\/\\\/mineriayproyectos.com\\\/mineria\\\/2026\\\/09\\\/02\\\/andesmin-2026-mineros-huancavelica-formalizacion\\\/\",\"url\":\"https:\\\/\\\/mineriayproyectos.com\\\/mineria\\\/2026\\\/09\\\/02\\\/andesmin-2026-mineros-huancavelica-formalizacion\\\/\",\"name\":\"ANDESMIN 2026: 980 mineros de Huancavelica buscan avanzar hacia la formalizaci\u00f3n - Miner\u00eda y Proyectos\",\"isPartOf\":{\"@id\":\"https:\\\/\\\/mineriayproyectos.com\\\/#website\"},\"primaryImageOfPage\":{\"@id\":\"https:\\\/\\\/mineriayproyectos.com\\\/mineria\\\/2026\\\/09\\\/02\\\/andesmin-2026-mineros-huancavelica-formalizacion\\\/#primaryimage\"},\"image\":{\"@id\":\"https:\\\/\\\/mineriayproyectos.com\\\/mineria\\\/2026\\\/09\\\/02\\\/andesmin-2026-mineros-huancavelica-formalizacion\\\/#primaryimage\"},\"thumbnailUrl\":\"https:\\\/\\\/mineriayproyectos.com\\\/wp-content\\\/uploads\\\/2026\\\/09\\\/andesmin-2026-formalizacion-minera-huancavelica.jpg\",\"datePublished\":\"2026-09-02T23:07:25+00:00\",\"dateModified\":\"2026-09-02T23:07:26+00:00\",\"author\":{\"@id\":\"https:\\\/\\\/mineriayproyectos.com\\\/#\\\/schema\\\/person\\\/7cb1f3c671dfa5f49d443f8a000667d7\"},\"description\":\"ANDESMIN 2026 puso en agenda la formalizaci\u00f3n de 980 mineros de Huancavelica, mientras 182 expedientes fueron transferidos al MINEM.\",\"breadcrumb\":{\"@id\":\"https:\\\/\\\/mineriayproyectos.com\\\/mineria\\\/2026\\\/09\\\/02\\\/andesmin-2026-mineros-huancavelica-formalizacion\\\/#breadcrumb\"},\"inLanguage\":\"en-US\",\"potentialAction\":[{\"@type\":\"ReadAction\",\"target\":[\"https:\\\/\\\/mineriayproyectos.com\\\/mineria\\\/2026\\\/09\\\/02\\\/andesmin-2026-mineros-huancavelica-formalizacion\\\/\"]}]},{\"@type\":\"ImageObject\",\"inLanguage\":\"en-US\",\"@id\":\"https:\\\/\\\/mineriayproyectos.com\\\/mineria\\\/2026\\\/09\\\/02\\\/andesmin-2026-mineros-huancavelica-formalizacion\\\/#primaryimage\",\"url\":\"https:\\\/\\\/mineriayproyectos.com\\\/wp-content\\\/uploads\\\/2026\\\/09\\\/andesmin-2026-formalizacion-minera-huancavelica.jpg\",\"contentUrl\":\"https:\\\/\\\/mineriayproyectos.com\\\/wp-content\\\/uploads\\\/2026\\\/09\\\/andesmin-2026-formalizacion-minera-huancavelica.jpg\",\"width\":1920,\"height\":1080,\"caption\":\"ANDESMIN 2026 puso en agenda la formalizaci\u00f3n de 980 mineros de Huancavelica, mientras un primer lote de 182 expedientes fue transferido al MINEM.\"},{\"@type\":\"BreadcrumbList\",\"@id\":\"https:\\\/\\\/mineriayproyectos.com\\\/mineria\\\/2026\\\/09\\\/02\\\/andesmin-2026-mineros-huancavelica-formalizacion\\\/#breadcrumb\",\"itemListElement\":[{\"@type\":\"ListItem\",\"position\":1,\"name\":\"Portada\",\"item\":\"https:\\\/\\\/mineriayproyectos.com\\\/\"},{\"@type\":\"ListItem\",\"position\":2,\"name\":\"ANDESMIN 2026: 980 mineros de Huancavelica buscan avanzar hacia la formalizaci\u00f3n\"}]},{\"@type\":\"WebSite\",\"@id\":\"https:\\\/\\\/mineriayproyectos.com\\\/#website\",\"url\":\"https:\\\/\\\/mineriayproyectos.com\\\/\",\"name\":\"Miner\u00eda y Proyectos\",\"description\":\"\",\"potentialAction\":[{\"@type\":\"SearchAction\",\"target\":{\"@type\":\"EntryPoint\",\"urlTemplate\":\"https:\\\/\\\/mineriayproyectos.com\\\/?s={search_term_string}\"},\"query-input\":{\"@type\":\"PropertyValueSpecification\",\"valueRequired\":true,\"valueName\":\"search_term_string\"}}],\"inLanguage\":\"en-US\"},{\"@type\":\"Person\",\"@id\":\"https:\\\/\\\/mineriayproyectos.com\\\/#\\\/schema\\\/person\\\/7cb1f3c671dfa5f49d443f8a000667d7\",\"name\":\"Antonio Buendia\",\"image\":{\"@type\":\"ImageObject\",\"inLanguage\":\"en-US\",\"@id\":\"https:\\\/\\\/secure.gravatar.com\\\/avatar\\\/42a5a9c8c30dcb55508ba88f85b75cf86c0818b2c6f4da455d7a3cdfc2374e18?s=96&d=mm&r=g\",\"url\":\"https:\\\/\\\/secure.gravatar.com\\\/avatar\\\/42a5a9c8c30dcb55508ba88f85b75cf86c0818b2c6f4da455d7a3cdfc2374e18?s=96&d=mm&r=g\",\"contentUrl\":\"https:\\\/\\\/secure.gravatar.com\\\/avatar\\\/42a5a9c8c30dcb55508ba88f85b75cf86c0818b2c6f4da455d7a3cdfc2374e18?s=96&d=mm&r=g\",\"caption\":\"Antonio Buendia\"},\"url\":\"https:\\\/\\\/mineriayproyectos.com\\\/en\\\/author\\\/antonio-minypro\\\/\"}]}<\/script>\n<!-- \/ Yoast SEO plugin. -->","yoast_head_json":{"title":"ANDESMIN 2026: 980 mineros de Huancavelica buscan avanzar hacia la formalizaci\u00f3n - Miner\u00eda y Proyectos","description":"ANDESMIN 2026 puso en agenda la formalizaci\u00f3n de 980 mineros de Huancavelica, mientras 182 expedientes fueron transferidos al MINEM.","robots":{"index":"index","follow":"follow","max-snippet":"max-snippet:-1","max-image-preview":"max-image-preview:large","max-video-preview":"max-video-preview:-1"},"canonical":"https:\/\/mineriayproyectos.com\/en\/mineria\/2026\/09\/02\/andesmin-2026-mineros-huancavelica-formalizacion\/","og_locale":"en_US","og_type":"article","og_title":"ANDESMIN 2026: 980 mineros de Huancavelica buscan avanzar hacia la formalizaci\u00f3n - Miner\u00eda y Proyectos","og_description":"ANDESMIN 2026 puso en agenda la formalizaci\u00f3n de 980 mineros de Huancavelica, mientras 182 expedientes fueron transferidos al MINEM.","og_url":"https:\/\/mineriayproyectos.com\/en\/mineria\/2026\/09\/02\/andesmin-2026-mineros-huancavelica-formalizacion\/","og_site_name":"Miner\u00eda y Proyectos","article_published_time":"2026-09-02T23:07:25+00:00","article_modified_time":"2026-09-02T23:07:26+00:00","og_image":[{"width":1920,"height":1080,"url":"https:\/\/mineriayproyectos.com\/wp-content\/uploads\/2026\/09\/andesmin-2026-formalizacion-minera-huancavelica.jpg","type":"image\/jpeg"}],"author":"Antonio Buendia","twitter_card":"summary_large_image","twitter_misc":{"Written by":"Antonio Buendia","Est. reading time":"3 minutes"},"schema":{"@context":"https:\/\/schema.org","@graph":[{"@type":"Article","@id":"https:\/\/mineriayproyectos.com\/mineria\/2026\/09\/02\/andesmin-2026-mineros-huancavelica-formalizacion\/#article","isPartOf":{"@id":"https:\/\/mineriayproyectos.com\/mineria\/2026\/09\/02\/andesmin-2026-mineros-huancavelica-formalizacion\/"},"author":{"name":"Antonio Buendia","@id":"https:\/\/mineriayproyectos.com\/#\/schema\/person\/7cb1f3c671dfa5f49d443f8a000667d7"},"headline":"ANDESMIN 2026: 980 mineros de Huancavelica buscan avanzar hacia la formalizaci\u00f3n","datePublished":"2026-09-02T23:07:25+00:00","dateModified":"2026-09-02T23:07:26+00:00","mainEntityOfPage":{"@id":"https:\/\/mineriayproyectos.com\/mineria\/2026\/09\/02\/andesmin-2026-mineros-huancavelica-formalizacion\/"},"wordCount":518,"commentCount":0,"image":{"@id":"https:\/\/mineriayproyectos.com\/mineria\/2026\/09\/02\/andesmin-2026-mineros-huancavelica-formalizacion\/#primaryimage"},"thumbnailUrl":"https:\/\/mineriayproyectos.com\/wp-content\/uploads\/2026\/09\/andesmin-2026-formalizacion-minera-huancavelica.jpg","keywords":["ANDESMIN 2026"],"articleSection":["Eventos","Miner\u00eda"],"inLanguage":"en-US","potentialAction":[{"@type":"CommentAction","name":"Comment","target":["https:\/\/mineriayproyectos.com\/mineria\/2026\/09\/02\/andesmin-2026-mineros-huancavelica-formalizacion\/#respond"]}]},{"@type":"WebPage","@id":"https:\/\/mineriayproyectos.com\/mineria\/2026\/09\/02\/andesmin-2026-mineros-huancavelica-formalizacion\/","url":"https:\/\/mineriayproyectos.com\/mineria\/2026\/09\/02\/andesmin-2026-mineros-huancavelica-formalizacion\/","name":"ANDESMIN 2026: 980 mineros de Huancavelica buscan avanzar hacia la formalizaci\u00f3n - Miner\u00eda y Proyectos","isPartOf":{"@id":"https:\/\/mineriayproyectos.com\/#website"},"primaryImageOfPage":{"@id":"https:\/\/mineriayproyectos.com\/mineria\/2026\/09\/02\/andesmin-2026-mineros-huancavelica-formalizacion\/#primaryimage"},"image":{"@id":"https:\/\/mineriayproyectos.com\/mineria\/2026\/09\/02\/andesmin-2026-mineros-huancavelica-formalizacion\/#primaryimage"},"thumbnailUrl":"https:\/\/mineriayproyectos.com\/wp-content\/uploads\/2026\/09\/andesmin-2026-formalizacion-minera-huancavelica.jpg","datePublished":"2026-09-02T23:07:25+00:00","dateModified":"2026-09-02T23:07:26+00:00","author":{"@id":"https:\/\/mineriayproyectos.com\/#\/schema\/person\/7cb1f3c671dfa5f49d443f8a000667d7"},"description":"ANDESMIN 2026 puso en agenda la formalizaci\u00f3n de 980 mineros de Huancavelica, mientras 182 expedientes fueron transferidos al MINEM.","breadcrumb":{"@id":"https:\/\/mineriayproyectos.com\/mineria\/2026\/09\/02\/andesmin-2026-mineros-huancavelica-formalizacion\/#breadcrumb"},"inLanguage":"en-US","potentialAction":[{"@type":"ReadAction","target":["https:\/\/mineriayproyectos.com\/mineria\/2026\/09\/02\/andesmin-2026-mineros-huancavelica-formalizacion\/"]}]},{"@type":"ImageObject","inLanguage":"en-US","@id":"https:\/\/mineriayproyectos.com\/mineria\/2026\/09\/02\/andesmin-2026-mineros-huancavelica-formalizacion\/#primaryimage","url":"https:\/\/mineriayproyectos.com\/wp-content\/uploads\/2026\/09\/andesmin-2026-formalizacion-minera-huancavelica.jpg","contentUrl":"https:\/\/mineriayproyectos.com\/wp-content\/uploads\/2026\/09\/andesmin-2026-formalizacion-minera-huancavelica.jpg","width":1920,"height":1080,"caption":"ANDESMIN 2026 puso en agenda la formalizaci\u00f3n de 980 mineros de Huancavelica, mientras un primer lote de 182 expedientes fue transferido al MINEM."},{"@type":"BreadcrumbList","@id":"https:\/\/mineriayproyectos.com\/mineria\/2026\/09\/02\/andesmin-2026-mineros-huancavelica-formalizacion\/#breadcrumb","itemListElement":[{"@type":"ListItem","position":1,"name":"Portada","item":"https:\/\/mineriayproyectos.com\/"},{"@type":"ListItem","position":2,"name":"ANDESMIN 2026: 980 mineros de Huancavelica buscan avanzar hacia la formalizaci\u00f3n"}]},{"@type":"WebSite","@id":"https:\/\/mineriayproyectos.com\/#website","url":"https:\/\/mineriayproyectos.com\/","name":"Mining and Projects","description":"","potentialAction":[{"@type":"SearchAction","target":{"@type":"EntryPoint","urlTemplate":"https:\/\/mineriayproyectos.com\/?s={search_term_string}"},"query-input":{"@type":"PropertyValueSpecification","valueRequired":true,"valueName":"search_term_string"}}],"inLanguage":"en-US"},{"@type":"Person","@id":"https:\/\/mineriayproyectos.com\/#\/schema\/person\/7cb1f3c671dfa5f49d443f8a000667d7","name":"Antonio Buendia","image":{"@type":"ImageObject","inLanguage":"en-US","@id":"https:\/\/secure.gravatar.com\/avatar\/42a5a9c8c30dcb55508ba88f85b75cf86c0818b2c6f4da455d7a3cdfc2374e18?s=96&d=mm&r=g","url":"https:\/\/secure.gravatar.com\/avatar\/42a5a9c8c30dcb55508ba88f85b75cf86c0818b2c6f4da455d7a3cdfc2374e18?s=96&d=mm&r=g","contentUrl":"https:\/\/secure.gravatar.com\/avatar\/42a5a9c8c30dcb55508ba88f85b75cf86c0818b2c6f4da455d7a3cdfc2374e18?s=96&d=mm&r=g","caption":"Antonio Buendia"},"url":"https:\/\/mineriayproyectos.com\/en\/author\/antonio-minypro\/"}]}},"_links":{"self":[{"href":"https:\/\/mineriayproyectos.com\/en\/wp-json\/wp\/v2\/posts\/31314","targetHints":{"allow":["GET"]}}],"collection":[{"href":"https:\/\/mineriayproyectos.com\/en\/wp-json\/wp\/v2\/posts"}],"about":[{"href":"https:\/\/mineriayproyectos.com\/en\/wp-json\/wp\/v2\/types\/post"}],"author":[{"embeddable":true,"href":"https:\/\/mineriayproyectos.com\/en\/wp-json\/wp\/v2\/users\/3"}],"replies":[{"embeddable":true,"href":"https:\/\/mineriayproyectos.com\/en\/wp-json\/wp\/v2\/comments?post=31314"}],"version-history":[{"count":0,"href":"https:\/\/mineriayproyectos.com\/en\/wp-json\/wp\/v2\/posts\/31314\/revisions"}],"wp:featuredmedia":[{"embeddable":true,"href":"https:\/\/mineriayproyectos.com\/en\/wp-json\/wp\/v2\/media\/31315"}],"wp:attachment":[{"href":"https:\/\/mineriayproyectos.com\/en\/wp-json\/wp\/v2\/media?parent=31314"}],"wp:term":[{"taxonomy":"category","embeddable":true,"href":"https:\/\/mineriayproyectos.com\/en\/wp-json\/wp\/v2\/categories?post=31314"},{"taxonomy":"post_tag","embeddable":true,"href":"https:\/\/mineriayproyectos.com\/en\/wp-json\/wp\/v2\/tags?post=31314"}],"curies":[{"name":"wp","href":"https:\/\/api.w.org\/{rel}","templated":true}]}}