{"id":31311,"date":"2026-09-02T17:54:40","date_gmt":"2026-09-02T22:54:40","guid":{"rendered":"https:\/\/mineriayproyectos.com\/?p=31311"},"modified":"2026-09-02T17:54:41","modified_gmt":"2026-09-02T22:54:41","slug":"reinfo-formalizacion-minera-ley-mape","status":"publish","type":"post","link":"https:\/\/mineriayproyectos.com\/en\/mineria\/2026\/09\/02\/reinfo-formalizacion-minera-ley-mape\/","title":{"rendered":"REINFO en cuenta regresiva: \u00bfel Gobierno tiene una ruta clara para la formalizaci\u00f3n y la lucha contra la miner\u00eda ilegal?"},"content":{"rendered":"<p class=\"wp-block-paragraph\">El futuro del <strong>Registro Integral de Formalizaci\u00f3n Minera (REINFO)<\/strong> vuelve a estar en el centro del debate. A cuatro meses de que venza su vigencia, el propio Gobierno reconoce que el modelo actual de formalizaci\u00f3n enfrenta serias limitaciones y prepara una nueva <strong>Ley de Peque\u00f1a Miner\u00eda y Miner\u00eda Artesanal (MAPE<\/strong>). Al mismo tiempo, se eval\u00faa una eventual continuidad para quienes ya presentan avances concretos en su proceso de formalizaci\u00f3n.<\/p>\n\n\n\n<p class=\"wp-block-paragraph\">Para el abogado Andr\u00e9 Sota S\u00e1nchez, abogadoespecializado en derecho penal ambiental y minero, y vocero t\u00e9cnico del <a href=\"https:\/\/conademi.pe\/\" type=\"link\" id=\"https:\/\/conademi.pe\/\">Consejo Nacional de Miner\u00eda (CONADEMI)<\/a> el debate no deber\u00eda reducirse a mantener o eliminar el <strong>REINFO<\/strong>, sino a definir una ruta clara para quienes avanzan hacia la formalizaci\u00f3n y establecer controles que eviten prolongar situaciones de informalidad.<\/p>\n\n\n\n<p class=\"wp-block-paragraph\">\u201cCerrar el <strong>REINFO<\/strong> sin tener una alternativa clara puede dejar en el aire a miles de mineros que s\u00ed est\u00e1n intentando formalizarse. Pero mantenerlo indefinidamente tampoco resuelve el problema. El Estado tiene que actuar ahora y definir una ruta de salida que permita distinguir a quienes realmente buscan ingresar a la legalidad de quienes no han avanzado en el proceso\u201d, sostiene Sota.<\/p>\n\n\n\n<h3 class=\"wp-block-heading\"><strong>Un proceso que a\u00fan no logra resultados<\/strong><\/h3>\n\n\n\n<p class=\"wp-block-paragraph\">Las cifras muestran la magnitud del desaf\u00edo. Seg\u00fan informaci\u00f3n del <a href=\"https:\/\/mineriayproyectos.com\/en\/mineria\/2026\/09\/02\/zafranal-minem-anglo-teck-prioridad-2027\/\" type=\"link\" id=\"https:\/\/mineriayproyectos.com\/mineria\/2026\/09\/02\/zafranal-minem-anglo-teck-prioridad-2027\/\">Ministerio de Energ\u00eda y Minas<\/a> recogida por el Banco Central de Reserva, al 20 de abril de 2026 hab\u00eda 31,610 inscritos en el <strong>REINFO<\/strong>, mientras que entre 2014 y 2025 solo 2,295 mineros hab\u00edan culminado su formalizaci\u00f3n. El dato evidencia que mantener un registro abierto no garantiza, por s\u00ed mismo, que m\u00e1s mineros lleguen a la legalidad.<\/p>\n\n\n\n<p class=\"wp-block-paragraph\">Asimismo, la discusi\u00f3n adquiere mayor relevancia ante la preparaci\u00f3n de una nueva <strong>Ley MAPE<\/strong>. El Ejecutivo ha planteado este nuevo marco como una alternativa para mejorar el proceso de formalizaci\u00f3n, por lo que uno de los principales desaf\u00edos ser\u00e1 definir la transici\u00f3n para quienes ya forman parte del <strong>REINFO<\/strong> y establecer criterios claros para determinar qui\u00e9nes podr\u00e1n continuar en el proceso.<\/p>\n\n\n\n<p class=\"wp-block-paragraph\">\u201cRecientemente el propio Gobierno reconoci\u00f3 que el modelo actual no funciona, por ello no podemos esperar hasta diciembre para reci\u00e9n decidir qu\u00e9 hacer. La nueva regulaci\u00f3n debe estar acompa\u00f1ada de reglas claras para quienes est\u00e1n en proceso, pero tambi\u00e9n de controles efectivos y una fecha real de cierre. Ya no estamos ante un gobierno de transici\u00f3n; hoy se necesitan decisiones y cambios concretos\u201d, explica Sota.<\/p>\n\n\n\n<h3 class=\"wp-block-heading\"><strong>El otro desaf\u00edo: miner\u00eda ilegal y crimen organizado<\/strong><\/h3>\n\n\n\n<p class=\"wp-block-paragraph\">La discusi\u00f3n sobre el futuro del <strong>REINFO<\/strong> no termina en la formalizaci\u00f3n. Tambi\u00e9n plantea un desaf\u00edo de seguridad, porque la miner\u00eda ilegal est\u00e1 vinculada a distintas econom\u00edas il\u00edcitas y, en algunos casos, a estructuras relacionadas con el crimen organizado. Por ello, cualquier nuevo mecanismo de formalizaci\u00f3n debe permitir al Estado diferenciar con claridad a quienes avanzan hacia la legalidad de quienes operan al margen de ella.<\/p>\n\n\n\n<p class=\"wp-block-paragraph\">En esa l\u00ednea, Sota considera que la pol\u00edtica minera no puede avanzar desconectada de la lucha contra el crimen organizado. La formalizaci\u00f3n y la lucha contra la miner\u00eda ilegal no son objetivos contradictorios: un proceso adecuado debe permitir al Estado identificar qui\u00e9n est\u00e1 dentro de la legalidad, qui\u00e9n avanza hacia ella y qui\u00e9n opera al margen de la ley, evitando que un mecanismo transitorio termine prolongando la informalidad o generando espacios para actividades vinculadas al crimen organizado.<\/p>\n\n\n\n<p class=\"wp-block-paragraph\">El reto para los pr\u00f3ximos meses ser\u00e1 convertir ese principio en una ruta concreta: garantizar que los mineros que realmente buscan formalizarse puedan avanzar y, al mismo tiempo, fortalecer los mecanismos de trazabilidad y fiscalizaci\u00f3n para cerrar espacios a la miner\u00eda ilegal y otras econom\u00edas il\u00edcitas. Desde el sector, <strong>CONADEMI<\/strong> ha resaltado la importancia de contar con un proceso que permita avanzar hacia la formalizaci\u00f3n efectiva, sin generar nuevos espacios para la informalidad<\/p>","protected":false},"excerpt":{"rendered":"<p>El futuro del Registro Integral de Formalizaci\u00f3n Minera (REINFO) vuelve a estar en el centro del debate. A cuatro meses de que venza su vigencia, el propio Gobierno reconoce que el modelo actual de formalizaci\u00f3n enfrenta serias limitaciones y prepara una nueva Ley de Peque\u00f1a Miner\u00eda y Miner\u00eda Artesanal (MAPE). Al mismo tiempo, se eval\u00faa [&hellip;]<\/p>\n","protected":false},"author":3,"featured_media":31312,"comment_status":"open","ping_status":"open","sticky":false,"template":"","format":"standard","meta":{"footnotes":""},"categories":[10],"tags":[27,433,15,328],"class_list":["post-31311","post","type-post","status-publish","format-standard","has-post-thumbnail","hentry","category-mineria","tag-gobierno","tag-ley-mape","tag-mineria-ilegal","tag-reinfo"],"yoast_head":"<!-- This site is optimized with the Yoast SEO plugin v27.6 - https:\/\/yoast.com\/product\/yoast-seo-wordpress\/ -->\n<title>REINFO en cuenta regresiva: \u00bfel Gobierno tiene una ruta clara para la formalizaci\u00f3n y la lucha contra la miner\u00eda ilegal? - Miner\u00eda y Proyectos<\/title>\n<meta name=\"description\" content=\"El futuro del REINFO vuelve al debate ante su pr\u00f3ximo vencimiento y la preparaci\u00f3n de una nueva Ley MAPE para la formalizaci\u00f3n minera.\" \/>\n<meta name=\"robots\" content=\"index, follow, max-snippet:-1, max-image-preview:large, max-video-preview:-1\" \/>\n<link rel=\"canonical\" href=\"https:\/\/mineriayproyectos.com\/en\/mineria\/2026\/09\/02\/reinfo-formalizacion-minera-ley-mape\/\" \/>\n<meta property=\"og:locale\" content=\"en_US\" \/>\n<meta property=\"og:type\" content=\"article\" \/>\n<meta property=\"og:title\" content=\"REINFO en cuenta regresiva: \u00bfel Gobierno tiene una ruta clara para la formalizaci\u00f3n y la lucha contra la miner\u00eda ilegal? - Miner\u00eda y Proyectos\" \/>\n<meta property=\"og:description\" content=\"El futuro del REINFO vuelve al debate ante su pr\u00f3ximo vencimiento y la preparaci\u00f3n de una nueva Ley MAPE para la formalizaci\u00f3n minera.\" \/>\n<meta property=\"og:url\" content=\"https:\/\/mineriayproyectos.com\/en\/mineria\/2026\/09\/02\/reinfo-formalizacion-minera-ley-mape\/\" \/>\n<meta property=\"og:site_name\" content=\"Miner\u00eda y Proyectos\" \/>\n<meta property=\"article:published_time\" content=\"2026-09-02T22:54:40+00:00\" \/>\n<meta property=\"article:modified_time\" content=\"2026-09-02T22:54:41+00:00\" \/>\n<meta property=\"og:image\" content=\"https:\/\/mineriayproyectos.com\/wp-content\/uploads\/2026\/09\/reinfo-formalizacion-minera-ley-mape.jpg\" \/>\n\t<meta property=\"og:image:width\" content=\"1920\" \/>\n\t<meta property=\"og:image:height\" content=\"1080\" \/>\n\t<meta property=\"og:image:type\" content=\"image\/jpeg\" \/>\n<meta name=\"author\" content=\"Antonio Buendia\" \/>\n<meta name=\"twitter:card\" content=\"summary_large_image\" \/>\n<meta name=\"twitter:label1\" content=\"Written by\" \/>\n\t<meta name=\"twitter:data1\" content=\"Antonio Buendia\" \/>\n\t<meta name=\"twitter:label2\" content=\"Est. reading time\" \/>\n\t<meta name=\"twitter:data2\" content=\"3 minutes\" \/>\n<script type=\"application\/ld+json\" class=\"yoast-schema-graph\">{\"@context\":\"https:\\\/\\\/schema.org\",\"@graph\":[{\"@type\":\"Article\",\"@id\":\"https:\\\/\\\/mineriayproyectos.com\\\/mineria\\\/2026\\\/09\\\/02\\\/reinfo-formalizacion-minera-ley-mape\\\/#article\",\"isPartOf\":{\"@id\":\"https:\\\/\\\/mineriayproyectos.com\\\/mineria\\\/2026\\\/09\\\/02\\\/reinfo-formalizacion-minera-ley-mape\\\/\"},\"author\":{\"name\":\"Antonio Buendia\",\"@id\":\"https:\\\/\\\/mineriayproyectos.com\\\/#\\\/schema\\\/person\\\/7cb1f3c671dfa5f49d443f8a000667d7\"},\"headline\":\"REINFO en cuenta regresiva: \u00bfel Gobierno tiene una ruta clara para la formalizaci\u00f3n y la lucha contra la miner\u00eda ilegal?\",\"datePublished\":\"2026-09-02T22:54:40+00:00\",\"dateModified\":\"2026-09-02T22:54:41+00:00\",\"mainEntityOfPage\":{\"@id\":\"https:\\\/\\\/mineriayproyectos.com\\\/mineria\\\/2026\\\/09\\\/02\\\/reinfo-formalizacion-minera-ley-mape\\\/\"},\"wordCount\":683,\"commentCount\":0,\"image\":{\"@id\":\"https:\\\/\\\/mineriayproyectos.com\\\/mineria\\\/2026\\\/09\\\/02\\\/reinfo-formalizacion-minera-ley-mape\\\/#primaryimage\"},\"thumbnailUrl\":\"https:\\\/\\\/mineriayproyectos.com\\\/wp-content\\\/uploads\\\/2026\\\/09\\\/reinfo-formalizacion-minera-ley-mape.jpg\",\"keywords\":[\"Gobierno\",\"Ley MAPE\",\"Miner\u00eda Ilegal\",\"Reinfo\"],\"articleSection\":[\"Miner\u00eda\"],\"inLanguage\":\"en-US\",\"potentialAction\":[{\"@type\":\"CommentAction\",\"name\":\"Comment\",\"target\":[\"https:\\\/\\\/mineriayproyectos.com\\\/mineria\\\/2026\\\/09\\\/02\\\/reinfo-formalizacion-minera-ley-mape\\\/#respond\"]}]},{\"@type\":\"WebPage\",\"@id\":\"https:\\\/\\\/mineriayproyectos.com\\\/mineria\\\/2026\\\/09\\\/02\\\/reinfo-formalizacion-minera-ley-mape\\\/\",\"url\":\"https:\\\/\\\/mineriayproyectos.com\\\/mineria\\\/2026\\\/09\\\/02\\\/reinfo-formalizacion-minera-ley-mape\\\/\",\"name\":\"REINFO en cuenta regresiva: \u00bfel Gobierno tiene una ruta clara para la formalizaci\u00f3n y la lucha contra la miner\u00eda ilegal? - Miner\u00eda y Proyectos\",\"isPartOf\":{\"@id\":\"https:\\\/\\\/mineriayproyectos.com\\\/#website\"},\"primaryImageOfPage\":{\"@id\":\"https:\\\/\\\/mineriayproyectos.com\\\/mineria\\\/2026\\\/09\\\/02\\\/reinfo-formalizacion-minera-ley-mape\\\/#primaryimage\"},\"image\":{\"@id\":\"https:\\\/\\\/mineriayproyectos.com\\\/mineria\\\/2026\\\/09\\\/02\\\/reinfo-formalizacion-minera-ley-mape\\\/#primaryimage\"},\"thumbnailUrl\":\"https:\\\/\\\/mineriayproyectos.com\\\/wp-content\\\/uploads\\\/2026\\\/09\\\/reinfo-formalizacion-minera-ley-mape.jpg\",\"datePublished\":\"2026-09-02T22:54:40+00:00\",\"dateModified\":\"2026-09-02T22:54:41+00:00\",\"author\":{\"@id\":\"https:\\\/\\\/mineriayproyectos.com\\\/#\\\/schema\\\/person\\\/7cb1f3c671dfa5f49d443f8a000667d7\"},\"description\":\"El futuro del REINFO vuelve al debate ante su pr\u00f3ximo vencimiento y la preparaci\u00f3n de una nueva Ley MAPE para la formalizaci\u00f3n minera.\",\"breadcrumb\":{\"@id\":\"https:\\\/\\\/mineriayproyectos.com\\\/mineria\\\/2026\\\/09\\\/02\\\/reinfo-formalizacion-minera-ley-mape\\\/#breadcrumb\"},\"inLanguage\":\"en-US\",\"potentialAction\":[{\"@type\":\"ReadAction\",\"target\":[\"https:\\\/\\\/mineriayproyectos.com\\\/mineria\\\/2026\\\/09\\\/02\\\/reinfo-formalizacion-minera-ley-mape\\\/\"]}]},{\"@type\":\"ImageObject\",\"inLanguage\":\"en-US\",\"@id\":\"https:\\\/\\\/mineriayproyectos.com\\\/mineria\\\/2026\\\/09\\\/02\\\/reinfo-formalizacion-minera-ley-mape\\\/#primaryimage\",\"url\":\"https:\\\/\\\/mineriayproyectos.com\\\/wp-content\\\/uploads\\\/2026\\\/09\\\/reinfo-formalizacion-minera-ley-mape.jpg\",\"contentUrl\":\"https:\\\/\\\/mineriayproyectos.com\\\/wp-content\\\/uploads\\\/2026\\\/09\\\/reinfo-formalizacion-minera-ley-mape.jpg\",\"width\":1920,\"height\":1080,\"caption\":\"El futuro del REINFO vuelve al centro del debate ante el vencimiento de su vigencia y la preparaci\u00f3n de una nueva Ley MAPE.\"},{\"@type\":\"BreadcrumbList\",\"@id\":\"https:\\\/\\\/mineriayproyectos.com\\\/mineria\\\/2026\\\/09\\\/02\\\/reinfo-formalizacion-minera-ley-mape\\\/#breadcrumb\",\"itemListElement\":[{\"@type\":\"ListItem\",\"position\":1,\"name\":\"Portada\",\"item\":\"https:\\\/\\\/mineriayproyectos.com\\\/\"},{\"@type\":\"ListItem\",\"position\":2,\"name\":\"REINFO en cuenta regresiva: \u00bfel Gobierno tiene una ruta clara para la formalizaci\u00f3n y la lucha contra la miner\u00eda ilegal?\"}]},{\"@type\":\"WebSite\",\"@id\":\"https:\\\/\\\/mineriayproyectos.com\\\/#website\",\"url\":\"https:\\\/\\\/mineriayproyectos.com\\\/\",\"name\":\"Miner\u00eda y Proyectos\",\"description\":\"\",\"potentialAction\":[{\"@type\":\"SearchAction\",\"target\":{\"@type\":\"EntryPoint\",\"urlTemplate\":\"https:\\\/\\\/mineriayproyectos.com\\\/?s={search_term_string}\"},\"query-input\":{\"@type\":\"PropertyValueSpecification\",\"valueRequired\":true,\"valueName\":\"search_term_string\"}}],\"inLanguage\":\"en-US\"},{\"@type\":\"Person\",\"@id\":\"https:\\\/\\\/mineriayproyectos.com\\\/#\\\/schema\\\/person\\\/7cb1f3c671dfa5f49d443f8a000667d7\",\"name\":\"Antonio Buendia\",\"image\":{\"@type\":\"ImageObject\",\"inLanguage\":\"en-US\",\"@id\":\"https:\\\/\\\/secure.gravatar.com\\\/avatar\\\/42a5a9c8c30dcb55508ba88f85b75cf86c0818b2c6f4da455d7a3cdfc2374e18?s=96&d=mm&r=g\",\"url\":\"https:\\\/\\\/secure.gravatar.com\\\/avatar\\\/42a5a9c8c30dcb55508ba88f85b75cf86c0818b2c6f4da455d7a3cdfc2374e18?s=96&d=mm&r=g\",\"contentUrl\":\"https:\\\/\\\/secure.gravatar.com\\\/avatar\\\/42a5a9c8c30dcb55508ba88f85b75cf86c0818b2c6f4da455d7a3cdfc2374e18?s=96&d=mm&r=g\",\"caption\":\"Antonio Buendia\"},\"url\":\"https:\\\/\\\/mineriayproyectos.com\\\/en\\\/author\\\/antonio-minypro\\\/\"}]}<\/script>\n<!-- \/ Yoast SEO plugin. -->","yoast_head_json":{"title":"REINFO en cuenta regresiva: \u00bfel Gobierno tiene una ruta clara para la formalizaci\u00f3n y la lucha contra la miner\u00eda ilegal? - Miner\u00eda y Proyectos","description":"El futuro del REINFO vuelve al debate ante su pr\u00f3ximo vencimiento y la preparaci\u00f3n de una nueva Ley MAPE para la formalizaci\u00f3n minera.","robots":{"index":"index","follow":"follow","max-snippet":"max-snippet:-1","max-image-preview":"max-image-preview:large","max-video-preview":"max-video-preview:-1"},"canonical":"https:\/\/mineriayproyectos.com\/en\/mineria\/2026\/09\/02\/reinfo-formalizacion-minera-ley-mape\/","og_locale":"en_US","og_type":"article","og_title":"REINFO en cuenta regresiva: \u00bfel Gobierno tiene una ruta clara para la formalizaci\u00f3n y la lucha contra la miner\u00eda ilegal? - Miner\u00eda y Proyectos","og_description":"El futuro del REINFO vuelve al debate ante su pr\u00f3ximo vencimiento y la preparaci\u00f3n de una nueva Ley MAPE para la formalizaci\u00f3n minera.","og_url":"https:\/\/mineriayproyectos.com\/en\/mineria\/2026\/09\/02\/reinfo-formalizacion-minera-ley-mape\/","og_site_name":"Miner\u00eda y Proyectos","article_published_time":"2026-09-02T22:54:40+00:00","article_modified_time":"2026-09-02T22:54:41+00:00","og_image":[{"width":1920,"height":1080,"url":"https:\/\/mineriayproyectos.com\/wp-content\/uploads\/2026\/09\/reinfo-formalizacion-minera-ley-mape.jpg","type":"image\/jpeg"}],"author":"Antonio Buendia","twitter_card":"summary_large_image","twitter_misc":{"Written by":"Antonio Buendia","Est. reading time":"3 minutes"},"schema":{"@context":"https:\/\/schema.org","@graph":[{"@type":"Article","@id":"https:\/\/mineriayproyectos.com\/mineria\/2026\/09\/02\/reinfo-formalizacion-minera-ley-mape\/#article","isPartOf":{"@id":"https:\/\/mineriayproyectos.com\/mineria\/2026\/09\/02\/reinfo-formalizacion-minera-ley-mape\/"},"author":{"name":"Antonio Buendia","@id":"https:\/\/mineriayproyectos.com\/#\/schema\/person\/7cb1f3c671dfa5f49d443f8a000667d7"},"headline":"REINFO en cuenta regresiva: \u00bfel Gobierno tiene una ruta clara para la formalizaci\u00f3n y la lucha contra la miner\u00eda ilegal?","datePublished":"2026-09-02T22:54:40+00:00","dateModified":"2026-09-02T22:54:41+00:00","mainEntityOfPage":{"@id":"https:\/\/mineriayproyectos.com\/mineria\/2026\/09\/02\/reinfo-formalizacion-minera-ley-mape\/"},"wordCount":683,"commentCount":0,"image":{"@id":"https:\/\/mineriayproyectos.com\/mineria\/2026\/09\/02\/reinfo-formalizacion-minera-ley-mape\/#primaryimage"},"thumbnailUrl":"https:\/\/mineriayproyectos.com\/wp-content\/uploads\/2026\/09\/reinfo-formalizacion-minera-ley-mape.jpg","keywords":["Gobierno","Ley MAPE","Miner\u00eda Ilegal","Reinfo"],"articleSection":["Miner\u00eda"],"inLanguage":"en-US","potentialAction":[{"@type":"CommentAction","name":"Comment","target":["https:\/\/mineriayproyectos.com\/mineria\/2026\/09\/02\/reinfo-formalizacion-minera-ley-mape\/#respond"]}]},{"@type":"WebPage","@id":"https:\/\/mineriayproyectos.com\/mineria\/2026\/09\/02\/reinfo-formalizacion-minera-ley-mape\/","url":"https:\/\/mineriayproyectos.com\/mineria\/2026\/09\/02\/reinfo-formalizacion-minera-ley-mape\/","name":"REINFO en cuenta regresiva: \u00bfel Gobierno tiene una ruta clara para la formalizaci\u00f3n y la lucha contra la miner\u00eda ilegal? - Miner\u00eda y Proyectos","isPartOf":{"@id":"https:\/\/mineriayproyectos.com\/#website"},"primaryImageOfPage":{"@id":"https:\/\/mineriayproyectos.com\/mineria\/2026\/09\/02\/reinfo-formalizacion-minera-ley-mape\/#primaryimage"},"image":{"@id":"https:\/\/mineriayproyectos.com\/mineria\/2026\/09\/02\/reinfo-formalizacion-minera-ley-mape\/#primaryimage"},"thumbnailUrl":"https:\/\/mineriayproyectos.com\/wp-content\/uploads\/2026\/09\/reinfo-formalizacion-minera-ley-mape.jpg","datePublished":"2026-09-02T22:54:40+00:00","dateModified":"2026-09-02T22:54:41+00:00","author":{"@id":"https:\/\/mineriayproyectos.com\/#\/schema\/person\/7cb1f3c671dfa5f49d443f8a000667d7"},"description":"El futuro del REINFO vuelve al debate ante su pr\u00f3ximo vencimiento y la preparaci\u00f3n de una nueva Ley MAPE para la formalizaci\u00f3n minera.","breadcrumb":{"@id":"https:\/\/mineriayproyectos.com\/mineria\/2026\/09\/02\/reinfo-formalizacion-minera-ley-mape\/#breadcrumb"},"inLanguage":"en-US","potentialAction":[{"@type":"ReadAction","target":["https:\/\/mineriayproyectos.com\/mineria\/2026\/09\/02\/reinfo-formalizacion-minera-ley-mape\/"]}]},{"@type":"ImageObject","inLanguage":"en-US","@id":"https:\/\/mineriayproyectos.com\/mineria\/2026\/09\/02\/reinfo-formalizacion-minera-ley-mape\/#primaryimage","url":"https:\/\/mineriayproyectos.com\/wp-content\/uploads\/2026\/09\/reinfo-formalizacion-minera-ley-mape.jpg","contentUrl":"https:\/\/mineriayproyectos.com\/wp-content\/uploads\/2026\/09\/reinfo-formalizacion-minera-ley-mape.jpg","width":1920,"height":1080,"caption":"El futuro del REINFO vuelve al centro del debate ante el vencimiento de su vigencia y la preparaci\u00f3n de una nueva Ley MAPE."},{"@type":"BreadcrumbList","@id":"https:\/\/mineriayproyectos.com\/mineria\/2026\/09\/02\/reinfo-formalizacion-minera-ley-mape\/#breadcrumb","itemListElement":[{"@type":"ListItem","position":1,"name":"Portada","item":"https:\/\/mineriayproyectos.com\/"},{"@type":"ListItem","position":2,"name":"REINFO en cuenta regresiva: \u00bfel Gobierno tiene una ruta clara para la formalizaci\u00f3n y la lucha contra la miner\u00eda ilegal?"}]},{"@type":"WebSite","@id":"https:\/\/mineriayproyectos.com\/#website","url":"https:\/\/mineriayproyectos.com\/","name":"Mining and Projects","description":"","potentialAction":[{"@type":"SearchAction","target":{"@type":"EntryPoint","urlTemplate":"https:\/\/mineriayproyectos.com\/?s={search_term_string}"},"query-input":{"@type":"PropertyValueSpecification","valueRequired":true,"valueName":"search_term_string"}}],"inLanguage":"en-US"},{"@type":"Person","@id":"https:\/\/mineriayproyectos.com\/#\/schema\/person\/7cb1f3c671dfa5f49d443f8a000667d7","name":"Antonio Buendia","image":{"@type":"ImageObject","inLanguage":"en-US","@id":"https:\/\/secure.gravatar.com\/avatar\/42a5a9c8c30dcb55508ba88f85b75cf86c0818b2c6f4da455d7a3cdfc2374e18?s=96&d=mm&r=g","url":"https:\/\/secure.gravatar.com\/avatar\/42a5a9c8c30dcb55508ba88f85b75cf86c0818b2c6f4da455d7a3cdfc2374e18?s=96&d=mm&r=g","contentUrl":"https:\/\/secure.gravatar.com\/avatar\/42a5a9c8c30dcb55508ba88f85b75cf86c0818b2c6f4da455d7a3cdfc2374e18?s=96&d=mm&r=g","caption":"Antonio Buendia"},"url":"https:\/\/mineriayproyectos.com\/en\/author\/antonio-minypro\/"}]}},"_links":{"self":[{"href":"https:\/\/mineriayproyectos.com\/en\/wp-json\/wp\/v2\/posts\/31311","targetHints":{"allow":["GET"]}}],"collection":[{"href":"https:\/\/mineriayproyectos.com\/en\/wp-json\/wp\/v2\/posts"}],"about":[{"href":"https:\/\/mineriayproyectos.com\/en\/wp-json\/wp\/v2\/types\/post"}],"author":[{"embeddable":true,"href":"https:\/\/mineriayproyectos.com\/en\/wp-json\/wp\/v2\/users\/3"}],"replies":[{"embeddable":true,"href":"https:\/\/mineriayproyectos.com\/en\/wp-json\/wp\/v2\/comments?post=31311"}],"version-history":[{"count":0,"href":"https:\/\/mineriayproyectos.com\/en\/wp-json\/wp\/v2\/posts\/31311\/revisions"}],"wp:featuredmedia":[{"embeddable":true,"href":"https:\/\/mineriayproyectos.com\/en\/wp-json\/wp\/v2\/media\/31312"}],"wp:attachment":[{"href":"https:\/\/mineriayproyectos.com\/en\/wp-json\/wp\/v2\/media?parent=31311"}],"wp:term":[{"taxonomy":"category","embeddable":true,"href":"https:\/\/mineriayproyectos.com\/en\/wp-json\/wp\/v2\/categories?post=31311"},{"taxonomy":"post_tag","embeddable":true,"href":"https:\/\/mineriayproyectos.com\/en\/wp-json\/wp\/v2\/tags?post=31311"}],"curies":[{"name":"wp","href":"https:\/\/api.w.org\/{rel}","templated":true}]}}