{"id":31299,"date":"2026-09-02T17:24:04","date_gmt":"2026-09-02T22:24:04","guid":{"rendered":"https:\/\/mineriayproyectos.com\/?p=31299"},"modified":"2026-09-02T17:24:06","modified_gmt":"2026-09-02T22:24:06","slug":"zafranal-minem-anglo-teck-prioridad-2027","status":"publish","type":"post","link":"https:\/\/mineriayproyectos.com\/en\/mineria\/2026\/09\/02\/zafranal-minem-anglo-teck-prioridad-2027\/","title":{"rendered":"MINEM buscar\u00e1 que Anglo Teck priorice el proyecto Zafranal en 2027"},"content":{"rendered":"<p class=\"wp-block-paragraph\"><strong>Zafranal<\/strong> volver\u00e1 a estar en el centro de las coordinaciones del <a href=\"https:\/\/www.gob.pe\/minem\" type=\"link\" id=\"https:\/\/www.gob.pe\/minem\">Ministry of Energy and Mines (MINEM)<\/a>, que buscar\u00e1 que <a href=\"https:\/\/mineriayproyectos.com\/en\/mineria\/internacional\/2026\/08\/13\/anglo-teck-equipo-ejecutivo-fusion\/\" type=\"link\" id=\"https:\/\/mineriayproyectos.com\/mineria\/internacional\/2026\/08\/13\/anglo-teck-equipo-ejecutivo-fusion\/\">Anglo Teck<\/a> priorice el desarrollo del proyecto dentro de su cartera de inversiones para 2027. La iniciativa forma parte de los esfuerzos del sector por acelerar nuevos proyectos mineros y reducir los tiempos asociados a permisos y procedimientos operativos.<\/p>\n\n\n\n<p class=\"wp-block-paragraph\">El ministro de Energ\u00eda y Minas, <strong>Guillermo Shinno<\/strong>, se\u00f1al\u00f3 durante una entrevista con <strong>SEMANA Econ\u00f3mica<\/strong> que el Gobierno prev\u00e9 dialogar con la compa\u00f1\u00eda para conocer sus planes respecto al proyecto y promover que las inversiones previstas en Per\u00fa mantengan prioridad dentro de su nueva cartera.<\/p>\n\n\n\n<p class=\"wp-block-paragraph\">\u201cTenemos que conversar con ellos. Buscaremos que prioricen Zafranal y sus inversiones aqu\u00ed\u201d, sostuvo el titular del MINEM.<\/p>\n\n\n\n<h3 class=\"wp-block-heading\"><strong>Zafranal se mantiene entre los proyectos pr\u00f3ximos a avanzar<\/strong><\/h3>\n\n\n\n<p class=\"wp-block-paragraph\">Seg\u00fan Shinno, <strong>Zafranal se encuentra entre los proyectos que est\u00e1n m\u00e1s cerca de iniciar una nueva etapa<\/strong>, aunque su avance depender\u00e1 de las decisiones que adopte Anglo Teck respecto a la asignaci\u00f3n de capital dentro de su cartera.<\/p>\n\n\n\n<p class=\"wp-block-paragraph\">El ministro explic\u00f3 que, tras la integraci\u00f3n de <strong>Anglo American<\/strong> y <strong>Teck Resources<\/strong>, la compa\u00f1\u00eda cuenta ahora con un portafolio m\u00e1s amplio de proyectos y deber\u00e1 definir cu\u00e1les recibir\u00e1n prioridad en sus pr\u00f3ximos planes de inversi\u00f3n.<\/p>\n\n\n\n<p class=\"wp-block-paragraph\">Frente a este escenario, el MINEM buscar\u00e1 mantener conversaciones con la empresa para promover el avance de Zafranal y generar condiciones que favorezcan nuevas inversiones en el pa\u00eds.<\/p>\n\n\n\n<h3 class=\"wp-block-heading\"><strong>MINEM plantea agilizar permisos para proyectos mineros<\/strong><\/h3>\n\n\n\n<p class=\"wp-block-paragraph\">Como parte de esta estrategia, Shinno adelant\u00f3 que el Gobierno trabaja en medidas para <strong>simplificar los permisos ambientales y reducir los tiempos de los procedimientos constructivos y operativos<\/strong> vinculados al desarrollo de proyectos mineros.<\/p>\n\n\n\n<p class=\"wp-block-paragraph\">El titular del sector precis\u00f3 que la propuesta no busca reducir las exigencias ambientales, sino hacer m\u00e1s eficiente la evaluaci\u00f3n de los expedientes.<\/p>\n\n\n\n<p class=\"wp-block-paragraph\">\u201cVamos a simplificar los permisos ambientales, sin dejar de ser rigurosos\u201d, afirm\u00f3.<\/p>\n\n\n\n<hr class=\"wp-block-separator has-alpha-channel-opacity\"\/>\n\n\n\n<div class=\"wp-block-media-text is-stacked-on-mobile\" style=\"grid-template-columns:33% auto\"><figure class=\"wp-block-media-text__media\"><img fetchpriority=\"high\" decoding=\"async\" width=\"1024\" height=\"576\" src=\"https:\/\/mineriayproyectos.com\/wp-content\/uploads\/2026\/09\/minera-crespo-ampliacion-capacidad-cusco-1024x576.jpg\" alt=\"Minera Crespo proyecta ampliar su capacidad a 14,500 toneladas por d\u00eda\" class=\"wp-image-31284 size-full\" srcset=\"https:\/\/mineriayproyectos.com\/wp-content\/uploads\/2026\/09\/minera-crespo-ampliacion-capacidad-cusco-1024x576.jpg 1024w, https:\/\/mineriayproyectos.com\/wp-content\/uploads\/2026\/09\/minera-crespo-ampliacion-capacidad-cusco-300x169.jpg 300w, https:\/\/mineriayproyectos.com\/wp-content\/uploads\/2026\/09\/minera-crespo-ampliacion-capacidad-cusco-768x432.jpg 768w, https:\/\/mineriayproyectos.com\/wp-content\/uploads\/2026\/09\/minera-crespo-ampliacion-capacidad-cusco-1536x864.jpg 1536w, https:\/\/mineriayproyectos.com\/wp-content\/uploads\/2026\/09\/minera-crespo-ampliacion-capacidad-cusco-18x10.jpg 18w, https:\/\/mineriayproyectos.com\/wp-content\/uploads\/2026\/09\/minera-crespo-ampliacion-capacidad-cusco.jpg 1920w\" sizes=\"(max-width: 1024px) 100vw, 1024px\" \/><\/figure><div class=\"wp-block-media-text__content\">\n<p class=\"wp-block-paragraph\"><strong><em>Leer tambi\u00e9n \u25ba <a href=\"https:\/\/mineriayproyectos.com\/en\/mineria\/2026\/09\/02\/minera-crespo-inversion-ampliacion-capacidad-cusco\/\">Minera Crespo proyecta invertir US$ 47.7 millones para ampliar su capacidad operativa a 14,500 toneladas por d\u00eda<\/a><\/em><\/strong><\/p>\n<\/div><\/div>\n\n\n\n<hr class=\"wp-block-separator has-alpha-channel-opacity\"\/>\n\n\n\n<p class=\"wp-block-paragraph\"><\/p>\n\n\n\n<p class=\"wp-block-paragraph\">En ese sentido, indic\u00f3 que el <strong>MINEM<\/strong> ya inici\u00f3 conversaciones con el Ministerio del Ambiente para evaluar posibles mejoras en los procedimientos ambientales.<\/p>\n\n\n\n<p class=\"wp-block-paragraph\">Respecto a los tr\u00e1mites vinculados directamente al sector Energ\u00eda y Minas, Shinno se\u00f1al\u00f3 que existe espacio para reducir cargas administrativas y concentrar las evaluaciones en las variables que resulten determinantes durante la etapa de construcci\u00f3n.<\/p>\n\n\n\n<p class=\"wp-block-paragraph\">Seg\u00fan explic\u00f3, otros aspectos podr\u00edan ser revisados posteriormente por las autoridades fiscalizadoras una vez que los proyectos ingresen en operaci\u00f3n.<\/p>\n\n\n\n<h3 class=\"wp-block-heading\"><strong>Zafranal integra cartera de proyectos que el Gobierno busca impulsar<\/strong><\/h3>\n\n\n\n<p class=\"wp-block-paragraph\">Adem\u00e1s de <strong>Zafranal<\/strong>, el MINEM mantiene en seguimiento otros proyectos que podr\u00edan movilizar importantes inversiones durante el actual quinquenio.<\/p>\n\n\n\n<p class=\"wp-block-paragraph\">Entre ellos se encuentran <strong>Michiquillay y Galeno<\/strong>, en Cajamarca; <strong>Pampa de Pongo<\/strong>, proyecto de hierro a cargo de Jinzhao Mining; <strong>La Granja<\/strong>; y <strong>Los Calatos<\/strong>, recientemente adquirido por Chinalco.<\/p>\n\n\n\n<p class=\"wp-block-paragraph\">En el caso de Pampa de Pongo, Shinno adelant\u00f3 que el ministerio buscar\u00e1 dialogar con <a href=\"https:\/\/www.linkedin.com\/company\/jinzhaominingperu\/?originalSubdomain=pe\" type=\"link\" id=\"https:\/\/www.linkedin.com\/company\/jinzhaominingperu\/?originalSubdomain=pe\">Jinzhao Mining<\/a> para identificar qu\u00e9 aspectos requieren atenci\u00f3n para facilitar el avance del proyecto.<\/p>\n\n\n\n<p class=\"wp-block-paragraph\">La estrategia del sector apunta a identificar los principales cuellos de botella que enfrentan estas inversiones y reducir los tiempos necesarios para que puedan avanzar hacia sus siguientes etapas.<\/p>\n\n\n\n<h3 class=\"wp-block-heading\"><strong>Gobierno busca mejorar condiciones para la inversi\u00f3n minera<\/strong><\/h3>\n\n\n\n<p class=\"wp-block-paragraph\">La simplificaci\u00f3n de procedimientos forma parte de una agenda m\u00e1s amplia con la que el MINEM busca mejorar la competitividad del Per\u00fa como destino para nuevas inversiones mineras.<\/p>\n\n\n\n<p class=\"wp-block-paragraph\">Shinno sostuvo que el desaf\u00edo ser\u00e1 agilizar las autorizaciones sin disminuir la rigurosidad de las evaluaciones, especialmente en proyectos de gran escala que pueden contribuir a incrementar la producci\u00f3n minera y dinamizar nuevas inversiones.<\/p>\n\n\n\n<p class=\"wp-block-paragraph\">En este escenario, <strong>Zafranal<\/strong> se perfila como uno de los proyectos sobre los que el MINEM buscar\u00e1 intensificar las coordinaciones durante los pr\u00f3ximos meses, con miras a que <strong>Anglo Teck<\/strong> eval\u00fae su priorizaci\u00f3n dentro de sus planes de inversi\u00f3n para 2027.<\/p>","protected":false},"excerpt":{"rendered":"<p>Zafranal volver\u00e1 a estar en el centro de las coordinaciones del Ministerio de Energ\u00eda y Minas (MINEM), que buscar\u00e1 que Anglo Teck priorice el desarrollo del proyecto dentro de su cartera de inversiones para 2027. La iniciativa forma parte de los esfuerzos del sector por acelerar nuevos proyectos mineros y reducir los tiempos asociados a [&hellip;]<\/p>\n","protected":false},"author":3,"featured_media":31303,"comment_status":"open","ping_status":"open","sticky":false,"template":"","format":"standard","meta":{"footnotes":""},"categories":[10],"tags":[169,1098,289,141],"class_list":["post-31299","post","type-post","status-publish","format-standard","has-post-thumbnail","hentry","category-mineria","tag-anglo-american","tag-destacado","tag-teck-resources","tag-zafranal"],"yoast_head":"<!-- This site is optimized with the Yoast SEO plugin v27.6 - https:\/\/yoast.com\/product\/yoast-seo-wordpress\/ -->\n<title>Zafranal: MINEM buscar\u00e1 que Anglo Teck lo priorice en 2027 - Miner\u00eda y Proyectos<\/title>\n<meta name=\"description\" content=\"El MINEM buscar\u00e1 que Anglo Teck priorice Zafranal en 2027 y plantea agilizar permisos para acelerar nuevas inversiones mineras en Per\u00fa.\" \/>\n<meta name=\"robots\" content=\"index, follow, max-snippet:-1, max-image-preview:large, max-video-preview:-1\" \/>\n<link rel=\"canonical\" href=\"https:\/\/mineriayproyectos.com\/en\/mineria\/2026\/09\/02\/zafranal-minem-anglo-teck-prioridad-2027\/\" \/>\n<meta property=\"og:locale\" content=\"en_US\" \/>\n<meta property=\"og:type\" content=\"article\" \/>\n<meta property=\"og:title\" content=\"Zafranal: MINEM buscar\u00e1 que Anglo Teck lo priorice en 2027 - Miner\u00eda y Proyectos\" \/>\n<meta property=\"og:description\" content=\"El MINEM buscar\u00e1 que Anglo Teck priorice Zafranal en 2027 y plantea agilizar permisos para acelerar nuevas inversiones mineras en Per\u00fa.\" \/>\n<meta property=\"og:url\" content=\"https:\/\/mineriayproyectos.com\/en\/mineria\/2026\/09\/02\/zafranal-minem-anglo-teck-prioridad-2027\/\" \/>\n<meta property=\"og:site_name\" content=\"Miner\u00eda y Proyectos\" \/>\n<meta property=\"article:published_time\" content=\"2026-09-02T22:24:04+00:00\" \/>\n<meta property=\"article:modified_time\" content=\"2026-09-02T22:24:06+00:00\" \/>\n<meta property=\"og:image\" content=\"https:\/\/mineriayproyectos.com\/wp-content\/uploads\/2026\/09\/zafranal-anglo-teck-minem-2027.jpg\" \/>\n\t<meta property=\"og:image:width\" content=\"1920\" \/>\n\t<meta property=\"og:image:height\" content=\"1080\" \/>\n\t<meta property=\"og:image:type\" content=\"image\/jpeg\" \/>\n<meta name=\"author\" content=\"Antonio Buendia\" \/>\n<meta name=\"twitter:card\" content=\"summary_large_image\" \/>\n<meta name=\"twitter:label1\" content=\"Written by\" \/>\n\t<meta name=\"twitter:data1\" content=\"Antonio Buendia\" \/>\n\t<meta name=\"twitter:label2\" content=\"Est. reading time\" \/>\n\t<meta name=\"twitter:data2\" content=\"4 minutes\" \/>\n<script type=\"application\/ld+json\" class=\"yoast-schema-graph\">{\"@context\":\"https:\\\/\\\/schema.org\",\"@graph\":[{\"@type\":\"Article\",\"@id\":\"https:\\\/\\\/mineriayproyectos.com\\\/mineria\\\/2026\\\/09\\\/02\\\/zafranal-minem-anglo-teck-prioridad-2027\\\/#article\",\"isPartOf\":{\"@id\":\"https:\\\/\\\/mineriayproyectos.com\\\/mineria\\\/2026\\\/09\\\/02\\\/zafranal-minem-anglo-teck-prioridad-2027\\\/\"},\"author\":{\"name\":\"Antonio Buendia\",\"@id\":\"https:\\\/\\\/mineriayproyectos.com\\\/#\\\/schema\\\/person\\\/7cb1f3c671dfa5f49d443f8a000667d7\"},\"headline\":\"MINEM buscar\u00e1 que Anglo Teck priorice el proyecto Zafranal en 2027\",\"datePublished\":\"2026-09-02T22:24:04+00:00\",\"dateModified\":\"2026-09-02T22:24:06+00:00\",\"mainEntityOfPage\":{\"@id\":\"https:\\\/\\\/mineriayproyectos.com\\\/mineria\\\/2026\\\/09\\\/02\\\/zafranal-minem-anglo-teck-prioridad-2027\\\/\"},\"wordCount\":680,\"commentCount\":2,\"image\":{\"@id\":\"https:\\\/\\\/mineriayproyectos.com\\\/mineria\\\/2026\\\/09\\\/02\\\/zafranal-minem-anglo-teck-prioridad-2027\\\/#primaryimage\"},\"thumbnailUrl\":\"https:\\\/\\\/mineriayproyectos.com\\\/wp-content\\\/uploads\\\/2026\\\/09\\\/zafranal-anglo-teck-minem-2027.jpg\",\"keywords\":[\"Anglo American\",\"Destacado\",\"Teck Resources\",\"Zafranal\"],\"articleSection\":[\"Miner\u00eda\"],\"inLanguage\":\"en-US\",\"potentialAction\":[{\"@type\":\"CommentAction\",\"name\":\"Comment\",\"target\":[\"https:\\\/\\\/mineriayproyectos.com\\\/mineria\\\/2026\\\/09\\\/02\\\/zafranal-minem-anglo-teck-prioridad-2027\\\/#respond\"]}]},{\"@type\":\"WebPage\",\"@id\":\"https:\\\/\\\/mineriayproyectos.com\\\/mineria\\\/2026\\\/09\\\/02\\\/zafranal-minem-anglo-teck-prioridad-2027\\\/\",\"url\":\"https:\\\/\\\/mineriayproyectos.com\\\/mineria\\\/2026\\\/09\\\/02\\\/zafranal-minem-anglo-teck-prioridad-2027\\\/\",\"name\":\"Zafranal: MINEM buscar\u00e1 que Anglo Teck lo priorice en 2027 - Miner\u00eda y Proyectos\",\"isPartOf\":{\"@id\":\"https:\\\/\\\/mineriayproyectos.com\\\/#website\"},\"primaryImageOfPage\":{\"@id\":\"https:\\\/\\\/mineriayproyectos.com\\\/mineria\\\/2026\\\/09\\\/02\\\/zafranal-minem-anglo-teck-prioridad-2027\\\/#primaryimage\"},\"image\":{\"@id\":\"https:\\\/\\\/mineriayproyectos.com\\\/mineria\\\/2026\\\/09\\\/02\\\/zafranal-minem-anglo-teck-prioridad-2027\\\/#primaryimage\"},\"thumbnailUrl\":\"https:\\\/\\\/mineriayproyectos.com\\\/wp-content\\\/uploads\\\/2026\\\/09\\\/zafranal-anglo-teck-minem-2027.jpg\",\"datePublished\":\"2026-09-02T22:24:04+00:00\",\"dateModified\":\"2026-09-02T22:24:06+00:00\",\"author\":{\"@id\":\"https:\\\/\\\/mineriayproyectos.com\\\/#\\\/schema\\\/person\\\/7cb1f3c671dfa5f49d443f8a000667d7\"},\"description\":\"El MINEM buscar\u00e1 que Anglo Teck priorice Zafranal en 2027 y plantea agilizar permisos para acelerar nuevas inversiones mineras en Per\u00fa.\",\"breadcrumb\":{\"@id\":\"https:\\\/\\\/mineriayproyectos.com\\\/mineria\\\/2026\\\/09\\\/02\\\/zafranal-minem-anglo-teck-prioridad-2027\\\/#breadcrumb\"},\"inLanguage\":\"en-US\",\"potentialAction\":[{\"@type\":\"ReadAction\",\"target\":[\"https:\\\/\\\/mineriayproyectos.com\\\/mineria\\\/2026\\\/09\\\/02\\\/zafranal-minem-anglo-teck-prioridad-2027\\\/\"]}]},{\"@type\":\"ImageObject\",\"inLanguage\":\"en-US\",\"@id\":\"https:\\\/\\\/mineriayproyectos.com\\\/mineria\\\/2026\\\/09\\\/02\\\/zafranal-minem-anglo-teck-prioridad-2027\\\/#primaryimage\",\"url\":\"https:\\\/\\\/mineriayproyectos.com\\\/wp-content\\\/uploads\\\/2026\\\/09\\\/zafranal-anglo-teck-minem-2027.jpg\",\"contentUrl\":\"https:\\\/\\\/mineriayproyectos.com\\\/wp-content\\\/uploads\\\/2026\\\/09\\\/zafranal-anglo-teck-minem-2027.jpg\",\"width\":1920,\"height\":1080,\"caption\":\"El MINEM buscar\u00e1 que Anglo Teck priorice el proyecto Zafranal dentro de su cartera de inversiones para 2027.\"},{\"@type\":\"BreadcrumbList\",\"@id\":\"https:\\\/\\\/mineriayproyectos.com\\\/mineria\\\/2026\\\/09\\\/02\\\/zafranal-minem-anglo-teck-prioridad-2027\\\/#breadcrumb\",\"itemListElement\":[{\"@type\":\"ListItem\",\"position\":1,\"name\":\"Portada\",\"item\":\"https:\\\/\\\/mineriayproyectos.com\\\/\"},{\"@type\":\"ListItem\",\"position\":2,\"name\":\"MINEM buscar\u00e1 que Anglo Teck priorice el proyecto Zafranal en 2027\"}]},{\"@type\":\"WebSite\",\"@id\":\"https:\\\/\\\/mineriayproyectos.com\\\/#website\",\"url\":\"https:\\\/\\\/mineriayproyectos.com\\\/\",\"name\":\"Miner\u00eda y Proyectos\",\"description\":\"\",\"potentialAction\":[{\"@type\":\"SearchAction\",\"target\":{\"@type\":\"EntryPoint\",\"urlTemplate\":\"https:\\\/\\\/mineriayproyectos.com\\\/?s={search_term_string}\"},\"query-input\":{\"@type\":\"PropertyValueSpecification\",\"valueRequired\":true,\"valueName\":\"search_term_string\"}}],\"inLanguage\":\"en-US\"},{\"@type\":\"Person\",\"@id\":\"https:\\\/\\\/mineriayproyectos.com\\\/#\\\/schema\\\/person\\\/7cb1f3c671dfa5f49d443f8a000667d7\",\"name\":\"Antonio Buendia\",\"image\":{\"@type\":\"ImageObject\",\"inLanguage\":\"en-US\",\"@id\":\"https:\\\/\\\/secure.gravatar.com\\\/avatar\\\/42a5a9c8c30dcb55508ba88f85b75cf86c0818b2c6f4da455d7a3cdfc2374e18?s=96&d=mm&r=g\",\"url\":\"https:\\\/\\\/secure.gravatar.com\\\/avatar\\\/42a5a9c8c30dcb55508ba88f85b75cf86c0818b2c6f4da455d7a3cdfc2374e18?s=96&d=mm&r=g\",\"contentUrl\":\"https:\\\/\\\/secure.gravatar.com\\\/avatar\\\/42a5a9c8c30dcb55508ba88f85b75cf86c0818b2c6f4da455d7a3cdfc2374e18?s=96&d=mm&r=g\",\"caption\":\"Antonio Buendia\"},\"url\":\"https:\\\/\\\/mineriayproyectos.com\\\/en\\\/author\\\/antonio-minypro\\\/\"}]}<\/script>\n<!-- \/ Yoast SEO plugin. -->","yoast_head_json":{"title":"Zafranal: MINEM buscar\u00e1 que Anglo Teck lo priorice en 2027 - Miner\u00eda y Proyectos","description":"El MINEM buscar\u00e1 que Anglo Teck priorice Zafranal en 2027 y plantea agilizar permisos para acelerar nuevas inversiones mineras en Per\u00fa.","robots":{"index":"index","follow":"follow","max-snippet":"max-snippet:-1","max-image-preview":"max-image-preview:large","max-video-preview":"max-video-preview:-1"},"canonical":"https:\/\/mineriayproyectos.com\/en\/mineria\/2026\/09\/02\/zafranal-minem-anglo-teck-prioridad-2027\/","og_locale":"en_US","og_type":"article","og_title":"Zafranal: MINEM buscar\u00e1 que Anglo Teck lo priorice en 2027 - Miner\u00eda y Proyectos","og_description":"El MINEM buscar\u00e1 que Anglo Teck priorice Zafranal en 2027 y plantea agilizar permisos para acelerar nuevas inversiones mineras en Per\u00fa.","og_url":"https:\/\/mineriayproyectos.com\/en\/mineria\/2026\/09\/02\/zafranal-minem-anglo-teck-prioridad-2027\/","og_site_name":"Miner\u00eda y Proyectos","article_published_time":"2026-09-02T22:24:04+00:00","article_modified_time":"2026-09-02T22:24:06+00:00","og_image":[{"width":1920,"height":1080,"url":"https:\/\/mineriayproyectos.com\/wp-content\/uploads\/2026\/09\/zafranal-anglo-teck-minem-2027.jpg","type":"image\/jpeg"}],"author":"Antonio Buendia","twitter_card":"summary_large_image","twitter_misc":{"Written by":"Antonio Buendia","Est. reading time":"4 minutes"},"schema":{"@context":"https:\/\/schema.org","@graph":[{"@type":"Article","@id":"https:\/\/mineriayproyectos.com\/mineria\/2026\/09\/02\/zafranal-minem-anglo-teck-prioridad-2027\/#article","isPartOf":{"@id":"https:\/\/mineriayproyectos.com\/mineria\/2026\/09\/02\/zafranal-minem-anglo-teck-prioridad-2027\/"},"author":{"name":"Antonio Buendia","@id":"https:\/\/mineriayproyectos.com\/#\/schema\/person\/7cb1f3c671dfa5f49d443f8a000667d7"},"headline":"MINEM buscar\u00e1 que Anglo Teck priorice el proyecto Zafranal en 2027","datePublished":"2026-09-02T22:24:04+00:00","dateModified":"2026-09-02T22:24:06+00:00","mainEntityOfPage":{"@id":"https:\/\/mineriayproyectos.com\/mineria\/2026\/09\/02\/zafranal-minem-anglo-teck-prioridad-2027\/"},"wordCount":680,"commentCount":2,"image":{"@id":"https:\/\/mineriayproyectos.com\/mineria\/2026\/09\/02\/zafranal-minem-anglo-teck-prioridad-2027\/#primaryimage"},"thumbnailUrl":"https:\/\/mineriayproyectos.com\/wp-content\/uploads\/2026\/09\/zafranal-anglo-teck-minem-2027.jpg","keywords":["Anglo American","Destacado","Teck Resources","Zafranal"],"articleSection":["Miner\u00eda"],"inLanguage":"en-US","potentialAction":[{"@type":"CommentAction","name":"Comment","target":["https:\/\/mineriayproyectos.com\/mineria\/2026\/09\/02\/zafranal-minem-anglo-teck-prioridad-2027\/#respond"]}]},{"@type":"WebPage","@id":"https:\/\/mineriayproyectos.com\/mineria\/2026\/09\/02\/zafranal-minem-anglo-teck-prioridad-2027\/","url":"https:\/\/mineriayproyectos.com\/mineria\/2026\/09\/02\/zafranal-minem-anglo-teck-prioridad-2027\/","name":"Zafranal: MINEM buscar\u00e1 que Anglo Teck lo priorice en 2027 - Miner\u00eda y Proyectos","isPartOf":{"@id":"https:\/\/mineriayproyectos.com\/#website"},"primaryImageOfPage":{"@id":"https:\/\/mineriayproyectos.com\/mineria\/2026\/09\/02\/zafranal-minem-anglo-teck-prioridad-2027\/#primaryimage"},"image":{"@id":"https:\/\/mineriayproyectos.com\/mineria\/2026\/09\/02\/zafranal-minem-anglo-teck-prioridad-2027\/#primaryimage"},"thumbnailUrl":"https:\/\/mineriayproyectos.com\/wp-content\/uploads\/2026\/09\/zafranal-anglo-teck-minem-2027.jpg","datePublished":"2026-09-02T22:24:04+00:00","dateModified":"2026-09-02T22:24:06+00:00","author":{"@id":"https:\/\/mineriayproyectos.com\/#\/schema\/person\/7cb1f3c671dfa5f49d443f8a000667d7"},"description":"El MINEM buscar\u00e1 que Anglo Teck priorice Zafranal en 2027 y plantea agilizar permisos para acelerar nuevas inversiones mineras en Per\u00fa.","breadcrumb":{"@id":"https:\/\/mineriayproyectos.com\/mineria\/2026\/09\/02\/zafranal-minem-anglo-teck-prioridad-2027\/#breadcrumb"},"inLanguage":"en-US","potentialAction":[{"@type":"ReadAction","target":["https:\/\/mineriayproyectos.com\/mineria\/2026\/09\/02\/zafranal-minem-anglo-teck-prioridad-2027\/"]}]},{"@type":"ImageObject","inLanguage":"en-US","@id":"https:\/\/mineriayproyectos.com\/mineria\/2026\/09\/02\/zafranal-minem-anglo-teck-prioridad-2027\/#primaryimage","url":"https:\/\/mineriayproyectos.com\/wp-content\/uploads\/2026\/09\/zafranal-anglo-teck-minem-2027.jpg","contentUrl":"https:\/\/mineriayproyectos.com\/wp-content\/uploads\/2026\/09\/zafranal-anglo-teck-minem-2027.jpg","width":1920,"height":1080,"caption":"El MINEM buscar\u00e1 que Anglo Teck priorice el proyecto Zafranal dentro de su cartera de inversiones para 2027."},{"@type":"BreadcrumbList","@id":"https:\/\/mineriayproyectos.com\/mineria\/2026\/09\/02\/zafranal-minem-anglo-teck-prioridad-2027\/#breadcrumb","itemListElement":[{"@type":"ListItem","position":1,"name":"Portada","item":"https:\/\/mineriayproyectos.com\/"},{"@type":"ListItem","position":2,"name":"MINEM buscar\u00e1 que Anglo Teck priorice el proyecto Zafranal en 2027"}]},{"@type":"WebSite","@id":"https:\/\/mineriayproyectos.com\/#website","url":"https:\/\/mineriayproyectos.com\/","name":"Mining and Projects","description":"","potentialAction":[{"@type":"SearchAction","target":{"@type":"EntryPoint","urlTemplate":"https:\/\/mineriayproyectos.com\/?s={search_term_string}"},"query-input":{"@type":"PropertyValueSpecification","valueRequired":true,"valueName":"search_term_string"}}],"inLanguage":"en-US"},{"@type":"Person","@id":"https:\/\/mineriayproyectos.com\/#\/schema\/person\/7cb1f3c671dfa5f49d443f8a000667d7","name":"Antonio Buendia","image":{"@type":"ImageObject","inLanguage":"en-US","@id":"https:\/\/secure.gravatar.com\/avatar\/42a5a9c8c30dcb55508ba88f85b75cf86c0818b2c6f4da455d7a3cdfc2374e18?s=96&d=mm&r=g","url":"https:\/\/secure.gravatar.com\/avatar\/42a5a9c8c30dcb55508ba88f85b75cf86c0818b2c6f4da455d7a3cdfc2374e18?s=96&d=mm&r=g","contentUrl":"https:\/\/secure.gravatar.com\/avatar\/42a5a9c8c30dcb55508ba88f85b75cf86c0818b2c6f4da455d7a3cdfc2374e18?s=96&d=mm&r=g","caption":"Antonio Buendia"},"url":"https:\/\/mineriayproyectos.com\/en\/author\/antonio-minypro\/"}]}},"_links":{"self":[{"href":"https:\/\/mineriayproyectos.com\/en\/wp-json\/wp\/v2\/posts\/31299","targetHints":{"allow":["GET"]}}],"collection":[{"href":"https:\/\/mineriayproyectos.com\/en\/wp-json\/wp\/v2\/posts"}],"about":[{"href":"https:\/\/mineriayproyectos.com\/en\/wp-json\/wp\/v2\/types\/post"}],"author":[{"embeddable":true,"href":"https:\/\/mineriayproyectos.com\/en\/wp-json\/wp\/v2\/users\/3"}],"replies":[{"embeddable":true,"href":"https:\/\/mineriayproyectos.com\/en\/wp-json\/wp\/v2\/comments?post=31299"}],"version-history":[{"count":0,"href":"https:\/\/mineriayproyectos.com\/en\/wp-json\/wp\/v2\/posts\/31299\/revisions"}],"wp:featuredmedia":[{"embeddable":true,"href":"https:\/\/mineriayproyectos.com\/en\/wp-json\/wp\/v2\/media\/31303"}],"wp:attachment":[{"href":"https:\/\/mineriayproyectos.com\/en\/wp-json\/wp\/v2\/media?parent=31299"}],"wp:term":[{"taxonomy":"category","embeddable":true,"href":"https:\/\/mineriayproyectos.com\/en\/wp-json\/wp\/v2\/categories?post=31299"},{"taxonomy":"post_tag","embeddable":true,"href":"https:\/\/mineriayproyectos.com\/en\/wp-json\/wp\/v2\/tags?post=31299"}],"curies":[{"name":"wp","href":"https:\/\/api.w.org\/{rel}","templated":true}]}}