{"id":31283,"date":"2026-09-02T14:46:32","date_gmt":"2026-09-02T19:46:32","guid":{"rendered":"https:\/\/mineriayproyectos.com\/?p=31283"},"modified":"2026-09-02T14:46:34","modified_gmt":"2026-09-02T19:46:34","slug":"minera-crespo-inversion-ampliacion-capacidad-cusco","status":"publish","type":"post","link":"https:\/\/mineriayproyectos.com\/en\/mineria\/2026\/09\/02\/minera-crespo-inversion-ampliacion-capacidad-cusco\/","title":{"rendered":"Minera Crespo proyecta invertir US$ 47.7 millones para ampliar su capacidad operativa a 14,500 toneladas por d\u00eda"},"content":{"rendered":"<p class=\"wp-block-paragraph\"><strong>Minera Crespo<\/strong> proyecta invertir <strong>US$ 47.7 millones<\/strong> en una serie de modificaciones orientadas a ampliar la capacidad de procesamiento de su operaci\u00f3n aur\u00edfera en Chumbivilcas, Cusco. El principal cambio permitir\u00e1 elevar la capacidad del tajo y de la pila de lixiviaci\u00f3n de <strong>6,500 a 14,500 toneladas m\u00e9tricas por d\u00eda<\/strong>.<\/p>\n\n\n\n<p class=\"wp-block-paragraph\">Las mejoras fueron habilitadas tras la aprobaci\u00f3n del Segundo Informe T\u00e9cnico Sustentatorio (ITS) presentado por <strong>Compa\u00f1\u00eda Minera Crespo S.A.C<\/strong>. ante el <a href=\"https:\/\/www.gob.pe\/senace\" type=\"link\" id=\"https:\/\/www.gob.pe\/senace\">National Service of Environmental Certification for Sustainable Investments (Senace)<\/a>.<\/p>\n\n\n\n<p class=\"wp-block-paragraph\">La autorizaci\u00f3n fue otorgada mediante la <strong>Resoluci\u00f3n Directoral N.\u00b0 00138-2026-SENACE-PE\/DEAR<\/strong>, emitida el 28 de agosto de 2026, y comprende tres modificaciones vinculadas al tajo, la pila de lixiviaci\u00f3n y las plantas de chancado.<\/p>\n\n\n\n<h3 class=\"wp-block-heading\"><strong>Minera Crespo ampliar\u00e1 capacidad del tajo<\/strong><\/h3>\n\n\n\n<p class=\"wp-block-paragraph\">Uno de los principales cambios se concentrar\u00e1 en el tajo Crespo, cuya capacidad de explotaci\u00f3n pasar\u00e1 de <strong>6,500 a 14,500 toneladas por d\u00eda<\/strong>.<\/p>\n\n\n\n<p class=\"wp-block-paragraph\">Para alcanzar ese nivel, la <a href=\"https:\/\/apucorp.pe\/www\/site\/\" type=\"link\" id=\"https:\/\/apucorp.pe\/www\/site\/\">empresa<\/a> ajustar\u00e1 el dise\u00f1o de la operaci\u00f3n. Entre las modificaciones se contempla elevar la altura de los bancos de 5 a 8 metros, reducir la inclinaci\u00f3n de las paredes del tajo y ampliar tanto las bermas de seguridad como el ancho de las rampas.<\/p>\n\n\n\n<p class=\"wp-block-paragraph\">El redise\u00f1o, sin embargo, no implicar\u00e1 ampliar el \u00e1rea previamente aprobada para el tajo.<\/p>\n\n\n\n<h3 class=\"wp-block-heading\"><strong>Pila de lixiviaci\u00f3n tambi\u00e9n llegar\u00e1 a 14,500 toneladas diarias<\/strong><\/h3>\n\n\n\n<p class=\"wp-block-paragraph\">La segunda modificaci\u00f3n aprobada permitir\u00e1 incrementar la capacidad de la <strong>pila de lixiviaci\u00f3n<\/strong> hasta las 14,500 toneladas por d\u00eda.<\/p>\n\n\n\n<p class=\"wp-block-paragraph\">En este caso, <strong>Minera Crespo<\/strong> buscar\u00e1 aprovechar con mayor eficiencia la infraestructura existente mediante ajustes en la granulometr\u00eda del mineral y una reducci\u00f3n de los ciclos de riego.<\/p>\n\n\n\n<hr class=\"wp-block-separator has-alpha-channel-opacity\"\/>\n\n\n\n<div class=\"wp-block-media-text is-stacked-on-mobile\" style=\"grid-template-columns:29% auto\"><figure class=\"wp-block-media-text__media\"><img fetchpriority=\"high\" decoding=\"async\" width=\"1024\" height=\"576\" src=\"https:\/\/mineriayproyectos.com\/wp-content\/uploads\/2026\/09\/pecoy-copper-cobre-oro-peru-1024x576.jpg\" alt=\"Pecoy Copper intercepta 804 metros con cobre y oro en su proyecto Pecoy\" class=\"wp-image-31280 size-full\" srcset=\"https:\/\/mineriayproyectos.com\/wp-content\/uploads\/2026\/09\/pecoy-copper-cobre-oro-peru-1024x576.jpg 1024w, https:\/\/mineriayproyectos.com\/wp-content\/uploads\/2026\/09\/pecoy-copper-cobre-oro-peru-300x169.jpg 300w, https:\/\/mineriayproyectos.com\/wp-content\/uploads\/2026\/09\/pecoy-copper-cobre-oro-peru-768x432.jpg 768w, https:\/\/mineriayproyectos.com\/wp-content\/uploads\/2026\/09\/pecoy-copper-cobre-oro-peru-1536x864.jpg 1536w, https:\/\/mineriayproyectos.com\/wp-content\/uploads\/2026\/09\/pecoy-copper-cobre-oro-peru-18x10.jpg 18w, https:\/\/mineriayproyectos.com\/wp-content\/uploads\/2026\/09\/pecoy-copper-cobre-oro-peru.jpg 1920w\" sizes=\"(max-width: 1024px) 100vw, 1024px\" \/><\/figure><div class=\"wp-block-media-text__content\">\n<p class=\"wp-block-paragraph\"><strong>Leer tambi\u00e9n<em> \u25ba <a href=\"https:\/\/mineriayproyectos.com\/en\/mineria\/proyectos-mineros\/2026\/09\/02\/pecoy-copper-804-metros-cobre-oro-peru\/\">Pecoy Copper intercepta 804 metros con 0.34% de cobre y oro en proyecto del sur del Per\u00fa<\/a><\/em><\/strong><\/p>\n<\/div><\/div>\n\n\n\n<hr class=\"wp-block-separator has-alpha-channel-opacity\"\/>\n\n\n\n<p class=\"wp-block-paragraph\"><\/p>\n\n\n\n<p class=\"wp-block-paragraph\">Seg\u00fan la propuesta aprobada, el incremento no requerir\u00e1 cambios en la infraestructura autorizada ni mayores ratios de consumo de agua e insumos, ya que se aprovechar\u00e1 capacidad disponible en los equipos de la planta de beneficio.<\/p>\n\n\n\n<h3 class=\"wp-block-heading\"><strong>Plantas de chancado elevar\u00e1n su capacidad<\/strong><\/h3>\n\n\n\n<p class=\"wp-block-paragraph\">La tercera modificaci\u00f3n corresponde a las plantas de <strong>chancado primario y secundario<\/strong>, que pasar\u00e1n de procesar 6,500 a <strong>10,500 toneladas por d\u00eda<\/strong>.<\/p>\n\n\n\n<p class=\"wp-block-paragraph\">Este aumento tambi\u00e9n se sustentar\u00e1 principalmente en el uso de capacidad excedente del equipamiento ya instalado.<\/p>\n\n\n\n<p class=\"wp-block-paragraph\">Con estas tres adecuaciones, la compa\u00f1\u00eda busca elevar el volumen de mineral procesado y acompa\u00f1ar el crecimiento de una operaci\u00f3n que inici\u00f3 producci\u00f3n comercial durante 2026.<\/p>\n\n\n\n<h3 class=\"wp-block-heading\"><strong>Proyecto Crespo avanza tras inicio de producci\u00f3n comercial<\/strong><\/h3>\n\n\n\n<p class=\"wp-block-paragraph\">La aprobaci\u00f3n del ITS marca un nuevo paso para el crecimiento de la <strong>Unidad Minera Crespo<\/strong>.<\/p>\n\n\n\n<p class=\"wp-block-paragraph\">Meses atr\u00e1s, la compa\u00f1\u00eda hab\u00eda planteado una inversi\u00f3n preliminar superior a US$ 20 millones para ampliar la capacidad de su operaci\u00f3n. Tras completar el proceso de evaluaci\u00f3n ambiental, el monto asociado a las modificaciones aprobadas asciende finalmente a <strong>US$ 47.7 millones<\/strong>.<\/p>\n\n\n\n<hr class=\"wp-block-separator has-alpha-channel-opacity\"\/>\n\n\n\n<div class=\"wp-block-media-text is-stacked-on-mobile\" style=\"grid-template-columns:30% auto\"><figure class=\"wp-block-media-text__media\"><img decoding=\"async\" width=\"1024\" height=\"576\" src=\"https:\/\/mineriayproyectos.com\/wp-content\/uploads\/2026\/09\/quellaveco-aprobacion-ambiental-senace-1024x576.jpg\" alt=\"Quellaveco recibe aprobaci\u00f3n ambiental para ejecutar cambios en su operaci\u00f3n\" class=\"wp-image-31276 size-full\" srcset=\"https:\/\/mineriayproyectos.com\/wp-content\/uploads\/2026\/09\/quellaveco-aprobacion-ambiental-senace-1024x576.jpg 1024w, https:\/\/mineriayproyectos.com\/wp-content\/uploads\/2026\/09\/quellaveco-aprobacion-ambiental-senace-300x169.jpg 300w, https:\/\/mineriayproyectos.com\/wp-content\/uploads\/2026\/09\/quellaveco-aprobacion-ambiental-senace-768x432.jpg 768w, https:\/\/mineriayproyectos.com\/wp-content\/uploads\/2026\/09\/quellaveco-aprobacion-ambiental-senace-1536x864.jpg 1536w, https:\/\/mineriayproyectos.com\/wp-content\/uploads\/2026\/09\/quellaveco-aprobacion-ambiental-senace-18x10.jpg 18w, https:\/\/mineriayproyectos.com\/wp-content\/uploads\/2026\/09\/quellaveco-aprobacion-ambiental-senace.jpg 1920w\" sizes=\"(max-width: 1024px) 100vw, 1024px\" \/><\/figure><div class=\"wp-block-media-text__content\">\n<p class=\"wp-block-paragraph\"><strong><em>Leer tambi\u00e9n \u25ba <a href=\"https:\/\/mineriayproyectos.com\/en\/mineria\/2026\/09\/02\/quellaveco-aprobacion-ambiental-senace\/\">Quellaveco recibe nueva aprobaci\u00f3n ambiental para ejecutar cambios en su operaci\u00f3n<\/a><\/em><\/strong><\/p>\n<\/div><\/div>\n\n\n\n<hr class=\"wp-block-separator has-alpha-channel-opacity\"\/>\n\n\n\n<p class=\"wp-block-paragraph\"><\/p>\n\n\n\n<p class=\"wp-block-paragraph\">Durante mayo, la planta procesaba alrededor de <strong>6,000 toneladas por d\u00eda<\/strong>, mientras la empresa avanzaba en su etapa de ramp up.<\/p>\n\n\n\n<p class=\"wp-block-paragraph\">La compa\u00f1\u00eda tiene como objetivo alcanzar una producci\u00f3n de entre <strong>50,000 y 60,000 onzas de oro durante 2026<\/strong>, una vez que la operaci\u00f3n logre consolidar sus niveles productivos.<\/p>\n\n\n\n<h3 class=\"wp-block-heading\"><strong>Minera Crespo cuenta con recursos por m\u00e1s de 660 mil onzas de oro<\/strong><\/h3>\n\n\n\n<p class=\"wp-block-paragraph\">The <strong>Unidad Minera Crespo<\/strong> se encuentra ubicada a m\u00e1s de <strong>5,000 metros sobre el nivel del mar<\/strong> en la provincia de Chumbivilcas, <a href=\"https:\/\/web.cusco.gob.pe\/\" type=\"link\" id=\"https:\/\/web.cusco.gob.pe\/\">Cusco<\/a>.<\/p>\n\n\n\n<p class=\"wp-block-paragraph\">El proyecto cuenta con una vida \u00fatil estimada de <strong>ocho a\u00f1os<\/strong> y recursos calculados en <strong>661,757 onzas de oro<\/strong>.<\/p>\n\n\n\n<p class=\"wp-block-paragraph\">Con la aprobaci\u00f3n de las nuevas modificaciones, <strong>Minera Crespo<\/strong> podr\u00e1 avanzar en la optimizaci\u00f3n de su infraestructura y ampliar progresivamente su capacidad de procesamiento, en l\u00ednea con su estrategia de crecimiento operativo.<\/p>","protected":false},"excerpt":{"rendered":"<p>Minera Crespo proyecta invertir US$ 47.7 millones en una serie de modificaciones orientadas a ampliar la capacidad de procesamiento de su operaci\u00f3n aur\u00edfera en Chumbivilcas, Cusco. El principal cambio permitir\u00e1 elevar la capacidad del tajo y de la pila de lixiviaci\u00f3n de 6,500 a 14,500 toneladas m\u00e9tricas por d\u00eda. Las mejoras fueron habilitadas tras la [&hellip;]<\/p>\n","protected":false},"author":3,"featured_media":31284,"comment_status":"open","ping_status":"open","sticky":false,"template":"","format":"standard","meta":{"footnotes":""},"categories":[10],"tags":[733,66,22,44],"class_list":["post-31283","post","type-post","status-publish","format-standard","has-post-thumbnail","hentry","category-mineria","tag-compania-minera-crespo","tag-cusco","tag-oro","tag-senace"],"yoast_head":"<!-- This site is optimized with the Yoast SEO plugin v27.6 - https:\/\/yoast.com\/product\/yoast-seo-wordpress\/ -->\n<title>Minera Crespo ampliar\u00e1 capacidad a 14,500 toneladas por d\u00eda - Miner\u00eda y Proyectos<\/title>\n<meta name=\"description\" content=\"Minera Crespo proyecta invertir US$ 47.7 millones para ampliar su capacidad de procesamiento hasta 14,500 toneladas por d\u00eda en Cusco.\" \/>\n<meta name=\"robots\" content=\"index, follow, max-snippet:-1, max-image-preview:large, max-video-preview:-1\" \/>\n<link rel=\"canonical\" href=\"https:\/\/mineriayproyectos.com\/en\/mineria\/2026\/09\/02\/minera-crespo-inversion-ampliacion-capacidad-cusco\/\" \/>\n<meta property=\"og:locale\" content=\"en_US\" \/>\n<meta property=\"og:type\" content=\"article\" \/>\n<meta property=\"og:title\" content=\"Minera Crespo ampliar\u00e1 capacidad a 14,500 toneladas por d\u00eda - Miner\u00eda y Proyectos\" \/>\n<meta property=\"og:description\" content=\"Minera Crespo proyecta invertir US$ 47.7 millones para ampliar su capacidad de procesamiento hasta 14,500 toneladas por d\u00eda en Cusco.\" \/>\n<meta property=\"og:url\" content=\"https:\/\/mineriayproyectos.com\/en\/mineria\/2026\/09\/02\/minera-crespo-inversion-ampliacion-capacidad-cusco\/\" \/>\n<meta property=\"og:site_name\" content=\"Miner\u00eda y Proyectos\" \/>\n<meta property=\"article:published_time\" content=\"2026-09-02T19:46:32+00:00\" \/>\n<meta property=\"article:modified_time\" content=\"2026-09-02T19:46:34+00:00\" \/>\n<meta property=\"og:image\" content=\"https:\/\/mineriayproyectos.com\/wp-content\/uploads\/2026\/09\/minera-crespo-ampliacion-capacidad-cusco.jpg\" \/>\n\t<meta property=\"og:image:width\" content=\"1920\" \/>\n\t<meta property=\"og:image:height\" content=\"1080\" \/>\n\t<meta property=\"og:image:type\" content=\"image\/jpeg\" \/>\n<meta name=\"author\" content=\"Antonio Buendia\" \/>\n<meta name=\"twitter:card\" content=\"summary_large_image\" \/>\n<meta name=\"twitter:label1\" content=\"Written by\" \/>\n\t<meta name=\"twitter:data1\" content=\"Antonio Buendia\" \/>\n\t<meta name=\"twitter:label2\" content=\"Est. reading time\" \/>\n\t<meta name=\"twitter:data2\" content=\"4 minutes\" \/>\n<script type=\"application\/ld+json\" class=\"yoast-schema-graph\">{\"@context\":\"https:\\\/\\\/schema.org\",\"@graph\":[{\"@type\":\"Article\",\"@id\":\"https:\\\/\\\/mineriayproyectos.com\\\/mineria\\\/2026\\\/09\\\/02\\\/minera-crespo-inversion-ampliacion-capacidad-cusco\\\/#article\",\"isPartOf\":{\"@id\":\"https:\\\/\\\/mineriayproyectos.com\\\/mineria\\\/2026\\\/09\\\/02\\\/minera-crespo-inversion-ampliacion-capacidad-cusco\\\/\"},\"author\":{\"name\":\"Antonio Buendia\",\"@id\":\"https:\\\/\\\/mineriayproyectos.com\\\/#\\\/schema\\\/person\\\/7cb1f3c671dfa5f49d443f8a000667d7\"},\"headline\":\"Minera Crespo proyecta invertir US$ 47.7 millones para ampliar su capacidad operativa a 14,500 toneladas por d\u00eda\",\"datePublished\":\"2026-09-02T19:46:32+00:00\",\"dateModified\":\"2026-09-02T19:46:34+00:00\",\"mainEntityOfPage\":{\"@id\":\"https:\\\/\\\/mineriayproyectos.com\\\/mineria\\\/2026\\\/09\\\/02\\\/minera-crespo-inversion-ampliacion-capacidad-cusco\\\/\"},\"wordCount\":652,\"commentCount\":1,\"image\":{\"@id\":\"https:\\\/\\\/mineriayproyectos.com\\\/mineria\\\/2026\\\/09\\\/02\\\/minera-crespo-inversion-ampliacion-capacidad-cusco\\\/#primaryimage\"},\"thumbnailUrl\":\"https:\\\/\\\/mineriayproyectos.com\\\/wp-content\\\/uploads\\\/2026\\\/09\\\/minera-crespo-ampliacion-capacidad-cusco.jpg\",\"keywords\":[\"Compa\u00f1ia Minera Crespo\",\"Cusco\",\"Oro\",\"SENACE\"],\"articleSection\":[\"Miner\u00eda\"],\"inLanguage\":\"en-US\",\"potentialAction\":[{\"@type\":\"CommentAction\",\"name\":\"Comment\",\"target\":[\"https:\\\/\\\/mineriayproyectos.com\\\/mineria\\\/2026\\\/09\\\/02\\\/minera-crespo-inversion-ampliacion-capacidad-cusco\\\/#respond\"]}]},{\"@type\":\"WebPage\",\"@id\":\"https:\\\/\\\/mineriayproyectos.com\\\/mineria\\\/2026\\\/09\\\/02\\\/minera-crespo-inversion-ampliacion-capacidad-cusco\\\/\",\"url\":\"https:\\\/\\\/mineriayproyectos.com\\\/mineria\\\/2026\\\/09\\\/02\\\/minera-crespo-inversion-ampliacion-capacidad-cusco\\\/\",\"name\":\"Minera Crespo ampliar\u00e1 capacidad a 14,500 toneladas por d\u00eda - Miner\u00eda y Proyectos\",\"isPartOf\":{\"@id\":\"https:\\\/\\\/mineriayproyectos.com\\\/#website\"},\"primaryImageOfPage\":{\"@id\":\"https:\\\/\\\/mineriayproyectos.com\\\/mineria\\\/2026\\\/09\\\/02\\\/minera-crespo-inversion-ampliacion-capacidad-cusco\\\/#primaryimage\"},\"image\":{\"@id\":\"https:\\\/\\\/mineriayproyectos.com\\\/mineria\\\/2026\\\/09\\\/02\\\/minera-crespo-inversion-ampliacion-capacidad-cusco\\\/#primaryimage\"},\"thumbnailUrl\":\"https:\\\/\\\/mineriayproyectos.com\\\/wp-content\\\/uploads\\\/2026\\\/09\\\/minera-crespo-ampliacion-capacidad-cusco.jpg\",\"datePublished\":\"2026-09-02T19:46:32+00:00\",\"dateModified\":\"2026-09-02T19:46:34+00:00\",\"author\":{\"@id\":\"https:\\\/\\\/mineriayproyectos.com\\\/#\\\/schema\\\/person\\\/7cb1f3c671dfa5f49d443f8a000667d7\"},\"description\":\"Minera Crespo proyecta invertir US$ 47.7 millones para ampliar su capacidad de procesamiento hasta 14,500 toneladas por d\u00eda en Cusco.\",\"breadcrumb\":{\"@id\":\"https:\\\/\\\/mineriayproyectos.com\\\/mineria\\\/2026\\\/09\\\/02\\\/minera-crespo-inversion-ampliacion-capacidad-cusco\\\/#breadcrumb\"},\"inLanguage\":\"en-US\",\"potentialAction\":[{\"@type\":\"ReadAction\",\"target\":[\"https:\\\/\\\/mineriayproyectos.com\\\/mineria\\\/2026\\\/09\\\/02\\\/minera-crespo-inversion-ampliacion-capacidad-cusco\\\/\"]}]},{\"@type\":\"ImageObject\",\"inLanguage\":\"en-US\",\"@id\":\"https:\\\/\\\/mineriayproyectos.com\\\/mineria\\\/2026\\\/09\\\/02\\\/minera-crespo-inversion-ampliacion-capacidad-cusco\\\/#primaryimage\",\"url\":\"https:\\\/\\\/mineriayproyectos.com\\\/wp-content\\\/uploads\\\/2026\\\/09\\\/minera-crespo-ampliacion-capacidad-cusco.jpg\",\"contentUrl\":\"https:\\\/\\\/mineriayproyectos.com\\\/wp-content\\\/uploads\\\/2026\\\/09\\\/minera-crespo-ampliacion-capacidad-cusco.jpg\",\"width\":1920,\"height\":1080,\"caption\":\"Minera Crespo proyecta invertir US$ 47.7 millones para ampliar la capacidad de su operaci\u00f3n aur\u00edfera en Chumbivilcas, Cusco.\"},{\"@type\":\"BreadcrumbList\",\"@id\":\"https:\\\/\\\/mineriayproyectos.com\\\/mineria\\\/2026\\\/09\\\/02\\\/minera-crespo-inversion-ampliacion-capacidad-cusco\\\/#breadcrumb\",\"itemListElement\":[{\"@type\":\"ListItem\",\"position\":1,\"name\":\"Portada\",\"item\":\"https:\\\/\\\/mineriayproyectos.com\\\/\"},{\"@type\":\"ListItem\",\"position\":2,\"name\":\"Minera Crespo proyecta invertir US$ 47.7 millones para ampliar su capacidad operativa a 14,500 toneladas por d\u00eda\"}]},{\"@type\":\"WebSite\",\"@id\":\"https:\\\/\\\/mineriayproyectos.com\\\/#website\",\"url\":\"https:\\\/\\\/mineriayproyectos.com\\\/\",\"name\":\"Miner\u00eda y Proyectos\",\"description\":\"\",\"potentialAction\":[{\"@type\":\"SearchAction\",\"target\":{\"@type\":\"EntryPoint\",\"urlTemplate\":\"https:\\\/\\\/mineriayproyectos.com\\\/?s={search_term_string}\"},\"query-input\":{\"@type\":\"PropertyValueSpecification\",\"valueRequired\":true,\"valueName\":\"search_term_string\"}}],\"inLanguage\":\"en-US\"},{\"@type\":\"Person\",\"@id\":\"https:\\\/\\\/mineriayproyectos.com\\\/#\\\/schema\\\/person\\\/7cb1f3c671dfa5f49d443f8a000667d7\",\"name\":\"Antonio Buendia\",\"image\":{\"@type\":\"ImageObject\",\"inLanguage\":\"en-US\",\"@id\":\"https:\\\/\\\/secure.gravatar.com\\\/avatar\\\/42a5a9c8c30dcb55508ba88f85b75cf86c0818b2c6f4da455d7a3cdfc2374e18?s=96&d=mm&r=g\",\"url\":\"https:\\\/\\\/secure.gravatar.com\\\/avatar\\\/42a5a9c8c30dcb55508ba88f85b75cf86c0818b2c6f4da455d7a3cdfc2374e18?s=96&d=mm&r=g\",\"contentUrl\":\"https:\\\/\\\/secure.gravatar.com\\\/avatar\\\/42a5a9c8c30dcb55508ba88f85b75cf86c0818b2c6f4da455d7a3cdfc2374e18?s=96&d=mm&r=g\",\"caption\":\"Antonio Buendia\"},\"url\":\"https:\\\/\\\/mineriayproyectos.com\\\/en\\\/author\\\/antonio-minypro\\\/\"}]}<\/script>\n<!-- \/ Yoast SEO plugin. -->","yoast_head_json":{"title":"Minera Crespo ampliar\u00e1 capacidad a 14,500 toneladas por d\u00eda - Miner\u00eda y Proyectos","description":"Minera Crespo proyecta invertir US$ 47.7 millones para ampliar su capacidad de procesamiento hasta 14,500 toneladas por d\u00eda en Cusco.","robots":{"index":"index","follow":"follow","max-snippet":"max-snippet:-1","max-image-preview":"max-image-preview:large","max-video-preview":"max-video-preview:-1"},"canonical":"https:\/\/mineriayproyectos.com\/en\/mineria\/2026\/09\/02\/minera-crespo-inversion-ampliacion-capacidad-cusco\/","og_locale":"en_US","og_type":"article","og_title":"Minera Crespo ampliar\u00e1 capacidad a 14,500 toneladas por d\u00eda - Miner\u00eda y Proyectos","og_description":"Minera Crespo proyecta invertir US$ 47.7 millones para ampliar su capacidad de procesamiento hasta 14,500 toneladas por d\u00eda en Cusco.","og_url":"https:\/\/mineriayproyectos.com\/en\/mineria\/2026\/09\/02\/minera-crespo-inversion-ampliacion-capacidad-cusco\/","og_site_name":"Miner\u00eda y Proyectos","article_published_time":"2026-09-02T19:46:32+00:00","article_modified_time":"2026-09-02T19:46:34+00:00","og_image":[{"width":1920,"height":1080,"url":"https:\/\/mineriayproyectos.com\/wp-content\/uploads\/2026\/09\/minera-crespo-ampliacion-capacidad-cusco.jpg","type":"image\/jpeg"}],"author":"Antonio Buendia","twitter_card":"summary_large_image","twitter_misc":{"Written by":"Antonio Buendia","Est. reading time":"4 minutes"},"schema":{"@context":"https:\/\/schema.org","@graph":[{"@type":"Article","@id":"https:\/\/mineriayproyectos.com\/mineria\/2026\/09\/02\/minera-crespo-inversion-ampliacion-capacidad-cusco\/#article","isPartOf":{"@id":"https:\/\/mineriayproyectos.com\/mineria\/2026\/09\/02\/minera-crespo-inversion-ampliacion-capacidad-cusco\/"},"author":{"name":"Antonio Buendia","@id":"https:\/\/mineriayproyectos.com\/#\/schema\/person\/7cb1f3c671dfa5f49d443f8a000667d7"},"headline":"Minera Crespo proyecta invertir US$ 47.7 millones para ampliar su capacidad operativa a 14,500 toneladas por d\u00eda","datePublished":"2026-09-02T19:46:32+00:00","dateModified":"2026-09-02T19:46:34+00:00","mainEntityOfPage":{"@id":"https:\/\/mineriayproyectos.com\/mineria\/2026\/09\/02\/minera-crespo-inversion-ampliacion-capacidad-cusco\/"},"wordCount":652,"commentCount":1,"image":{"@id":"https:\/\/mineriayproyectos.com\/mineria\/2026\/09\/02\/minera-crespo-inversion-ampliacion-capacidad-cusco\/#primaryimage"},"thumbnailUrl":"https:\/\/mineriayproyectos.com\/wp-content\/uploads\/2026\/09\/minera-crespo-ampliacion-capacidad-cusco.jpg","keywords":["Compa\u00f1ia Minera Crespo","Cusco","Oro","SENACE"],"articleSection":["Miner\u00eda"],"inLanguage":"en-US","potentialAction":[{"@type":"CommentAction","name":"Comment","target":["https:\/\/mineriayproyectos.com\/mineria\/2026\/09\/02\/minera-crespo-inversion-ampliacion-capacidad-cusco\/#respond"]}]},{"@type":"WebPage","@id":"https:\/\/mineriayproyectos.com\/mineria\/2026\/09\/02\/minera-crespo-inversion-ampliacion-capacidad-cusco\/","url":"https:\/\/mineriayproyectos.com\/mineria\/2026\/09\/02\/minera-crespo-inversion-ampliacion-capacidad-cusco\/","name":"Minera Crespo ampliar\u00e1 capacidad a 14,500 toneladas por d\u00eda - Miner\u00eda y Proyectos","isPartOf":{"@id":"https:\/\/mineriayproyectos.com\/#website"},"primaryImageOfPage":{"@id":"https:\/\/mineriayproyectos.com\/mineria\/2026\/09\/02\/minera-crespo-inversion-ampliacion-capacidad-cusco\/#primaryimage"},"image":{"@id":"https:\/\/mineriayproyectos.com\/mineria\/2026\/09\/02\/minera-crespo-inversion-ampliacion-capacidad-cusco\/#primaryimage"},"thumbnailUrl":"https:\/\/mineriayproyectos.com\/wp-content\/uploads\/2026\/09\/minera-crespo-ampliacion-capacidad-cusco.jpg","datePublished":"2026-09-02T19:46:32+00:00","dateModified":"2026-09-02T19:46:34+00:00","author":{"@id":"https:\/\/mineriayproyectos.com\/#\/schema\/person\/7cb1f3c671dfa5f49d443f8a000667d7"},"description":"Minera Crespo proyecta invertir US$ 47.7 millones para ampliar su capacidad de procesamiento hasta 14,500 toneladas por d\u00eda en Cusco.","breadcrumb":{"@id":"https:\/\/mineriayproyectos.com\/mineria\/2026\/09\/02\/minera-crespo-inversion-ampliacion-capacidad-cusco\/#breadcrumb"},"inLanguage":"en-US","potentialAction":[{"@type":"ReadAction","target":["https:\/\/mineriayproyectos.com\/mineria\/2026\/09\/02\/minera-crespo-inversion-ampliacion-capacidad-cusco\/"]}]},{"@type":"ImageObject","inLanguage":"en-US","@id":"https:\/\/mineriayproyectos.com\/mineria\/2026\/09\/02\/minera-crespo-inversion-ampliacion-capacidad-cusco\/#primaryimage","url":"https:\/\/mineriayproyectos.com\/wp-content\/uploads\/2026\/09\/minera-crespo-ampliacion-capacidad-cusco.jpg","contentUrl":"https:\/\/mineriayproyectos.com\/wp-content\/uploads\/2026\/09\/minera-crespo-ampliacion-capacidad-cusco.jpg","width":1920,"height":1080,"caption":"Minera Crespo proyecta invertir US$ 47.7 millones para ampliar la capacidad de su operaci\u00f3n aur\u00edfera en Chumbivilcas, Cusco."},{"@type":"BreadcrumbList","@id":"https:\/\/mineriayproyectos.com\/mineria\/2026\/09\/02\/minera-crespo-inversion-ampliacion-capacidad-cusco\/#breadcrumb","itemListElement":[{"@type":"ListItem","position":1,"name":"Portada","item":"https:\/\/mineriayproyectos.com\/"},{"@type":"ListItem","position":2,"name":"Minera Crespo proyecta invertir US$ 47.7 millones para ampliar su capacidad operativa a 14,500 toneladas por d\u00eda"}]},{"@type":"WebSite","@id":"https:\/\/mineriayproyectos.com\/#website","url":"https:\/\/mineriayproyectos.com\/","name":"Mining and Projects","description":"","potentialAction":[{"@type":"SearchAction","target":{"@type":"EntryPoint","urlTemplate":"https:\/\/mineriayproyectos.com\/?s={search_term_string}"},"query-input":{"@type":"PropertyValueSpecification","valueRequired":true,"valueName":"search_term_string"}}],"inLanguage":"en-US"},{"@type":"Person","@id":"https:\/\/mineriayproyectos.com\/#\/schema\/person\/7cb1f3c671dfa5f49d443f8a000667d7","name":"Antonio Buendia","image":{"@type":"ImageObject","inLanguage":"en-US","@id":"https:\/\/secure.gravatar.com\/avatar\/42a5a9c8c30dcb55508ba88f85b75cf86c0818b2c6f4da455d7a3cdfc2374e18?s=96&d=mm&r=g","url":"https:\/\/secure.gravatar.com\/avatar\/42a5a9c8c30dcb55508ba88f85b75cf86c0818b2c6f4da455d7a3cdfc2374e18?s=96&d=mm&r=g","contentUrl":"https:\/\/secure.gravatar.com\/avatar\/42a5a9c8c30dcb55508ba88f85b75cf86c0818b2c6f4da455d7a3cdfc2374e18?s=96&d=mm&r=g","caption":"Antonio Buendia"},"url":"https:\/\/mineriayproyectos.com\/en\/author\/antonio-minypro\/"}]}},"_links":{"self":[{"href":"https:\/\/mineriayproyectos.com\/en\/wp-json\/wp\/v2\/posts\/31283","targetHints":{"allow":["GET"]}}],"collection":[{"href":"https:\/\/mineriayproyectos.com\/en\/wp-json\/wp\/v2\/posts"}],"about":[{"href":"https:\/\/mineriayproyectos.com\/en\/wp-json\/wp\/v2\/types\/post"}],"author":[{"embeddable":true,"href":"https:\/\/mineriayproyectos.com\/en\/wp-json\/wp\/v2\/users\/3"}],"replies":[{"embeddable":true,"href":"https:\/\/mineriayproyectos.com\/en\/wp-json\/wp\/v2\/comments?post=31283"}],"version-history":[{"count":0,"href":"https:\/\/mineriayproyectos.com\/en\/wp-json\/wp\/v2\/posts\/31283\/revisions"}],"wp:featuredmedia":[{"embeddable":true,"href":"https:\/\/mineriayproyectos.com\/en\/wp-json\/wp\/v2\/media\/31284"}],"wp:attachment":[{"href":"https:\/\/mineriayproyectos.com\/en\/wp-json\/wp\/v2\/media?parent=31283"}],"wp:term":[{"taxonomy":"category","embeddable":true,"href":"https:\/\/mineriayproyectos.com\/en\/wp-json\/wp\/v2\/categories?post=31283"},{"taxonomy":"post_tag","embeddable":true,"href":"https:\/\/mineriayproyectos.com\/en\/wp-json\/wp\/v2\/tags?post=31283"}],"curies":[{"name":"wp","href":"https:\/\/api.w.org\/{rel}","templated":true}]}}