{"id":31261,"date":"2026-09-01T17:14:04","date_gmt":"2026-09-01T22:14:04","guid":{"rendered":"https:\/\/mineriayproyectos.com\/?p=31261"},"modified":"2026-09-01T17:14:06","modified_gmt":"2026-09-01T22:14:06","slug":"zijin-mining-minem-desarrollo-la-arena","status":"publish","type":"post","link":"https:\/\/mineriayproyectos.com\/en\/mineria\/2026\/09\/01\/zijin-mining-minem-desarrollo-la-arena\/","title":{"rendered":"Zijin Mining y MINEM refuerzan coordinaciones para el desarrollo de La Arena"},"content":{"rendered":"<p class=\"wp-block-paragraph\"><strong>Zijin Mining<\/strong> y el <a href=\"https:\/\/www.gob.pe\/minem\" type=\"link\" id=\"https:\/\/www.gob.pe\/minem\">Ministry of Energy and Mines (MINEM)<\/a> reforzaron las coordinaciones para impulsar el desarrollo de la mina La Arena, ubicada en La Libertad y que contempla una inversi\u00f3n proyectada superior a <strong>US$ 1,500 millones<\/strong>.<\/p>\n\n\n\n<p class=\"wp-block-paragraph\">El ministro de Energ\u00eda y Minas, <strong>Guillermo Shinno<\/strong>, sostuvo una reuni\u00f3n con directivos de la compa\u00f1\u00eda para abordar el avance de esta inversi\u00f3n y las acciones orientadas a facilitar su desarrollo.<\/p>\n\n\n\n<p class=\"wp-block-paragraph\">Durante el encuentro, el titular del <strong>MINEM<\/strong> ratific\u00f3 que su gesti\u00f3n busca viabilizar inversiones mineras que contribuyan a generar empleo, dinamizar las econom\u00edas locales y regionales, as\u00ed como incrementar la producci\u00f3n de cobre y otros minerales estrat\u00e9gicos.<\/p>\n\n\n\n<h3 class=\"wp-block-heading\"><strong>La Arena concentra inversi\u00f3n superior a US$ 1,500 millones<\/strong><\/h3>\n\n\n\n<p class=\"wp-block-paragraph\">La mina <strong>La Arena<\/strong>, a cargo de Zijin Mining, se encuentra ubicada en el distrito de Huamachuco, provincia de S\u00e1nchez Carri\u00f3n, en <a href=\"https:\/\/mineriayproyectos.com\/en\/mineria\/responsabilidad-social\/2026\/09\/01\/minera-poderosa-canal-riego-pataz\/\" type=\"link\" id=\"https:\/\/mineriayproyectos.com\/mineria\/responsabilidad-social\/2026\/09\/01\/minera-poderosa-canal-riego-pataz\/\">Freedom<\/a>.<\/p>\n\n\n\n<p class=\"wp-block-paragraph\">El proyecto considera una inversi\u00f3n superior a <strong>US$ 1,500 millones<\/strong>, monto que refleja la magnitud de los planes que la empresa viene impulsando en esta operaci\u00f3n.<\/p>\n\n\n\n<hr class=\"wp-block-separator has-alpha-channel-opacity\"\/>\n\n\n\n<div class=\"wp-block-media-text is-stacked-on-mobile\" style=\"grid-template-columns:27% auto\"><figure class=\"wp-block-media-text__media\"><img fetchpriority=\"high\" decoding=\"async\" width=\"1024\" height=\"576\" src=\"https:\/\/mineriayproyectos.com\/wp-content\/uploads\/2026\/09\/exportaciones-zinc-peru-mayo-2026-1024x576.jpg\" alt=\"Exportaciones de zinc del Per\u00fa alcanzaron US$ 1,281 millones a mayo de 2026\" class=\"wp-image-31257 size-full\" srcset=\"https:\/\/mineriayproyectos.com\/wp-content\/uploads\/2026\/09\/exportaciones-zinc-peru-mayo-2026-1024x576.jpg 1024w, https:\/\/mineriayproyectos.com\/wp-content\/uploads\/2026\/09\/exportaciones-zinc-peru-mayo-2026-300x169.jpg 300w, https:\/\/mineriayproyectos.com\/wp-content\/uploads\/2026\/09\/exportaciones-zinc-peru-mayo-2026-768x432.jpg 768w, https:\/\/mineriayproyectos.com\/wp-content\/uploads\/2026\/09\/exportaciones-zinc-peru-mayo-2026-1536x864.jpg 1536w, https:\/\/mineriayproyectos.com\/wp-content\/uploads\/2026\/09\/exportaciones-zinc-peru-mayo-2026-18x10.jpg 18w, https:\/\/mineriayproyectos.com\/wp-content\/uploads\/2026\/09\/exportaciones-zinc-peru-mayo-2026.jpg 1920w\" sizes=\"(max-width: 1024px) 100vw, 1024px\" \/><\/figure><div class=\"wp-block-media-text__content\">\n<p class=\"wp-block-paragraph\"><strong><em>Leer tambi\u00e9n \u25ba <a href=\"https:\/\/mineriayproyectos.com\/en\/mineria\/2026\/09\/01\/exportaciones-zinc-mayo-2026\/\">Exportaciones de zinc crecieron 25.2% y alcanzaron US$ 1,281 millones a mayo de 2026<\/a><\/em><\/strong><\/p>\n<\/div><\/div>\n\n\n\n<hr class=\"wp-block-separator has-alpha-channel-opacity\"\/>\n\n\n\n<p class=\"wp-block-paragraph\"><\/p>\n\n\n\n<p class=\"wp-block-paragraph\">Desde el MINEM se\u00f1alaron que la promoci\u00f3n de nuevas inversiones debe desarrollarse bajo est\u00e1ndares de una miner\u00eda moderna y sostenible, considerando tanto el crecimiento de la producci\u00f3n como sus efectos en el empleo y la actividad econ\u00f3mica de las zonas de influencia.<\/p>\n\n\n\n<h3 class=\"wp-block-heading\"><strong>MINEM y Zijin Mining fortalecen di\u00e1logo<\/strong><\/h3>\n\n\n\n<p class=\"wp-block-paragraph\">La reuni\u00f3n cont\u00f3 tambi\u00e9n con la participaci\u00f3n de la viceministra de Minas, <strong>Mayra Figueroa<\/strong>.<\/p>\n\n\n\n<p class=\"wp-block-paragraph\">Por parte de Zijin Mining participaron <strong>Marco Balc\u00e1zar<\/strong>, director de Asuntos Sociales y Permisos; Wu Zhenfa, director de Construcci\u00f3n; Yue Xiaosong, director de ESG; Ruddy Po\u00e9mape, director de Operaciones; y Christian Re\u00e1tegui, superintendente de Permisos.<\/p>\n\n\n\n<p class=\"wp-block-paragraph\">Las coordinaciones entre el sector p\u00fablico y la compa\u00f1\u00eda forman parte de las acciones destinadas a facilitar el avance de inversiones que puedan aportar al crecimiento de la actividad minera y, particularmente, a una mayor producci\u00f3n de cobre.<\/p>\n\n\n\n<p class=\"wp-block-paragraph\">El desarrollo de <strong>La Arena<\/strong> se suma as\u00ed a una agenda minera en la que la viabilizaci\u00f3n de inversiones, los permisos y el crecimiento de la producci\u00f3n de cobre mantienen un papel central. Parte de estos desaf\u00edos ser\u00e1n abordados en <a href=\"https:\/\/expocobre.com\/\" type=\"link\" id=\"https:\/\/expocobre.com\/\">EXPOCOBRE 2028<\/a>, presidido por <strong>Marco Balc\u00e1zar, director de Asuntos Sociales y Permisos de Zijin Mining<\/strong>, y que se realizar\u00e1 del <strong>3 al 5 de mayo de 2028 en el Centro de Convenciones Jockey, en Lima<\/strong>.<\/p>","protected":false},"excerpt":{"rendered":"<p>Zijin Mining y el Ministerio de Energ\u00eda y Minas (MINEM) reforzaron las coordinaciones para impulsar el desarrollo de la mina La Arena, ubicada en La Libertad y que contempla una inversi\u00f3n proyectada superior a US$ 1,500 millones. El ministro de Energ\u00eda y Minas, Guillermo Shinno, sostuvo una reuni\u00f3n con directivos de la compa\u00f1\u00eda para abordar [&hellip;]<\/p>\n","protected":false},"author":3,"featured_media":31262,"comment_status":"open","ping_status":"open","sticky":false,"template":"","format":"standard","meta":{"footnotes":""},"categories":[10],"tags":[748,6,630],"class_list":["post-31261","post","type-post","status-publish","format-standard","has-post-thumbnail","hentry","category-mineria","tag-la-arena","tag-minem","tag-zijin-mining"],"yoast_head":"<!-- This site is optimized with the Yoast SEO plugin v27.6 - https:\/\/yoast.com\/product\/yoast-seo-wordpress\/ -->\n<title>Zijin Mining y MINEM coordinan desarrollo de La Arena - Miner\u00eda y Proyectos<\/title>\n<meta name=\"description\" content=\"Zijin Mining y el MINEM coordinan el desarrollo de La Arena, proyecto en La Libertad con una inversi\u00f3n superior a US$ 1,500 millones.\" \/>\n<meta name=\"robots\" content=\"index, follow, max-snippet:-1, max-image-preview:large, max-video-preview:-1\" \/>\n<link rel=\"canonical\" href=\"https:\/\/mineriayproyectos.com\/en\/mineria\/2026\/09\/01\/zijin-mining-minem-desarrollo-la-arena\/\" \/>\n<meta property=\"og:locale\" content=\"en_US\" \/>\n<meta property=\"og:type\" content=\"article\" \/>\n<meta property=\"og:title\" content=\"Zijin Mining y MINEM coordinan desarrollo de La Arena - Miner\u00eda y Proyectos\" \/>\n<meta property=\"og:description\" content=\"Zijin Mining y el MINEM coordinan el desarrollo de La Arena, proyecto en La Libertad con una inversi\u00f3n superior a US$ 1,500 millones.\" \/>\n<meta property=\"og:url\" content=\"https:\/\/mineriayproyectos.com\/en\/mineria\/2026\/09\/01\/zijin-mining-minem-desarrollo-la-arena\/\" \/>\n<meta property=\"og:site_name\" content=\"Miner\u00eda y Proyectos\" \/>\n<meta property=\"article:published_time\" content=\"2026-09-01T22:14:04+00:00\" \/>\n<meta property=\"article:modified_time\" content=\"2026-09-01T22:14:06+00:00\" \/>\n<meta property=\"og:image\" content=\"https:\/\/mineriayproyectos.com\/wp-content\/uploads\/2026\/09\/zijin-mining-la-arena-minem.jpg\" \/>\n\t<meta property=\"og:image:width\" content=\"1920\" \/>\n\t<meta property=\"og:image:height\" content=\"1080\" \/>\n\t<meta property=\"og:image:type\" content=\"image\/jpeg\" \/>\n<meta name=\"author\" content=\"Antonio Buendia\" \/>\n<meta name=\"twitter:card\" content=\"summary_large_image\" \/>\n<meta name=\"twitter:label1\" content=\"Written by\" \/>\n\t<meta name=\"twitter:data1\" content=\"Antonio Buendia\" \/>\n\t<meta name=\"twitter:label2\" content=\"Est. reading time\" \/>\n\t<meta name=\"twitter:data2\" content=\"3 minutes\" \/>\n<script type=\"application\/ld+json\" class=\"yoast-schema-graph\">{\"@context\":\"https:\\\/\\\/schema.org\",\"@graph\":[{\"@type\":\"Article\",\"@id\":\"https:\\\/\\\/mineriayproyectos.com\\\/mineria\\\/2026\\\/09\\\/01\\\/zijin-mining-minem-desarrollo-la-arena\\\/#article\",\"isPartOf\":{\"@id\":\"https:\\\/\\\/mineriayproyectos.com\\\/mineria\\\/2026\\\/09\\\/01\\\/zijin-mining-minem-desarrollo-la-arena\\\/\"},\"author\":{\"name\":\"Antonio Buendia\",\"@id\":\"https:\\\/\\\/mineriayproyectos.com\\\/#\\\/schema\\\/person\\\/7cb1f3c671dfa5f49d443f8a000667d7\"},\"headline\":\"Zijin Mining y MINEM refuerzan coordinaciones para el desarrollo de La Arena\",\"datePublished\":\"2026-09-01T22:14:04+00:00\",\"dateModified\":\"2026-09-01T22:14:06+00:00\",\"mainEntityOfPage\":{\"@id\":\"https:\\\/\\\/mineriayproyectos.com\\\/mineria\\\/2026\\\/09\\\/01\\\/zijin-mining-minem-desarrollo-la-arena\\\/\"},\"wordCount\":430,\"commentCount\":1,\"image\":{\"@id\":\"https:\\\/\\\/mineriayproyectos.com\\\/mineria\\\/2026\\\/09\\\/01\\\/zijin-mining-minem-desarrollo-la-arena\\\/#primaryimage\"},\"thumbnailUrl\":\"https:\\\/\\\/mineriayproyectos.com\\\/wp-content\\\/uploads\\\/2026\\\/09\\\/zijin-mining-la-arena-minem.jpg\",\"keywords\":[\"La Arena\",\"MINEM\",\"Zijin Mining\"],\"articleSection\":[\"Miner\u00eda\"],\"inLanguage\":\"en-US\",\"potentialAction\":[{\"@type\":\"CommentAction\",\"name\":\"Comment\",\"target\":[\"https:\\\/\\\/mineriayproyectos.com\\\/mineria\\\/2026\\\/09\\\/01\\\/zijin-mining-minem-desarrollo-la-arena\\\/#respond\"]}]},{\"@type\":\"WebPage\",\"@id\":\"https:\\\/\\\/mineriayproyectos.com\\\/mineria\\\/2026\\\/09\\\/01\\\/zijin-mining-minem-desarrollo-la-arena\\\/\",\"url\":\"https:\\\/\\\/mineriayproyectos.com\\\/mineria\\\/2026\\\/09\\\/01\\\/zijin-mining-minem-desarrollo-la-arena\\\/\",\"name\":\"Zijin Mining y MINEM coordinan desarrollo de La Arena - Miner\u00eda y Proyectos\",\"isPartOf\":{\"@id\":\"https:\\\/\\\/mineriayproyectos.com\\\/#website\"},\"primaryImageOfPage\":{\"@id\":\"https:\\\/\\\/mineriayproyectos.com\\\/mineria\\\/2026\\\/09\\\/01\\\/zijin-mining-minem-desarrollo-la-arena\\\/#primaryimage\"},\"image\":{\"@id\":\"https:\\\/\\\/mineriayproyectos.com\\\/mineria\\\/2026\\\/09\\\/01\\\/zijin-mining-minem-desarrollo-la-arena\\\/#primaryimage\"},\"thumbnailUrl\":\"https:\\\/\\\/mineriayproyectos.com\\\/wp-content\\\/uploads\\\/2026\\\/09\\\/zijin-mining-la-arena-minem.jpg\",\"datePublished\":\"2026-09-01T22:14:04+00:00\",\"dateModified\":\"2026-09-01T22:14:06+00:00\",\"author\":{\"@id\":\"https:\\\/\\\/mineriayproyectos.com\\\/#\\\/schema\\\/person\\\/7cb1f3c671dfa5f49d443f8a000667d7\"},\"description\":\"Zijin Mining y el MINEM coordinan el desarrollo de La Arena, proyecto en La Libertad con una inversi\u00f3n superior a US$ 1,500 millones.\",\"breadcrumb\":{\"@id\":\"https:\\\/\\\/mineriayproyectos.com\\\/mineria\\\/2026\\\/09\\\/01\\\/zijin-mining-minem-desarrollo-la-arena\\\/#breadcrumb\"},\"inLanguage\":\"en-US\",\"potentialAction\":[{\"@type\":\"ReadAction\",\"target\":[\"https:\\\/\\\/mineriayproyectos.com\\\/mineria\\\/2026\\\/09\\\/01\\\/zijin-mining-minem-desarrollo-la-arena\\\/\"]}]},{\"@type\":\"ImageObject\",\"inLanguage\":\"en-US\",\"@id\":\"https:\\\/\\\/mineriayproyectos.com\\\/mineria\\\/2026\\\/09\\\/01\\\/zijin-mining-minem-desarrollo-la-arena\\\/#primaryimage\",\"url\":\"https:\\\/\\\/mineriayproyectos.com\\\/wp-content\\\/uploads\\\/2026\\\/09\\\/zijin-mining-la-arena-minem.jpg\",\"contentUrl\":\"https:\\\/\\\/mineriayproyectos.com\\\/wp-content\\\/uploads\\\/2026\\\/09\\\/zijin-mining-la-arena-minem.jpg\",\"width\":1920,\"height\":1080,\"caption\":\"Zijin Mining y el MINEM sostuvieron una reuni\u00f3n para coordinar acciones vinculadas al desarrollo de La Arena, en La Libertad.\"},{\"@type\":\"BreadcrumbList\",\"@id\":\"https:\\\/\\\/mineriayproyectos.com\\\/mineria\\\/2026\\\/09\\\/01\\\/zijin-mining-minem-desarrollo-la-arena\\\/#breadcrumb\",\"itemListElement\":[{\"@type\":\"ListItem\",\"position\":1,\"name\":\"Portada\",\"item\":\"https:\\\/\\\/mineriayproyectos.com\\\/\"},{\"@type\":\"ListItem\",\"position\":2,\"name\":\"Zijin Mining y MINEM refuerzan coordinaciones para el desarrollo de La Arena\"}]},{\"@type\":\"WebSite\",\"@id\":\"https:\\\/\\\/mineriayproyectos.com\\\/#website\",\"url\":\"https:\\\/\\\/mineriayproyectos.com\\\/\",\"name\":\"Miner\u00eda y Proyectos\",\"description\":\"\",\"potentialAction\":[{\"@type\":\"SearchAction\",\"target\":{\"@type\":\"EntryPoint\",\"urlTemplate\":\"https:\\\/\\\/mineriayproyectos.com\\\/?s={search_term_string}\"},\"query-input\":{\"@type\":\"PropertyValueSpecification\",\"valueRequired\":true,\"valueName\":\"search_term_string\"}}],\"inLanguage\":\"en-US\"},{\"@type\":\"Person\",\"@id\":\"https:\\\/\\\/mineriayproyectos.com\\\/#\\\/schema\\\/person\\\/7cb1f3c671dfa5f49d443f8a000667d7\",\"name\":\"Antonio Buendia\",\"image\":{\"@type\":\"ImageObject\",\"inLanguage\":\"en-US\",\"@id\":\"https:\\\/\\\/secure.gravatar.com\\\/avatar\\\/42a5a9c8c30dcb55508ba88f85b75cf86c0818b2c6f4da455d7a3cdfc2374e18?s=96&d=mm&r=g\",\"url\":\"https:\\\/\\\/secure.gravatar.com\\\/avatar\\\/42a5a9c8c30dcb55508ba88f85b75cf86c0818b2c6f4da455d7a3cdfc2374e18?s=96&d=mm&r=g\",\"contentUrl\":\"https:\\\/\\\/secure.gravatar.com\\\/avatar\\\/42a5a9c8c30dcb55508ba88f85b75cf86c0818b2c6f4da455d7a3cdfc2374e18?s=96&d=mm&r=g\",\"caption\":\"Antonio Buendia\"},\"url\":\"https:\\\/\\\/mineriayproyectos.com\\\/en\\\/author\\\/antonio-minypro\\\/\"}]}<\/script>\n<!-- \/ Yoast SEO plugin. -->","yoast_head_json":{"title":"Zijin Mining y MINEM coordinan desarrollo de La Arena - Miner\u00eda y Proyectos","description":"Zijin Mining y el MINEM coordinan el desarrollo de La Arena, proyecto en La Libertad con una inversi\u00f3n superior a US$ 1,500 millones.","robots":{"index":"index","follow":"follow","max-snippet":"max-snippet:-1","max-image-preview":"max-image-preview:large","max-video-preview":"max-video-preview:-1"},"canonical":"https:\/\/mineriayproyectos.com\/en\/mineria\/2026\/09\/01\/zijin-mining-minem-desarrollo-la-arena\/","og_locale":"en_US","og_type":"article","og_title":"Zijin Mining y MINEM coordinan desarrollo de La Arena - Miner\u00eda y Proyectos","og_description":"Zijin Mining y el MINEM coordinan el desarrollo de La Arena, proyecto en La Libertad con una inversi\u00f3n superior a US$ 1,500 millones.","og_url":"https:\/\/mineriayproyectos.com\/en\/mineria\/2026\/09\/01\/zijin-mining-minem-desarrollo-la-arena\/","og_site_name":"Miner\u00eda y Proyectos","article_published_time":"2026-09-01T22:14:04+00:00","article_modified_time":"2026-09-01T22:14:06+00:00","og_image":[{"width":1920,"height":1080,"url":"https:\/\/mineriayproyectos.com\/wp-content\/uploads\/2026\/09\/zijin-mining-la-arena-minem.jpg","type":"image\/jpeg"}],"author":"Antonio Buendia","twitter_card":"summary_large_image","twitter_misc":{"Written by":"Antonio Buendia","Est. reading time":"3 minutes"},"schema":{"@context":"https:\/\/schema.org","@graph":[{"@type":"Article","@id":"https:\/\/mineriayproyectos.com\/mineria\/2026\/09\/01\/zijin-mining-minem-desarrollo-la-arena\/#article","isPartOf":{"@id":"https:\/\/mineriayproyectos.com\/mineria\/2026\/09\/01\/zijin-mining-minem-desarrollo-la-arena\/"},"author":{"name":"Antonio Buendia","@id":"https:\/\/mineriayproyectos.com\/#\/schema\/person\/7cb1f3c671dfa5f49d443f8a000667d7"},"headline":"Zijin Mining y MINEM refuerzan coordinaciones para el desarrollo de La Arena","datePublished":"2026-09-01T22:14:04+00:00","dateModified":"2026-09-01T22:14:06+00:00","mainEntityOfPage":{"@id":"https:\/\/mineriayproyectos.com\/mineria\/2026\/09\/01\/zijin-mining-minem-desarrollo-la-arena\/"},"wordCount":430,"commentCount":1,"image":{"@id":"https:\/\/mineriayproyectos.com\/mineria\/2026\/09\/01\/zijin-mining-minem-desarrollo-la-arena\/#primaryimage"},"thumbnailUrl":"https:\/\/mineriayproyectos.com\/wp-content\/uploads\/2026\/09\/zijin-mining-la-arena-minem.jpg","keywords":["La Arena","MINEM","Zijin Mining"],"articleSection":["Miner\u00eda"],"inLanguage":"en-US","potentialAction":[{"@type":"CommentAction","name":"Comment","target":["https:\/\/mineriayproyectos.com\/mineria\/2026\/09\/01\/zijin-mining-minem-desarrollo-la-arena\/#respond"]}]},{"@type":"WebPage","@id":"https:\/\/mineriayproyectos.com\/mineria\/2026\/09\/01\/zijin-mining-minem-desarrollo-la-arena\/","url":"https:\/\/mineriayproyectos.com\/mineria\/2026\/09\/01\/zijin-mining-minem-desarrollo-la-arena\/","name":"Zijin Mining y MINEM coordinan desarrollo de La Arena - Miner\u00eda y Proyectos","isPartOf":{"@id":"https:\/\/mineriayproyectos.com\/#website"},"primaryImageOfPage":{"@id":"https:\/\/mineriayproyectos.com\/mineria\/2026\/09\/01\/zijin-mining-minem-desarrollo-la-arena\/#primaryimage"},"image":{"@id":"https:\/\/mineriayproyectos.com\/mineria\/2026\/09\/01\/zijin-mining-minem-desarrollo-la-arena\/#primaryimage"},"thumbnailUrl":"https:\/\/mineriayproyectos.com\/wp-content\/uploads\/2026\/09\/zijin-mining-la-arena-minem.jpg","datePublished":"2026-09-01T22:14:04+00:00","dateModified":"2026-09-01T22:14:06+00:00","author":{"@id":"https:\/\/mineriayproyectos.com\/#\/schema\/person\/7cb1f3c671dfa5f49d443f8a000667d7"},"description":"Zijin Mining y el MINEM coordinan el desarrollo de La Arena, proyecto en La Libertad con una inversi\u00f3n superior a US$ 1,500 millones.","breadcrumb":{"@id":"https:\/\/mineriayproyectos.com\/mineria\/2026\/09\/01\/zijin-mining-minem-desarrollo-la-arena\/#breadcrumb"},"inLanguage":"en-US","potentialAction":[{"@type":"ReadAction","target":["https:\/\/mineriayproyectos.com\/mineria\/2026\/09\/01\/zijin-mining-minem-desarrollo-la-arena\/"]}]},{"@type":"ImageObject","inLanguage":"en-US","@id":"https:\/\/mineriayproyectos.com\/mineria\/2026\/09\/01\/zijin-mining-minem-desarrollo-la-arena\/#primaryimage","url":"https:\/\/mineriayproyectos.com\/wp-content\/uploads\/2026\/09\/zijin-mining-la-arena-minem.jpg","contentUrl":"https:\/\/mineriayproyectos.com\/wp-content\/uploads\/2026\/09\/zijin-mining-la-arena-minem.jpg","width":1920,"height":1080,"caption":"Zijin Mining y el MINEM sostuvieron una reuni\u00f3n para coordinar acciones vinculadas al desarrollo de La Arena, en La Libertad."},{"@type":"BreadcrumbList","@id":"https:\/\/mineriayproyectos.com\/mineria\/2026\/09\/01\/zijin-mining-minem-desarrollo-la-arena\/#breadcrumb","itemListElement":[{"@type":"ListItem","position":1,"name":"Portada","item":"https:\/\/mineriayproyectos.com\/"},{"@type":"ListItem","position":2,"name":"Zijin Mining y MINEM refuerzan coordinaciones para el desarrollo de La Arena"}]},{"@type":"WebSite","@id":"https:\/\/mineriayproyectos.com\/#website","url":"https:\/\/mineriayproyectos.com\/","name":"Mining and Projects","description":"","potentialAction":[{"@type":"SearchAction","target":{"@type":"EntryPoint","urlTemplate":"https:\/\/mineriayproyectos.com\/?s={search_term_string}"},"query-input":{"@type":"PropertyValueSpecification","valueRequired":true,"valueName":"search_term_string"}}],"inLanguage":"en-US"},{"@type":"Person","@id":"https:\/\/mineriayproyectos.com\/#\/schema\/person\/7cb1f3c671dfa5f49d443f8a000667d7","name":"Antonio Buendia","image":{"@type":"ImageObject","inLanguage":"en-US","@id":"https:\/\/secure.gravatar.com\/avatar\/42a5a9c8c30dcb55508ba88f85b75cf86c0818b2c6f4da455d7a3cdfc2374e18?s=96&d=mm&r=g","url":"https:\/\/secure.gravatar.com\/avatar\/42a5a9c8c30dcb55508ba88f85b75cf86c0818b2c6f4da455d7a3cdfc2374e18?s=96&d=mm&r=g","contentUrl":"https:\/\/secure.gravatar.com\/avatar\/42a5a9c8c30dcb55508ba88f85b75cf86c0818b2c6f4da455d7a3cdfc2374e18?s=96&d=mm&r=g","caption":"Antonio Buendia"},"url":"https:\/\/mineriayproyectos.com\/en\/author\/antonio-minypro\/"}]}},"_links":{"self":[{"href":"https:\/\/mineriayproyectos.com\/en\/wp-json\/wp\/v2\/posts\/31261","targetHints":{"allow":["GET"]}}],"collection":[{"href":"https:\/\/mineriayproyectos.com\/en\/wp-json\/wp\/v2\/posts"}],"about":[{"href":"https:\/\/mineriayproyectos.com\/en\/wp-json\/wp\/v2\/types\/post"}],"author":[{"embeddable":true,"href":"https:\/\/mineriayproyectos.com\/en\/wp-json\/wp\/v2\/users\/3"}],"replies":[{"embeddable":true,"href":"https:\/\/mineriayproyectos.com\/en\/wp-json\/wp\/v2\/comments?post=31261"}],"version-history":[{"count":0,"href":"https:\/\/mineriayproyectos.com\/en\/wp-json\/wp\/v2\/posts\/31261\/revisions"}],"wp:featuredmedia":[{"embeddable":true,"href":"https:\/\/mineriayproyectos.com\/en\/wp-json\/wp\/v2\/media\/31262"}],"wp:attachment":[{"href":"https:\/\/mineriayproyectos.com\/en\/wp-json\/wp\/v2\/media?parent=31261"}],"wp:term":[{"taxonomy":"category","embeddable":true,"href":"https:\/\/mineriayproyectos.com\/en\/wp-json\/wp\/v2\/categories?post=31261"},{"taxonomy":"post_tag","embeddable":true,"href":"https:\/\/mineriayproyectos.com\/en\/wp-json\/wp\/v2\/tags?post=31261"}],"curies":[{"name":"wp","href":"https:\/\/api.w.org\/{rel}","templated":true}]}}