{"id":31189,"date":"2026-08-31T17:16:42","date_gmt":"2026-08-31T22:16:42","guid":{"rendered":"https:\/\/mineriayproyectos.com\/?p=31189"},"modified":"2026-08-31T17:16:44","modified_gmt":"2026-08-31T22:16:44","slug":"antapaccay-aldeas-infantiles-sos-reciclaje","status":"publish","type":"post","link":"https:\/\/mineriayproyectos.com\/en\/mineria\/responsabilidad-social\/2026\/08\/31\/antapaccay-aldeas-infantiles-sos-reciclaje\/","title":{"rendered":"Antapaccay y Aldeas Infantiles SOS Per\u00fa se unen para convertir residuos reciclables en apoyo a la ni\u00f1ez"},"content":{"rendered":"<p class=\"wp-block-paragraph\"><strong>Poverty<\/strong> y <strong>Aldeas Infantiles SOS Per\u00fa<\/strong> suscribieron un convenio de cooperaci\u00f3n para convertir residuos reciclables en recursos que contribuyan a la atenci\u00f3n de ni\u00f1os, ni\u00f1as y adolescentes acogidos por la organizaci\u00f3n.<\/p>\n\n\n\n<p class=\"wp-block-paragraph\">Mediante este acuerdo, la <a href=\"https:\/\/mineriayproyectos.com\/en\/mineria\/2026\/07\/21\/mejora-continua-antapaccay-karim-batallanos\/\" type=\"link\" id=\"https:\/\/mineriayproyectos.com\/mineria\/2026\/07\/21\/mejora-continua-antapaccay-karim-batallanos\/\">compa\u00f1\u00eda minera<\/a> entregar\u00e1 residuos s\u00f3lidos aprovechables recolectados en sus instalaciones. Entre ellos se encuentran principalmente cart\u00f3n y envases pl\u00e1sticos en desuso.<\/p>\n\n\n\n<p class=\"wp-block-paragraph\">Posteriormente, estos materiales ser\u00e1n trasladados para su comercializaci\u00f3n y valorizaci\u00f3n. Los recursos obtenidos ser\u00e1n utilizados por <a href=\"https:\/\/www.aldeasinfantiles.org.pe\/\" type=\"link\" id=\"https:\/\/www.aldeasinfantiles.org.pe\/\">Aldeas Infantiles SOS Per\u00fa<\/a> de acuerdo con sus fines institucionales.<\/p>\n\n\n\n<p class=\"wp-block-paragraph\">La iniciativa busca combinar la gesti\u00f3n responsable de residuos con un prop\u00f3sito social. De esta manera, materiales que ya cumplieron su funci\u00f3n podr\u00e1n ingresar nuevamente a una cadena de aprovechamiento y, al mismo tiempo, contribuir a la protecci\u00f3n de la ni\u00f1ez.<\/p>\n\n\n\n<h3 class=\"wp-block-heading\"><strong>Antapaccay impulsa valorizaci\u00f3n de residuos con impacto social<\/strong><\/h3>\n\n\n\n<p class=\"wp-block-paragraph\">Artemio P\u00e9rez, gerente senior de Gesti\u00f3n Social de Antapaccay, destac\u00f3 que el convenio permite ampliar el impacto de las acciones de sostenibilidad desarrolladas por la compa\u00f1\u00eda.<\/p>\n\n\n\n<p class=\"wp-block-paragraph\">\u201cEste convenio nos permite darle un sentido adicional a la gesti\u00f3n de nuestros residuos. Lo que puede ser considerado un material en desuso puede convertirse, a trav\u00e9s de su valorizaci\u00f3n, en un aporte para una causa tan importante como la protecci\u00f3n de la ni\u00f1ez\u201d, se\u00f1al\u00f3.<\/p>\n\n\n\n<p class=\"wp-block-paragraph\">Asimismo, sostuvo que para <strong>Poverty<\/strong> la sostenibilidad implica generar valor para las personas y las comunidades.<\/p>\n\n\n\n<p class=\"wp-block-paragraph\">Por su parte, Nils Carrasco, superintendente de Medio Ambiente de Antapaccay, explic\u00f3 que la valorizaci\u00f3n permite dar una segunda oportunidad a los materiales reciclables de la operaci\u00f3n.<\/p>\n\n\n\n<p class=\"wp-block-paragraph\">\u201cLa valorizaci\u00f3n de residuos es parte de una gesti\u00f3n ambiental responsable. Con este acuerdo buscamos que materiales reciclables de la operaci\u00f3n tengan una segunda oportunidad y puedan reincorporarse a una cadena de aprovechamiento\u201d, afirm\u00f3.<\/p>\n\n\n\n<p class=\"wp-block-paragraph\">Carrasco agreg\u00f3 que la alianza demuestra c\u00f3mo la econom\u00eda circular puede generar beneficios ambientales y sociales de manera simult\u00e1nea.<\/p>\n\n\n\n<h3 class=\"wp-block-heading\"><strong>Aldeas Infantiles SOS Per\u00fa destaca alianza por la ni\u00f1ez<\/strong><\/h3>\n\n\n\n<p class=\"wp-block-paragraph\">Desde Aldeas Infantiles SOS Per\u00fa tambi\u00e9n resaltaron la importancia de establecer alianzas con empresas que permitan obtener recursos para continuar con su labor y, a la vez, fomentar una cultura de sostenibilidad.<\/p>\n\n\n\n<p class=\"wp-block-paragraph\">Nancy Mart\u00ednez, directora nacional de la organizaci\u00f3n, se\u00f1al\u00f3 que diferentes actores pueden contribuir a la protecci\u00f3n de ni\u00f1os, ni\u00f1as y adolescentes.<\/p>\n\n\n\n<p class=\"wp-block-paragraph\">\u201cEsta alianza demuestra que todos podemos aportar a la protecci\u00f3n de la ni\u00f1ez desde distintos espacios. En este caso, materiales que ya cumplieron su ciclo pueden transformarse en recursos que nos ayuden a continuar brindando atenci\u00f3n y cuidado de los ni\u00f1os\u201d, indic\u00f3.<\/p>\n\n\n\n<p class=\"wp-block-paragraph\">Adem\u00e1s, destac\u00f3 que la iniciativa de Antapaccay vincula el aprovechamiento de materiales con un prop\u00f3sito social concreto.<\/p>\n\n\n\n<h3 class=\"wp-block-heading\"><strong>Convenio tendr\u00e1 una vigencia de 17 meses<\/strong><\/h3>\n\n\n\n<p class=\"wp-block-paragraph\">El convenio entre <strong>Antapaccay y Aldeas Infantiles SOS Per\u00fa tendr\u00e1 una vigencia inicial de 17 meses<\/strong>. Adem\u00e1s, podr\u00e1 renovarse autom\u00e1ticamente por periodos iguales y sucesivos.<\/p>\n\n\n\n<p class=\"wp-block-paragraph\">Durante este periodo, los residuos aprovechables entregados por la compa\u00f1\u00eda ser\u00e1n valorizados para generar recursos destinados a los fines institucionales de <strong>Aldeas Infantiles SOS Per\u00fa<\/strong>.<\/p>\n\n\n\n<p class=\"wp-block-paragraph\">As\u00ed, la alianza incorpora principios de econom\u00eda circular a la gesti\u00f3n de residuos y los vincula con una iniciativa orientada a apoyar la atenci\u00f3n y protecci\u00f3n de la ni\u00f1ez.<\/p>","protected":false},"excerpt":{"rendered":"<p>Antapaccay y Aldeas Infantiles SOS Per\u00fa suscribieron un convenio de cooperaci\u00f3n para convertir residuos reciclables en recursos que contribuyan a la atenci\u00f3n de ni\u00f1os, ni\u00f1as y adolescentes acogidos por la organizaci\u00f3n. Mediante este acuerdo, la compa\u00f1\u00eda minera entregar\u00e1 residuos s\u00f3lidos aprovechables recolectados en sus instalaciones. Entre ellos se encuentran principalmente cart\u00f3n y envases pl\u00e1sticos en [&hellip;]<\/p>\n","protected":false},"author":3,"featured_media":31190,"comment_status":"open","ping_status":"open","sticky":false,"template":"","format":"standard","meta":{"footnotes":""},"categories":[43],"tags":[1190,99],"class_list":["post-31189","post","type-post","status-publish","format-standard","has-post-thumbnail","hentry","category-responsabilidad-social","tag-aldeas-infantiles-sos-peru","tag-antapaccay"],"yoast_head":"<!-- This site is optimized with the Yoast SEO plugin v27.6 - https:\/\/yoast.com\/product\/yoast-seo-wordpress\/ -->\n<title>Antapaccay convierte residuos reciclables en apoyo a la ni\u00f1ez - Miner\u00eda y Proyectos<\/title>\n<meta name=\"description\" content=\"Antapaccay y Aldeas Infantiles SOS Per\u00fa valorizar\u00e1n residuos reciclables para generar recursos destinados al apoyo de la ni\u00f1ez.\" \/>\n<meta name=\"robots\" content=\"index, follow, max-snippet:-1, max-image-preview:large, max-video-preview:-1\" \/>\n<link rel=\"canonical\" href=\"https:\/\/mineriayproyectos.com\/en\/mineria\/responsabilidad-social\/2026\/08\/31\/antapaccay-aldeas-infantiles-sos-reciclaje\/\" \/>\n<meta property=\"og:locale\" content=\"en_US\" \/>\n<meta property=\"og:type\" content=\"article\" \/>\n<meta property=\"og:title\" content=\"Antapaccay convierte residuos reciclables en apoyo a la ni\u00f1ez - Miner\u00eda y Proyectos\" \/>\n<meta property=\"og:description\" content=\"Antapaccay y Aldeas Infantiles SOS Per\u00fa valorizar\u00e1n residuos reciclables para generar recursos destinados al apoyo de la ni\u00f1ez.\" \/>\n<meta property=\"og:url\" content=\"https:\/\/mineriayproyectos.com\/en\/mineria\/responsabilidad-social\/2026\/08\/31\/antapaccay-aldeas-infantiles-sos-reciclaje\/\" \/>\n<meta property=\"og:site_name\" content=\"Miner\u00eda y Proyectos\" \/>\n<meta property=\"article:published_time\" content=\"2026-08-31T22:16:42+00:00\" \/>\n<meta property=\"article:modified_time\" content=\"2026-08-31T22:16:44+00:00\" \/>\n<meta property=\"og:image\" content=\"https:\/\/mineriayproyectos.com\/wp-content\/uploads\/2026\/08\/antapaccay-aldeas-infantiles-sos-reciclaje.jpg\" \/>\n\t<meta property=\"og:image:width\" content=\"1920\" \/>\n\t<meta property=\"og:image:height\" content=\"1080\" \/>\n\t<meta property=\"og:image:type\" content=\"image\/jpeg\" \/>\n<meta name=\"author\" content=\"Antonio Buendia\" \/>\n<meta name=\"twitter:card\" content=\"summary_large_image\" \/>\n<meta name=\"twitter:label1\" content=\"Written by\" \/>\n\t<meta name=\"twitter:data1\" content=\"Antonio Buendia\" \/>\n\t<meta name=\"twitter:label2\" content=\"Est. reading time\" \/>\n\t<meta name=\"twitter:data2\" content=\"3 minutes\" \/>\n<script type=\"application\/ld+json\" class=\"yoast-schema-graph\">{\"@context\":\"https:\\\/\\\/schema.org\",\"@graph\":[{\"@type\":\"Article\",\"@id\":\"https:\\\/\\\/mineriayproyectos.com\\\/mineria\\\/responsabilidad-social\\\/2026\\\/08\\\/31\\\/antapaccay-aldeas-infantiles-sos-reciclaje\\\/#article\",\"isPartOf\":{\"@id\":\"https:\\\/\\\/mineriayproyectos.com\\\/mineria\\\/responsabilidad-social\\\/2026\\\/08\\\/31\\\/antapaccay-aldeas-infantiles-sos-reciclaje\\\/\"},\"author\":{\"name\":\"Antonio Buendia\",\"@id\":\"https:\\\/\\\/mineriayproyectos.com\\\/#\\\/schema\\\/person\\\/7cb1f3c671dfa5f49d443f8a000667d7\"},\"headline\":\"Antapaccay y Aldeas Infantiles SOS Per\u00fa se unen para convertir residuos reciclables en apoyo a la ni\u00f1ez\",\"datePublished\":\"2026-08-31T22:16:42+00:00\",\"dateModified\":\"2026-08-31T22:16:44+00:00\",\"mainEntityOfPage\":{\"@id\":\"https:\\\/\\\/mineriayproyectos.com\\\/mineria\\\/responsabilidad-social\\\/2026\\\/08\\\/31\\\/antapaccay-aldeas-infantiles-sos-reciclaje\\\/\"},\"wordCount\":581,\"commentCount\":0,\"image\":{\"@id\":\"https:\\\/\\\/mineriayproyectos.com\\\/mineria\\\/responsabilidad-social\\\/2026\\\/08\\\/31\\\/antapaccay-aldeas-infantiles-sos-reciclaje\\\/#primaryimage\"},\"thumbnailUrl\":\"https:\\\/\\\/mineriayproyectos.com\\\/wp-content\\\/uploads\\\/2026\\\/08\\\/antapaccay-aldeas-infantiles-sos-reciclaje.jpg\",\"keywords\":[\"Aldeas Infantiles SOS Per\u00fa\",\"Antapaccay\"],\"articleSection\":[\"Responsabilidad Social\"],\"inLanguage\":\"en-US\",\"potentialAction\":[{\"@type\":\"CommentAction\",\"name\":\"Comment\",\"target\":[\"https:\\\/\\\/mineriayproyectos.com\\\/mineria\\\/responsabilidad-social\\\/2026\\\/08\\\/31\\\/antapaccay-aldeas-infantiles-sos-reciclaje\\\/#respond\"]}]},{\"@type\":\"WebPage\",\"@id\":\"https:\\\/\\\/mineriayproyectos.com\\\/mineria\\\/responsabilidad-social\\\/2026\\\/08\\\/31\\\/antapaccay-aldeas-infantiles-sos-reciclaje\\\/\",\"url\":\"https:\\\/\\\/mineriayproyectos.com\\\/mineria\\\/responsabilidad-social\\\/2026\\\/08\\\/31\\\/antapaccay-aldeas-infantiles-sos-reciclaje\\\/\",\"name\":\"Antapaccay convierte residuos reciclables en apoyo a la ni\u00f1ez - Miner\u00eda y Proyectos\",\"isPartOf\":{\"@id\":\"https:\\\/\\\/mineriayproyectos.com\\\/#website\"},\"primaryImageOfPage\":{\"@id\":\"https:\\\/\\\/mineriayproyectos.com\\\/mineria\\\/responsabilidad-social\\\/2026\\\/08\\\/31\\\/antapaccay-aldeas-infantiles-sos-reciclaje\\\/#primaryimage\"},\"image\":{\"@id\":\"https:\\\/\\\/mineriayproyectos.com\\\/mineria\\\/responsabilidad-social\\\/2026\\\/08\\\/31\\\/antapaccay-aldeas-infantiles-sos-reciclaje\\\/#primaryimage\"},\"thumbnailUrl\":\"https:\\\/\\\/mineriayproyectos.com\\\/wp-content\\\/uploads\\\/2026\\\/08\\\/antapaccay-aldeas-infantiles-sos-reciclaje.jpg\",\"datePublished\":\"2026-08-31T22:16:42+00:00\",\"dateModified\":\"2026-08-31T22:16:44+00:00\",\"author\":{\"@id\":\"https:\\\/\\\/mineriayproyectos.com\\\/#\\\/schema\\\/person\\\/7cb1f3c671dfa5f49d443f8a000667d7\"},\"description\":\"Antapaccay y Aldeas Infantiles SOS Per\u00fa valorizar\u00e1n residuos reciclables para generar recursos destinados al apoyo de la ni\u00f1ez.\",\"breadcrumb\":{\"@id\":\"https:\\\/\\\/mineriayproyectos.com\\\/mineria\\\/responsabilidad-social\\\/2026\\\/08\\\/31\\\/antapaccay-aldeas-infantiles-sos-reciclaje\\\/#breadcrumb\"},\"inLanguage\":\"en-US\",\"potentialAction\":[{\"@type\":\"ReadAction\",\"target\":[\"https:\\\/\\\/mineriayproyectos.com\\\/mineria\\\/responsabilidad-social\\\/2026\\\/08\\\/31\\\/antapaccay-aldeas-infantiles-sos-reciclaje\\\/\"]}]},{\"@type\":\"ImageObject\",\"inLanguage\":\"en-US\",\"@id\":\"https:\\\/\\\/mineriayproyectos.com\\\/mineria\\\/responsabilidad-social\\\/2026\\\/08\\\/31\\\/antapaccay-aldeas-infantiles-sos-reciclaje\\\/#primaryimage\",\"url\":\"https:\\\/\\\/mineriayproyectos.com\\\/wp-content\\\/uploads\\\/2026\\\/08\\\/antapaccay-aldeas-infantiles-sos-reciclaje.jpg\",\"contentUrl\":\"https:\\\/\\\/mineriayproyectos.com\\\/wp-content\\\/uploads\\\/2026\\\/08\\\/antapaccay-aldeas-infantiles-sos-reciclaje.jpg\",\"width\":1920,\"height\":1080,\"caption\":\"Antapaccay y Aldeas Infantiles SOS Per\u00fa suscribieron un convenio para convertir residuos reciclables en recursos de apoyo a la ni\u00f1ez.\"},{\"@type\":\"BreadcrumbList\",\"@id\":\"https:\\\/\\\/mineriayproyectos.com\\\/mineria\\\/responsabilidad-social\\\/2026\\\/08\\\/31\\\/antapaccay-aldeas-infantiles-sos-reciclaje\\\/#breadcrumb\",\"itemListElement\":[{\"@type\":\"ListItem\",\"position\":1,\"name\":\"Portada\",\"item\":\"https:\\\/\\\/mineriayproyectos.com\\\/\"},{\"@type\":\"ListItem\",\"position\":2,\"name\":\"Antapaccay y Aldeas Infantiles SOS Per\u00fa se unen para convertir residuos reciclables en apoyo a la ni\u00f1ez\"}]},{\"@type\":\"WebSite\",\"@id\":\"https:\\\/\\\/mineriayproyectos.com\\\/#website\",\"url\":\"https:\\\/\\\/mineriayproyectos.com\\\/\",\"name\":\"Miner\u00eda y Proyectos\",\"description\":\"\",\"potentialAction\":[{\"@type\":\"SearchAction\",\"target\":{\"@type\":\"EntryPoint\",\"urlTemplate\":\"https:\\\/\\\/mineriayproyectos.com\\\/?s={search_term_string}\"},\"query-input\":{\"@type\":\"PropertyValueSpecification\",\"valueRequired\":true,\"valueName\":\"search_term_string\"}}],\"inLanguage\":\"en-US\"},{\"@type\":\"Person\",\"@id\":\"https:\\\/\\\/mineriayproyectos.com\\\/#\\\/schema\\\/person\\\/7cb1f3c671dfa5f49d443f8a000667d7\",\"name\":\"Antonio Buendia\",\"image\":{\"@type\":\"ImageObject\",\"inLanguage\":\"en-US\",\"@id\":\"https:\\\/\\\/secure.gravatar.com\\\/avatar\\\/42a5a9c8c30dcb55508ba88f85b75cf86c0818b2c6f4da455d7a3cdfc2374e18?s=96&d=mm&r=g\",\"url\":\"https:\\\/\\\/secure.gravatar.com\\\/avatar\\\/42a5a9c8c30dcb55508ba88f85b75cf86c0818b2c6f4da455d7a3cdfc2374e18?s=96&d=mm&r=g\",\"contentUrl\":\"https:\\\/\\\/secure.gravatar.com\\\/avatar\\\/42a5a9c8c30dcb55508ba88f85b75cf86c0818b2c6f4da455d7a3cdfc2374e18?s=96&d=mm&r=g\",\"caption\":\"Antonio Buendia\"},\"url\":\"https:\\\/\\\/mineriayproyectos.com\\\/en\\\/author\\\/antonio-minypro\\\/\"}]}<\/script>\n<!-- \/ Yoast SEO plugin. -->","yoast_head_json":{"title":"Antapaccay convierte residuos reciclables en apoyo a la ni\u00f1ez - Miner\u00eda y Proyectos","description":"Antapaccay y Aldeas Infantiles SOS Per\u00fa valorizar\u00e1n residuos reciclables para generar recursos destinados al apoyo de la ni\u00f1ez.","robots":{"index":"index","follow":"follow","max-snippet":"max-snippet:-1","max-image-preview":"max-image-preview:large","max-video-preview":"max-video-preview:-1"},"canonical":"https:\/\/mineriayproyectos.com\/en\/mineria\/responsabilidad-social\/2026\/08\/31\/antapaccay-aldeas-infantiles-sos-reciclaje\/","og_locale":"en_US","og_type":"article","og_title":"Antapaccay convierte residuos reciclables en apoyo a la ni\u00f1ez - Miner\u00eda y Proyectos","og_description":"Antapaccay y Aldeas Infantiles SOS Per\u00fa valorizar\u00e1n residuos reciclables para generar recursos destinados al apoyo de la ni\u00f1ez.","og_url":"https:\/\/mineriayproyectos.com\/en\/mineria\/responsabilidad-social\/2026\/08\/31\/antapaccay-aldeas-infantiles-sos-reciclaje\/","og_site_name":"Miner\u00eda y Proyectos","article_published_time":"2026-08-31T22:16:42+00:00","article_modified_time":"2026-08-31T22:16:44+00:00","og_image":[{"width":1920,"height":1080,"url":"https:\/\/mineriayproyectos.com\/wp-content\/uploads\/2026\/08\/antapaccay-aldeas-infantiles-sos-reciclaje.jpg","type":"image\/jpeg"}],"author":"Antonio Buendia","twitter_card":"summary_large_image","twitter_misc":{"Written by":"Antonio Buendia","Est. reading time":"3 minutes"},"schema":{"@context":"https:\/\/schema.org","@graph":[{"@type":"Article","@id":"https:\/\/mineriayproyectos.com\/mineria\/responsabilidad-social\/2026\/08\/31\/antapaccay-aldeas-infantiles-sos-reciclaje\/#article","isPartOf":{"@id":"https:\/\/mineriayproyectos.com\/mineria\/responsabilidad-social\/2026\/08\/31\/antapaccay-aldeas-infantiles-sos-reciclaje\/"},"author":{"name":"Antonio Buendia","@id":"https:\/\/mineriayproyectos.com\/#\/schema\/person\/7cb1f3c671dfa5f49d443f8a000667d7"},"headline":"Antapaccay y Aldeas Infantiles SOS Per\u00fa se unen para convertir residuos reciclables en apoyo a la ni\u00f1ez","datePublished":"2026-08-31T22:16:42+00:00","dateModified":"2026-08-31T22:16:44+00:00","mainEntityOfPage":{"@id":"https:\/\/mineriayproyectos.com\/mineria\/responsabilidad-social\/2026\/08\/31\/antapaccay-aldeas-infantiles-sos-reciclaje\/"},"wordCount":581,"commentCount":0,"image":{"@id":"https:\/\/mineriayproyectos.com\/mineria\/responsabilidad-social\/2026\/08\/31\/antapaccay-aldeas-infantiles-sos-reciclaje\/#primaryimage"},"thumbnailUrl":"https:\/\/mineriayproyectos.com\/wp-content\/uploads\/2026\/08\/antapaccay-aldeas-infantiles-sos-reciclaje.jpg","keywords":["Aldeas Infantiles SOS Per\u00fa","Antapaccay"],"articleSection":["Responsabilidad Social"],"inLanguage":"en-US","potentialAction":[{"@type":"CommentAction","name":"Comment","target":["https:\/\/mineriayproyectos.com\/mineria\/responsabilidad-social\/2026\/08\/31\/antapaccay-aldeas-infantiles-sos-reciclaje\/#respond"]}]},{"@type":"WebPage","@id":"https:\/\/mineriayproyectos.com\/mineria\/responsabilidad-social\/2026\/08\/31\/antapaccay-aldeas-infantiles-sos-reciclaje\/","url":"https:\/\/mineriayproyectos.com\/mineria\/responsabilidad-social\/2026\/08\/31\/antapaccay-aldeas-infantiles-sos-reciclaje\/","name":"Antapaccay convierte residuos reciclables en apoyo a la ni\u00f1ez - Miner\u00eda y Proyectos","isPartOf":{"@id":"https:\/\/mineriayproyectos.com\/#website"},"primaryImageOfPage":{"@id":"https:\/\/mineriayproyectos.com\/mineria\/responsabilidad-social\/2026\/08\/31\/antapaccay-aldeas-infantiles-sos-reciclaje\/#primaryimage"},"image":{"@id":"https:\/\/mineriayproyectos.com\/mineria\/responsabilidad-social\/2026\/08\/31\/antapaccay-aldeas-infantiles-sos-reciclaje\/#primaryimage"},"thumbnailUrl":"https:\/\/mineriayproyectos.com\/wp-content\/uploads\/2026\/08\/antapaccay-aldeas-infantiles-sos-reciclaje.jpg","datePublished":"2026-08-31T22:16:42+00:00","dateModified":"2026-08-31T22:16:44+00:00","author":{"@id":"https:\/\/mineriayproyectos.com\/#\/schema\/person\/7cb1f3c671dfa5f49d443f8a000667d7"},"description":"Antapaccay y Aldeas Infantiles SOS Per\u00fa valorizar\u00e1n residuos reciclables para generar recursos destinados al apoyo de la ni\u00f1ez.","breadcrumb":{"@id":"https:\/\/mineriayproyectos.com\/mineria\/responsabilidad-social\/2026\/08\/31\/antapaccay-aldeas-infantiles-sos-reciclaje\/#breadcrumb"},"inLanguage":"en-US","potentialAction":[{"@type":"ReadAction","target":["https:\/\/mineriayproyectos.com\/mineria\/responsabilidad-social\/2026\/08\/31\/antapaccay-aldeas-infantiles-sos-reciclaje\/"]}]},{"@type":"ImageObject","inLanguage":"en-US","@id":"https:\/\/mineriayproyectos.com\/mineria\/responsabilidad-social\/2026\/08\/31\/antapaccay-aldeas-infantiles-sos-reciclaje\/#primaryimage","url":"https:\/\/mineriayproyectos.com\/wp-content\/uploads\/2026\/08\/antapaccay-aldeas-infantiles-sos-reciclaje.jpg","contentUrl":"https:\/\/mineriayproyectos.com\/wp-content\/uploads\/2026\/08\/antapaccay-aldeas-infantiles-sos-reciclaje.jpg","width":1920,"height":1080,"caption":"Antapaccay y Aldeas Infantiles SOS Per\u00fa suscribieron un convenio para convertir residuos reciclables en recursos de apoyo a la ni\u00f1ez."},{"@type":"BreadcrumbList","@id":"https:\/\/mineriayproyectos.com\/mineria\/responsabilidad-social\/2026\/08\/31\/antapaccay-aldeas-infantiles-sos-reciclaje\/#breadcrumb","itemListElement":[{"@type":"ListItem","position":1,"name":"Portada","item":"https:\/\/mineriayproyectos.com\/"},{"@type":"ListItem","position":2,"name":"Antapaccay y Aldeas Infantiles SOS Per\u00fa se unen para convertir residuos reciclables en apoyo a la ni\u00f1ez"}]},{"@type":"WebSite","@id":"https:\/\/mineriayproyectos.com\/#website","url":"https:\/\/mineriayproyectos.com\/","name":"Mining and Projects","description":"","potentialAction":[{"@type":"SearchAction","target":{"@type":"EntryPoint","urlTemplate":"https:\/\/mineriayproyectos.com\/?s={search_term_string}"},"query-input":{"@type":"PropertyValueSpecification","valueRequired":true,"valueName":"search_term_string"}}],"inLanguage":"en-US"},{"@type":"Person","@id":"https:\/\/mineriayproyectos.com\/#\/schema\/person\/7cb1f3c671dfa5f49d443f8a000667d7","name":"Antonio Buendia","image":{"@type":"ImageObject","inLanguage":"en-US","@id":"https:\/\/secure.gravatar.com\/avatar\/42a5a9c8c30dcb55508ba88f85b75cf86c0818b2c6f4da455d7a3cdfc2374e18?s=96&d=mm&r=g","url":"https:\/\/secure.gravatar.com\/avatar\/42a5a9c8c30dcb55508ba88f85b75cf86c0818b2c6f4da455d7a3cdfc2374e18?s=96&d=mm&r=g","contentUrl":"https:\/\/secure.gravatar.com\/avatar\/42a5a9c8c30dcb55508ba88f85b75cf86c0818b2c6f4da455d7a3cdfc2374e18?s=96&d=mm&r=g","caption":"Antonio Buendia"},"url":"https:\/\/mineriayproyectos.com\/en\/author\/antonio-minypro\/"}]}},"_links":{"self":[{"href":"https:\/\/mineriayproyectos.com\/en\/wp-json\/wp\/v2\/posts\/31189","targetHints":{"allow":["GET"]}}],"collection":[{"href":"https:\/\/mineriayproyectos.com\/en\/wp-json\/wp\/v2\/posts"}],"about":[{"href":"https:\/\/mineriayproyectos.com\/en\/wp-json\/wp\/v2\/types\/post"}],"author":[{"embeddable":true,"href":"https:\/\/mineriayproyectos.com\/en\/wp-json\/wp\/v2\/users\/3"}],"replies":[{"embeddable":true,"href":"https:\/\/mineriayproyectos.com\/en\/wp-json\/wp\/v2\/comments?post=31189"}],"version-history":[{"count":0,"href":"https:\/\/mineriayproyectos.com\/en\/wp-json\/wp\/v2\/posts\/31189\/revisions"}],"wp:featuredmedia":[{"embeddable":true,"href":"https:\/\/mineriayproyectos.com\/en\/wp-json\/wp\/v2\/media\/31190"}],"wp:attachment":[{"href":"https:\/\/mineriayproyectos.com\/en\/wp-json\/wp\/v2\/media?parent=31189"}],"wp:term":[{"taxonomy":"category","embeddable":true,"href":"https:\/\/mineriayproyectos.com\/en\/wp-json\/wp\/v2\/categories?post=31189"},{"taxonomy":"post_tag","embeddable":true,"href":"https:\/\/mineriayproyectos.com\/en\/wp-json\/wp\/v2\/tags?post=31189"}],"curies":[{"name":"wp","href":"https:\/\/api.w.org\/{rel}","templated":true}]}}