{"id":31186,"date":"2026-08-31T16:14:51","date_gmt":"2026-08-31T21:14:51","guid":{"rendered":"https:\/\/mineriayproyectos.com\/?p=31186"},"modified":"2026-08-31T16:14:53","modified_gmt":"2026-08-31T21:14:53","slug":"antamina-productores-cuyes-valle-fortaleza","status":"publish","type":"post","link":"https:\/\/mineriayproyectos.com\/en\/mineria\/responsabilidad-social\/2026\/08\/31\/antamina-productores-cuyes-valle-fortaleza\/","title":{"rendered":"Antamina impulsa el XI Festival del Cuy y fortalece la producci\u00f3n del Valle Fortaleza"},"content":{"rendered":"<p class=\"wp-block-paragraph\"><strong>Antamina<\/strong> impulsa el desarrollo de los productores de cuyes del Valle Fortaleza, donde actualmente se venden m\u00e1s de <strong>5,000 ejemplares al mes<\/strong>. Esta actividad genera ingresos superiores a <strong>S\/130,000 mensuales<\/strong> para los productores de la zona.<\/p>\n\n\n\n<p class=\"wp-block-paragraph\">Estos avances fueron destacados durante el XI Festival del Cuy 2026, realizado en Chasquitambo, <a href=\"https:\/\/mineriayproyectos.com\/en\/mineria\/2026\/08\/26\/produccion-plata-ancash-junio-2026\/\" type=\"link\" id=\"https:\/\/mineriayproyectos.com\/mineria\/2026\/08\/26\/produccion-plata-ancash-junio-2026\/\">\u00c1ncash<\/a>. El encuentro fue organizado por la Municipalidad Distrital de Colquioc, con el apoyo de Compa\u00f1\u00eda Minera Antamina y en coordinaci\u00f3n con la UGEL Bolognesi.<\/p>\n\n\n\n<p class=\"wp-block-paragraph\">Adem\u00e1s, se realiz\u00f3 el I Festival de Bandas de M\u00fasicos de las Instituciones Educativas de la provincia de Bolognesi. Ambas actividades promovieron la gastronom\u00eda, la producci\u00f3n local y la identidad cultural. Asimismo, permitieron impulsar el talento musical de los j\u00f3venes.<\/p>\n\n\n\n<h3 class=\"wp-block-heading\"><strong>Antamina trabaja con 170 productores<\/strong><\/h3>\n\n\n\n<p class=\"wp-block-paragraph\">Durante el festival, Lucinda Visscher Butr\u00f3n, gerente de Gesti\u00f3n Social \u2013 Mineroducto de Antamina, destac\u00f3 el trabajo realizado con las familias productoras.<\/p>\n\n\n\n<p class=\"wp-block-paragraph\">\u201cNos sentimos muy felices de poder sumar a la realizaci\u00f3n de estos festivales. A trav\u00e9s del proyecto que ejecutamos en el territorio estamos trabajando con 170 productores, quienes se esfuerzan y asumen compromisos para mejorar la econom\u00eda de sus familias\u201d, se\u00f1al\u00f3.<\/p>\n\n\n\n<p class=\"wp-block-paragraph\">Actualmente, la crianza de cuyes tiene una presencia importante en el Valle Fortaleza. Los productores comercializan <strong>m\u00e1s de 5,000 ejemplares cada mes<\/strong> y generan ingresos superiores a <strong>S\/130,000<\/strong>.<\/p>\n\n\n\n<p class=\"wp-block-paragraph\">Asimismo, cerca de <strong>S\/20,000 mensuales<\/strong> corresponden a la venta de aproximadamente <strong>1,500 gazapos<\/strong>.<\/p>\n\n\n\n<h3 class=\"wp-block-heading\"><strong>Productores buscan acceder a nuevos mercados<\/strong><\/h3>\n\n\n\n<p class=\"wp-block-paragraph\">Otro de los avances est\u00e1 relacionado con la transformaci\u00f3n y comercializaci\u00f3n de la producci\u00f3n.<\/p>\n\n\n\n<p class=\"wp-block-paragraph\">Actualmente, se realizan gestiones con el Servicio Nacional de Sanidad Agraria (SENASA) para certificar el <strong>primer Centro de Transformaci\u00f3n Primaria de cuyes en Chasquitambo<\/strong>.<\/p>\n\n\n\n<p class=\"wp-block-paragraph\">Este proceso se desarrolla mediante un trabajo conjunto con AGROMERCADO. La certificaci\u00f3n permitir\u00e1 ampliar las oportunidades comerciales y facilitar el acceso de los productores a nuevos mercados.<\/p>\n\n\n\n<p class=\"wp-block-paragraph\">De esta manera, el fortalecimiento de la cadena productiva busca generar mayores ingresos para las familias del Valle Fortaleza.<\/p>\n\n\n\n<h3 class=\"wp-block-heading\"><strong>Festival del Cuy reconoce a productores locales<\/strong><\/h3>\n\n\n\n<p class=\"wp-block-paragraph\">The <a href=\"https:\/\/www.antamina.com\/noticias\/chasquitambo-listo-celebrar-xi-festival-cuy-sabor-musica-tradicion-valle-fortaleza\/\" type=\"link\" id=\"https:\/\/www.antamina.com\/noticias\/chasquitambo-listo-celebrar-xi-festival-cuy-sabor-musica-tradicion-valle-fortaleza\/\">XI Festival del Cuy 2026<\/a> tambi\u00e9n permiti\u00f3 mostrar la variedad gastron\u00f3mica y la calidad gen\u00e9tica de los cuyes producidos en la zona.<\/p>\n\n\n\n<p class=\"wp-block-paragraph\">Durante la jornada se premi\u00f3 al mejor plato t\u00edpico e innovador elaborado a base de cuy. Adem\u00e1s, se realizaron las categor\u00edas Gran Campe\u00f3n Hembra y Gran Campe\u00f3n Macho.<\/p>\n\n\n\n<p class=\"wp-block-paragraph\">Por su parte, <strong>Percy Marcelo, de la Comunidad Campesina de Parar\u00edn<\/strong>, obtuvo el reconocimiento al Mejor Galp\u00f3n de Cuyes.<\/p>\n\n\n\n<p class=\"wp-block-paragraph\">La programaci\u00f3n tambi\u00e9n incluy\u00f3 el desfile y concurso Cuy Fashion. Esta actividad permiti\u00f3 mostrar la creatividad y dedicaci\u00f3n de los participantes.<\/p>\n\n\n\n<h3 class=\"wp-block-heading\"><strong>Antamina promueve desarrollo productivo en el Valle Fortaleza<\/strong><\/h3>\n\n\n\n<p class=\"wp-block-paragraph\">El encuentro reuni\u00f3 al alcalde distrital de Colquioc, Javier Garay Ramos, as\u00ed como a representantes de distintas instituciones p\u00fablicas y privadas.<\/p>\n\n\n\n<p class=\"wp-block-paragraph\">Participaron la Municipalidad Distrital de Colquioc, UGEL Bolognesi, Direcci\u00f3n Regional Agraria de \u00c1ncash y Gobierno Regional de \u00c1ncash. Tambi\u00e9n estuvieron presentes AGROMERCADO, SENASA y la Polic\u00eda Nacional del Per\u00fa.<\/p>\n\n\n\n<p class=\"wp-block-paragraph\">Por otro lado, las delegaciones escolares participaron en el Festival de Bandas de M\u00fasicos. Los estudiantes mostraron su talento y contribuyeron a fortalecer la identidad cultural de la provincia de Bolognesi.<\/p>\n\n\n\n<p class=\"wp-block-paragraph\">Con estas iniciativas, <strong>Antamina<\/strong> busca fortalecer el trabajo conjunto entre productores, asociaciones, autoridades e instituciones.<\/p>\n\n\n\n<p class=\"wp-block-paragraph\">El objetivo es mejorar la rentabilidad de las actividades productivas y facilitar el acceso a nuevos mercados. A su vez, estas acciones buscan generar nuevas oportunidades para las familias del Valle Fortaleza.<\/p>\n\n\n\n<p class=\"wp-block-paragraph\">As\u00ed, el desarrollo de la crianza de cuyes se consolida como una alternativa para dinamizar la econom\u00eda local y fortalecer la identidad productiva de esta zona de \u00c1ncash.<\/p>\n\n\n\n<p class=\"wp-block-paragraph\"><\/p>","protected":false},"excerpt":{"rendered":"<p>Antamina impulsa el desarrollo de los productores de cuyes del Valle Fortaleza, donde actualmente se venden m\u00e1s de 5,000 ejemplares al mes. Esta actividad genera ingresos superiores a S\/130,000 mensuales para los productores de la zona. Estos avances fueron destacados durante el XI Festival del Cuy 2026, realizado en Chasquitambo, \u00c1ncash. El encuentro fue organizado [&hellip;]<\/p>\n","protected":false},"author":3,"featured_media":31187,"comment_status":"open","ping_status":"open","sticky":false,"template":"","format":"standard","meta":{"footnotes":""},"categories":[43],"tags":[71,146],"class_list":["post-31186","post","type-post","status-publish","format-standard","has-post-thumbnail","hentry","category-responsabilidad-social","tag-ancash","tag-antamina"],"yoast_head":"<!-- This site is optimized with the Yoast SEO plugin v27.6 - https:\/\/yoast.com\/product\/yoast-seo-wordpress\/ -->\n<title>Antamina impulsa a productores de cuyes del Valle Fortaleza - Miner\u00eda y Proyectos<\/title>\n<meta name=\"description\" content=\"Antamina impulsa a 170 productores de cuyes del Valle Fortaleza, que generan m\u00e1s de S\/130,000 mensuales con esta actividad.\" \/>\n<meta name=\"robots\" content=\"index, follow, max-snippet:-1, max-image-preview:large, max-video-preview:-1\" \/>\n<link rel=\"canonical\" href=\"https:\/\/mineriayproyectos.com\/en\/mineria\/responsabilidad-social\/2026\/08\/31\/antamina-productores-cuyes-valle-fortaleza\/\" \/>\n<meta property=\"og:locale\" content=\"en_US\" \/>\n<meta property=\"og:type\" content=\"article\" \/>\n<meta property=\"og:title\" content=\"Antamina impulsa a productores de cuyes del Valle Fortaleza - Miner\u00eda y Proyectos\" \/>\n<meta property=\"og:description\" content=\"Antamina impulsa a 170 productores de cuyes del Valle Fortaleza, que generan m\u00e1s de S\/130,000 mensuales con esta actividad.\" \/>\n<meta property=\"og:url\" content=\"https:\/\/mineriayproyectos.com\/en\/mineria\/responsabilidad-social\/2026\/08\/31\/antamina-productores-cuyes-valle-fortaleza\/\" \/>\n<meta property=\"og:site_name\" content=\"Miner\u00eda y Proyectos\" \/>\n<meta property=\"article:published_time\" content=\"2026-08-31T21:14:51+00:00\" \/>\n<meta property=\"article:modified_time\" content=\"2026-08-31T21:14:53+00:00\" \/>\n<meta property=\"og:image\" content=\"https:\/\/mineriayproyectos.com\/wp-content\/uploads\/2026\/08\/antamina-productores-cuyes-valle-fortaleza.jpg\" \/>\n\t<meta property=\"og:image:width\" content=\"1920\" \/>\n\t<meta property=\"og:image:height\" content=\"1080\" \/>\n\t<meta property=\"og:image:type\" content=\"image\/jpeg\" \/>\n<meta name=\"author\" content=\"Antonio Buendia\" \/>\n<meta name=\"twitter:card\" content=\"summary_large_image\" \/>\n<meta name=\"twitter:label1\" content=\"Written by\" \/>\n\t<meta name=\"twitter:data1\" content=\"Antonio Buendia\" \/>\n\t<meta name=\"twitter:label2\" content=\"Est. reading time\" \/>\n\t<meta name=\"twitter:data2\" content=\"3 minutes\" \/>\n<script type=\"application\/ld+json\" class=\"yoast-schema-graph\">{\"@context\":\"https:\\\/\\\/schema.org\",\"@graph\":[{\"@type\":\"Article\",\"@id\":\"https:\\\/\\\/mineriayproyectos.com\\\/mineria\\\/responsabilidad-social\\\/2026\\\/08\\\/31\\\/antamina-productores-cuyes-valle-fortaleza\\\/#article\",\"isPartOf\":{\"@id\":\"https:\\\/\\\/mineriayproyectos.com\\\/mineria\\\/responsabilidad-social\\\/2026\\\/08\\\/31\\\/antamina-productores-cuyes-valle-fortaleza\\\/\"},\"author\":{\"name\":\"Antonio Buendia\",\"@id\":\"https:\\\/\\\/mineriayproyectos.com\\\/#\\\/schema\\\/person\\\/7cb1f3c671dfa5f49d443f8a000667d7\"},\"headline\":\"Antamina impulsa el XI Festival del Cuy y fortalece la producci\u00f3n del Valle Fortaleza\",\"datePublished\":\"2026-08-31T21:14:51+00:00\",\"dateModified\":\"2026-08-31T21:14:53+00:00\",\"mainEntityOfPage\":{\"@id\":\"https:\\\/\\\/mineriayproyectos.com\\\/mineria\\\/responsabilidad-social\\\/2026\\\/08\\\/31\\\/antamina-productores-cuyes-valle-fortaleza\\\/\"},\"wordCount\":622,\"commentCount\":0,\"image\":{\"@id\":\"https:\\\/\\\/mineriayproyectos.com\\\/mineria\\\/responsabilidad-social\\\/2026\\\/08\\\/31\\\/antamina-productores-cuyes-valle-fortaleza\\\/#primaryimage\"},\"thumbnailUrl\":\"https:\\\/\\\/mineriayproyectos.com\\\/wp-content\\\/uploads\\\/2026\\\/08\\\/antamina-productores-cuyes-valle-fortaleza.jpg\",\"keywords\":[\"\u00c1ncash\",\"Antamina\"],\"articleSection\":[\"Responsabilidad Social\"],\"inLanguage\":\"en-US\",\"potentialAction\":[{\"@type\":\"CommentAction\",\"name\":\"Comment\",\"target\":[\"https:\\\/\\\/mineriayproyectos.com\\\/mineria\\\/responsabilidad-social\\\/2026\\\/08\\\/31\\\/antamina-productores-cuyes-valle-fortaleza\\\/#respond\"]}]},{\"@type\":\"WebPage\",\"@id\":\"https:\\\/\\\/mineriayproyectos.com\\\/mineria\\\/responsabilidad-social\\\/2026\\\/08\\\/31\\\/antamina-productores-cuyes-valle-fortaleza\\\/\",\"url\":\"https:\\\/\\\/mineriayproyectos.com\\\/mineria\\\/responsabilidad-social\\\/2026\\\/08\\\/31\\\/antamina-productores-cuyes-valle-fortaleza\\\/\",\"name\":\"Antamina impulsa a productores de cuyes del Valle Fortaleza - Miner\u00eda y Proyectos\",\"isPartOf\":{\"@id\":\"https:\\\/\\\/mineriayproyectos.com\\\/#website\"},\"primaryImageOfPage\":{\"@id\":\"https:\\\/\\\/mineriayproyectos.com\\\/mineria\\\/responsabilidad-social\\\/2026\\\/08\\\/31\\\/antamina-productores-cuyes-valle-fortaleza\\\/#primaryimage\"},\"image\":{\"@id\":\"https:\\\/\\\/mineriayproyectos.com\\\/mineria\\\/responsabilidad-social\\\/2026\\\/08\\\/31\\\/antamina-productores-cuyes-valle-fortaleza\\\/#primaryimage\"},\"thumbnailUrl\":\"https:\\\/\\\/mineriayproyectos.com\\\/wp-content\\\/uploads\\\/2026\\\/08\\\/antamina-productores-cuyes-valle-fortaleza.jpg\",\"datePublished\":\"2026-08-31T21:14:51+00:00\",\"dateModified\":\"2026-08-31T21:14:53+00:00\",\"author\":{\"@id\":\"https:\\\/\\\/mineriayproyectos.com\\\/#\\\/schema\\\/person\\\/7cb1f3c671dfa5f49d443f8a000667d7\"},\"description\":\"Antamina impulsa a 170 productores de cuyes del Valle Fortaleza, que generan m\u00e1s de S\\\/130,000 mensuales con esta actividad.\",\"breadcrumb\":{\"@id\":\"https:\\\/\\\/mineriayproyectos.com\\\/mineria\\\/responsabilidad-social\\\/2026\\\/08\\\/31\\\/antamina-productores-cuyes-valle-fortaleza\\\/#breadcrumb\"},\"inLanguage\":\"en-US\",\"potentialAction\":[{\"@type\":\"ReadAction\",\"target\":[\"https:\\\/\\\/mineriayproyectos.com\\\/mineria\\\/responsabilidad-social\\\/2026\\\/08\\\/31\\\/antamina-productores-cuyes-valle-fortaleza\\\/\"]}]},{\"@type\":\"ImageObject\",\"inLanguage\":\"en-US\",\"@id\":\"https:\\\/\\\/mineriayproyectos.com\\\/mineria\\\/responsabilidad-social\\\/2026\\\/08\\\/31\\\/antamina-productores-cuyes-valle-fortaleza\\\/#primaryimage\",\"url\":\"https:\\\/\\\/mineriayproyectos.com\\\/wp-content\\\/uploads\\\/2026\\\/08\\\/antamina-productores-cuyes-valle-fortaleza.jpg\",\"contentUrl\":\"https:\\\/\\\/mineriayproyectos.com\\\/wp-content\\\/uploads\\\/2026\\\/08\\\/antamina-productores-cuyes-valle-fortaleza.jpg\",\"width\":1920,\"height\":1080,\"caption\":\"Antamina apoya el fortalecimiento de productores de cuyes del Valle Fortaleza, donde se comercializan m\u00e1s de 5,000 ejemplares al mes.\"},{\"@type\":\"BreadcrumbList\",\"@id\":\"https:\\\/\\\/mineriayproyectos.com\\\/mineria\\\/responsabilidad-social\\\/2026\\\/08\\\/31\\\/antamina-productores-cuyes-valle-fortaleza\\\/#breadcrumb\",\"itemListElement\":[{\"@type\":\"ListItem\",\"position\":1,\"name\":\"Portada\",\"item\":\"https:\\\/\\\/mineriayproyectos.com\\\/\"},{\"@type\":\"ListItem\",\"position\":2,\"name\":\"Antamina impulsa el XI Festival del Cuy y fortalece la producci\u00f3n del Valle Fortaleza\"}]},{\"@type\":\"WebSite\",\"@id\":\"https:\\\/\\\/mineriayproyectos.com\\\/#website\",\"url\":\"https:\\\/\\\/mineriayproyectos.com\\\/\",\"name\":\"Miner\u00eda y Proyectos\",\"description\":\"\",\"potentialAction\":[{\"@type\":\"SearchAction\",\"target\":{\"@type\":\"EntryPoint\",\"urlTemplate\":\"https:\\\/\\\/mineriayproyectos.com\\\/?s={search_term_string}\"},\"query-input\":{\"@type\":\"PropertyValueSpecification\",\"valueRequired\":true,\"valueName\":\"search_term_string\"}}],\"inLanguage\":\"en-US\"},{\"@type\":\"Person\",\"@id\":\"https:\\\/\\\/mineriayproyectos.com\\\/#\\\/schema\\\/person\\\/7cb1f3c671dfa5f49d443f8a000667d7\",\"name\":\"Antonio Buendia\",\"image\":{\"@type\":\"ImageObject\",\"inLanguage\":\"en-US\",\"@id\":\"https:\\\/\\\/secure.gravatar.com\\\/avatar\\\/42a5a9c8c30dcb55508ba88f85b75cf86c0818b2c6f4da455d7a3cdfc2374e18?s=96&d=mm&r=g\",\"url\":\"https:\\\/\\\/secure.gravatar.com\\\/avatar\\\/42a5a9c8c30dcb55508ba88f85b75cf86c0818b2c6f4da455d7a3cdfc2374e18?s=96&d=mm&r=g\",\"contentUrl\":\"https:\\\/\\\/secure.gravatar.com\\\/avatar\\\/42a5a9c8c30dcb55508ba88f85b75cf86c0818b2c6f4da455d7a3cdfc2374e18?s=96&d=mm&r=g\",\"caption\":\"Antonio Buendia\"},\"url\":\"https:\\\/\\\/mineriayproyectos.com\\\/en\\\/author\\\/antonio-minypro\\\/\"}]}<\/script>\n<!-- \/ Yoast SEO plugin. -->","yoast_head_json":{"title":"Antamina impulsa a productores de cuyes del Valle Fortaleza - Miner\u00eda y Proyectos","description":"Antamina impulsa a 170 productores de cuyes del Valle Fortaleza, que generan m\u00e1s de S\/130,000 mensuales con esta actividad.","robots":{"index":"index","follow":"follow","max-snippet":"max-snippet:-1","max-image-preview":"max-image-preview:large","max-video-preview":"max-video-preview:-1"},"canonical":"https:\/\/mineriayproyectos.com\/en\/mineria\/responsabilidad-social\/2026\/08\/31\/antamina-productores-cuyes-valle-fortaleza\/","og_locale":"en_US","og_type":"article","og_title":"Antamina impulsa a productores de cuyes del Valle Fortaleza - Miner\u00eda y Proyectos","og_description":"Antamina impulsa a 170 productores de cuyes del Valle Fortaleza, que generan m\u00e1s de S\/130,000 mensuales con esta actividad.","og_url":"https:\/\/mineriayproyectos.com\/en\/mineria\/responsabilidad-social\/2026\/08\/31\/antamina-productores-cuyes-valle-fortaleza\/","og_site_name":"Miner\u00eda y Proyectos","article_published_time":"2026-08-31T21:14:51+00:00","article_modified_time":"2026-08-31T21:14:53+00:00","og_image":[{"width":1920,"height":1080,"url":"https:\/\/mineriayproyectos.com\/wp-content\/uploads\/2026\/08\/antamina-productores-cuyes-valle-fortaleza.jpg","type":"image\/jpeg"}],"author":"Antonio Buendia","twitter_card":"summary_large_image","twitter_misc":{"Written by":"Antonio Buendia","Est. reading time":"3 minutes"},"schema":{"@context":"https:\/\/schema.org","@graph":[{"@type":"Article","@id":"https:\/\/mineriayproyectos.com\/mineria\/responsabilidad-social\/2026\/08\/31\/antamina-productores-cuyes-valle-fortaleza\/#article","isPartOf":{"@id":"https:\/\/mineriayproyectos.com\/mineria\/responsabilidad-social\/2026\/08\/31\/antamina-productores-cuyes-valle-fortaleza\/"},"author":{"name":"Antonio Buendia","@id":"https:\/\/mineriayproyectos.com\/#\/schema\/person\/7cb1f3c671dfa5f49d443f8a000667d7"},"headline":"Antamina impulsa el XI Festival del Cuy y fortalece la producci\u00f3n del Valle Fortaleza","datePublished":"2026-08-31T21:14:51+00:00","dateModified":"2026-08-31T21:14:53+00:00","mainEntityOfPage":{"@id":"https:\/\/mineriayproyectos.com\/mineria\/responsabilidad-social\/2026\/08\/31\/antamina-productores-cuyes-valle-fortaleza\/"},"wordCount":622,"commentCount":0,"image":{"@id":"https:\/\/mineriayproyectos.com\/mineria\/responsabilidad-social\/2026\/08\/31\/antamina-productores-cuyes-valle-fortaleza\/#primaryimage"},"thumbnailUrl":"https:\/\/mineriayproyectos.com\/wp-content\/uploads\/2026\/08\/antamina-productores-cuyes-valle-fortaleza.jpg","keywords":["\u00c1ncash","Antamina"],"articleSection":["Responsabilidad Social"],"inLanguage":"en-US","potentialAction":[{"@type":"CommentAction","name":"Comment","target":["https:\/\/mineriayproyectos.com\/mineria\/responsabilidad-social\/2026\/08\/31\/antamina-productores-cuyes-valle-fortaleza\/#respond"]}]},{"@type":"WebPage","@id":"https:\/\/mineriayproyectos.com\/mineria\/responsabilidad-social\/2026\/08\/31\/antamina-productores-cuyes-valle-fortaleza\/","url":"https:\/\/mineriayproyectos.com\/mineria\/responsabilidad-social\/2026\/08\/31\/antamina-productores-cuyes-valle-fortaleza\/","name":"Antamina impulsa a productores de cuyes del Valle Fortaleza - Miner\u00eda y Proyectos","isPartOf":{"@id":"https:\/\/mineriayproyectos.com\/#website"},"primaryImageOfPage":{"@id":"https:\/\/mineriayproyectos.com\/mineria\/responsabilidad-social\/2026\/08\/31\/antamina-productores-cuyes-valle-fortaleza\/#primaryimage"},"image":{"@id":"https:\/\/mineriayproyectos.com\/mineria\/responsabilidad-social\/2026\/08\/31\/antamina-productores-cuyes-valle-fortaleza\/#primaryimage"},"thumbnailUrl":"https:\/\/mineriayproyectos.com\/wp-content\/uploads\/2026\/08\/antamina-productores-cuyes-valle-fortaleza.jpg","datePublished":"2026-08-31T21:14:51+00:00","dateModified":"2026-08-31T21:14:53+00:00","author":{"@id":"https:\/\/mineriayproyectos.com\/#\/schema\/person\/7cb1f3c671dfa5f49d443f8a000667d7"},"description":"Antamina impulsa a 170 productores de cuyes del Valle Fortaleza, que generan m\u00e1s de S\/130,000 mensuales con esta actividad.","breadcrumb":{"@id":"https:\/\/mineriayproyectos.com\/mineria\/responsabilidad-social\/2026\/08\/31\/antamina-productores-cuyes-valle-fortaleza\/#breadcrumb"},"inLanguage":"en-US","potentialAction":[{"@type":"ReadAction","target":["https:\/\/mineriayproyectos.com\/mineria\/responsabilidad-social\/2026\/08\/31\/antamina-productores-cuyes-valle-fortaleza\/"]}]},{"@type":"ImageObject","inLanguage":"en-US","@id":"https:\/\/mineriayproyectos.com\/mineria\/responsabilidad-social\/2026\/08\/31\/antamina-productores-cuyes-valle-fortaleza\/#primaryimage","url":"https:\/\/mineriayproyectos.com\/wp-content\/uploads\/2026\/08\/antamina-productores-cuyes-valle-fortaleza.jpg","contentUrl":"https:\/\/mineriayproyectos.com\/wp-content\/uploads\/2026\/08\/antamina-productores-cuyes-valle-fortaleza.jpg","width":1920,"height":1080,"caption":"Antamina apoya el fortalecimiento de productores de cuyes del Valle Fortaleza, donde se comercializan m\u00e1s de 5,000 ejemplares al mes."},{"@type":"BreadcrumbList","@id":"https:\/\/mineriayproyectos.com\/mineria\/responsabilidad-social\/2026\/08\/31\/antamina-productores-cuyes-valle-fortaleza\/#breadcrumb","itemListElement":[{"@type":"ListItem","position":1,"name":"Portada","item":"https:\/\/mineriayproyectos.com\/"},{"@type":"ListItem","position":2,"name":"Antamina impulsa el XI Festival del Cuy y fortalece la producci\u00f3n del Valle Fortaleza"}]},{"@type":"WebSite","@id":"https:\/\/mineriayproyectos.com\/#website","url":"https:\/\/mineriayproyectos.com\/","name":"Mining and Projects","description":"","potentialAction":[{"@type":"SearchAction","target":{"@type":"EntryPoint","urlTemplate":"https:\/\/mineriayproyectos.com\/?s={search_term_string}"},"query-input":{"@type":"PropertyValueSpecification","valueRequired":true,"valueName":"search_term_string"}}],"inLanguage":"en-US"},{"@type":"Person","@id":"https:\/\/mineriayproyectos.com\/#\/schema\/person\/7cb1f3c671dfa5f49d443f8a000667d7","name":"Antonio Buendia","image":{"@type":"ImageObject","inLanguage":"en-US","@id":"https:\/\/secure.gravatar.com\/avatar\/42a5a9c8c30dcb55508ba88f85b75cf86c0818b2c6f4da455d7a3cdfc2374e18?s=96&d=mm&r=g","url":"https:\/\/secure.gravatar.com\/avatar\/42a5a9c8c30dcb55508ba88f85b75cf86c0818b2c6f4da455d7a3cdfc2374e18?s=96&d=mm&r=g","contentUrl":"https:\/\/secure.gravatar.com\/avatar\/42a5a9c8c30dcb55508ba88f85b75cf86c0818b2c6f4da455d7a3cdfc2374e18?s=96&d=mm&r=g","caption":"Antonio Buendia"},"url":"https:\/\/mineriayproyectos.com\/en\/author\/antonio-minypro\/"}]}},"_links":{"self":[{"href":"https:\/\/mineriayproyectos.com\/en\/wp-json\/wp\/v2\/posts\/31186","targetHints":{"allow":["GET"]}}],"collection":[{"href":"https:\/\/mineriayproyectos.com\/en\/wp-json\/wp\/v2\/posts"}],"about":[{"href":"https:\/\/mineriayproyectos.com\/en\/wp-json\/wp\/v2\/types\/post"}],"author":[{"embeddable":true,"href":"https:\/\/mineriayproyectos.com\/en\/wp-json\/wp\/v2\/users\/3"}],"replies":[{"embeddable":true,"href":"https:\/\/mineriayproyectos.com\/en\/wp-json\/wp\/v2\/comments?post=31186"}],"version-history":[{"count":0,"href":"https:\/\/mineriayproyectos.com\/en\/wp-json\/wp\/v2\/posts\/31186\/revisions"}],"wp:featuredmedia":[{"embeddable":true,"href":"https:\/\/mineriayproyectos.com\/en\/wp-json\/wp\/v2\/media\/31187"}],"wp:attachment":[{"href":"https:\/\/mineriayproyectos.com\/en\/wp-json\/wp\/v2\/media?parent=31186"}],"wp:term":[{"taxonomy":"category","embeddable":true,"href":"https:\/\/mineriayproyectos.com\/en\/wp-json\/wp\/v2\/categories?post=31186"},{"taxonomy":"post_tag","embeddable":true,"href":"https:\/\/mineriayproyectos.com\/en\/wp-json\/wp\/v2\/tags?post=31186"}],"curies":[{"name":"wp","href":"https:\/\/api.w.org\/{rel}","templated":true}]}}