{"id":31183,"date":"2026-08-31T15:18:28","date_gmt":"2026-08-31T20:18:28","guid":{"rendered":"https:\/\/mineriayproyectos.com\/?p=31183"},"modified":"2026-08-31T15:18:30","modified_gmt":"2026-08-31T20:18:30","slug":"empleo-minero-trabajadores-cambio-empleo","status":"publish","type":"post","link":"https:\/\/mineriayproyectos.com\/en\/mineria\/2026\/08\/31\/empleo-minero-trabajadores-cambio-empleo\/","title":{"rendered":"Nueve de cada 10 trabajadores del sector minero eval\u00faan cambiar de empleo"},"content":{"rendered":"<p class=\"wp-block-paragraph\">The <strong>empleo minero<\/strong> enfrenta un desaf\u00edo que va m\u00e1s all\u00e1 de ofrecer salarios competitivos. Nueve de cada 10 trabajadores del sector eval\u00faan cambiar de empleo, pese a que el 62% manifiesta satisfacci\u00f3n con sus salarios y beneficios, seg\u00fan el estudio Panorama del Mercado Laboral Per\u00fa 2026 de <a href=\"https:\/\/www.manpowergroup.pe\/wps\/portal\/manpowergroup\/pe\" type=\"link\" id=\"https:\/\/www.manpowergroup.pe\/wps\/portal\/manpowergroup\/pe\">ManpowerGroup<\/a>.<\/p>\n\n\n\n<p class=\"wp-block-paragraph\">Este escenario est\u00e1 llevando a las compa\u00f1\u00edas mineras a reforzar sus estrategias para atraer y, especialmente, retener profesionales. Adem\u00e1s de las remuneraciones, factores como los reg\u00edmenes de trabajo, las condiciones en los campamentos, el transporte, el desarrollo profesional y la conexi\u00f3n con las familias est\u00e1n adquiriendo mayor relevancia.<\/p>\n\n\n\n<p class=\"wp-block-paragraph\">\u201cLas mineras han pasado de competir principalmente con salario y bonos a ofrecer una propuesta m\u00e1s integral. Para los puestos cr\u00edticos siguen ajustando remuneraciones, pero tambi\u00e9n est\u00e1n priorizando mejores condiciones durante el r\u00e9gimen\u201d, se\u00f1al\u00f3 Danitza Salas Fuentes, directora de Miner\u00eda de ManpowerGroup.<\/p>\n\n\n\n<h3 class=\"wp-block-heading\"><strong>Retener talento se convierte en un desaf\u00edo para la miner\u00eda<\/strong><\/h3>\n\n\n\n<p class=\"wp-block-paragraph\">Uno de los factores que influye en la permanencia de los trabajadores son los horarios asociados a las operaciones mineras. Dependiendo de la ubicaci\u00f3n de cada unidad, las empresas aplican diferentes reg\u00edmenes, como 5&#215;2 o 10&#215;15, entre otras modalidades.<\/p>\n\n\n\n<p class=\"wp-block-paragraph\">Para Roque Benavides, presidente del directorio de <a href=\"https:\/\/mineriayproyectos.com\/en\/mineria\/2026\/08\/18\/buenaventura-50-mayores-mineras-mundo-2040\/\" type=\"link\" id=\"https:\/\/mineriayproyectos.com\/mineria\/2026\/08\/18\/buenaventura-50-mayores-mineras-mundo-2040\/\">Compa\u00f1\u00eda de Minas Buenaventura<\/a>, estas condiciones representan uno de los principales desaf\u00edos para la retenci\u00f3n del talento.<\/p>\n\n\n\n<p class=\"wp-block-paragraph\">A ello se suma la dificultad para encontrar profesionales experimentados. <strong>V\u00edctor Gobitz<\/strong>, presidente y CEO de <strong>Quilla Resources Inc<\/strong>., advierte que existe un fuerte reto para incorporar perfiles con alrededor de 10 a\u00f1os de experiencia.<\/p>\n\n\n\n<p class=\"wp-block-paragraph\">Esta situaci\u00f3n obliga a complementar la oferta econ\u00f3mica con otros atributos, como el transporte hacia las unidades mineras y una adecuada organizaci\u00f3n de los periodos de trabajo y descanso.<\/p>\n\n\n\n<p class=\"wp-block-paragraph\">El desaf\u00edo es especialmente relevante para determinados perfiles t\u00e9cnicos. Entre los profesionales con mayor demanda en la miner\u00eda subterr\u00e1nea se encuentran <strong>ingenieros de minas, ge\u00f3logos, geomec\u00e1nicos e ingenieros de ventilaci\u00f3n<\/strong>.<\/p>\n\n\n\n<h3 class=\"wp-block-heading\"><strong>Seguridad tambi\u00e9n influye en el empleo minero<\/strong><\/h3>\n\n\n\n<p class=\"wp-block-paragraph\">Las condiciones laborales adquieren caracter\u00edsticas particulares dependiendo de la zona donde se desarrolla la operaci\u00f3n. En Pataz, por ejemplo, la inseguridad relacionada con la miner\u00eda ilegal y el crimen organizado se ha convertido en un factor adicional para <a href=\"https:\/\/mineriayproyectos.com\/en\/mineria\/responsabilidad-social\/2026\/08\/12\/minera-poderosa-defensa-riberena-rio-tingo\/\" type=\"link\" id=\"https:\/\/mineriayproyectos.com\/mineria\/responsabilidad-social\/2026\/08\/12\/minera-poderosa-defensa-riberena-rio-tingo\/\">Minera Poderosa<\/a>.<\/p>\n\n\n\n<p class=\"wp-block-paragraph\">Jos\u00e9 Elejalde, gerente de Administraci\u00f3n, Finanzas y Comercializaci\u00f3n de la compa\u00f1\u00eda, indic\u00f3 que la empresa destina recursos tanto a reforzar la seguridad como al acompa\u00f1amiento de sus trabajadores.<\/p>\n\n\n\n<p class=\"wp-block-paragraph\">\u201cInvertimos millones de soles en robustecer nuestra seguridad patrimonial, as\u00ed como en ofrecer un soporte integral de salud mental y acompa\u00f1amiento al personal\u201d, afirm\u00f3.<\/p>\n\n\n\n<p class=\"wp-block-paragraph\">Frente a estos desaf\u00edos, las empresas est\u00e1n ampliando su propuesta de valor. Gobitz considera que uno de los elementos diferenciadores es promover el desarrollo profesional y conseguir que la experiencia adquirida contribuya a mejorar la empleabilidad futura de los trabajadores.<\/p>\n\n\n\n<h3 class=\"wp-block-heading\"><strong>Mineras mejoran condiciones y servicios para retener trabajadores<\/strong><\/h3>\n\n\n\n<p class=\"wp-block-paragraph\">La calidad de vida durante los d\u00edas de permanencia en las unidades mineras tambi\u00e9n forma parte de las estrategias de retenci\u00f3n.<\/p>\n\n\n\n<p class=\"wp-block-paragraph\">Benavides explic\u00f3 que <strong>Buenaventura<\/strong> cuenta con gimnasios y servicios de alimentaci\u00f3n en sus operaciones. Sin embargo, se\u00f1al\u00f3 que las condiciones deben adaptarse a las caracter\u00edsticas y distancia de cada yacimiento.<\/p>\n\n\n\n<p class=\"wp-block-paragraph\">\u201cEn todas nuestras unidades tenemos gimnasios y las mejores empresas de catering. En cuanto a horarios, depende de qu\u00e9 tan lejano sea el yacimiento, porque es distinto trasladarse dos horas a Lima por tierra que trasladarse 10 horas desde la mina de Orcopampa hacia <strong>Arequipa<\/strong>. Debemos tener mucha sensibilidad con nuestra gente\u201d, sostuvo.<\/p>\n\n\n\n<p class=\"wp-block-paragraph\">Minera Poderosa tambi\u00e9n ha realizado cambios en sus instalaciones. La compa\u00f1\u00eda destaca la evoluci\u00f3n desde los antiguos campamentos hacia infraestructuras con mejores condiciones de alojamiento, mantenimiento permanente, renovaci\u00f3n de colchones y ropa de cama, adem\u00e1s de acceso a redes Wi-Fi.<\/p>\n\n\n\n<p class=\"wp-block-paragraph\">\u201cTrabajamos en la excelencia de los servicios diarios, logrando la estandarizaci\u00f3n de la limpieza, vestuarios repotenciados con innovaci\u00f3n tecnol\u00f3gica, agua caliente permanente y lavander\u00edas al 100% de operatividad, etc.\u201d, se\u00f1al\u00f3 Elejalde.<\/p>\n\n\n\n<h3 class=\"wp-block-heading\"><strong>Salarios mineros se mantienen entre los m\u00e1s competitivos<\/strong><\/h3>\n\n\n\n<p class=\"wp-block-paragraph\">Las remuneraciones contin\u00faan siendo un componente importante del <strong>empleo minero<\/strong>. Seg\u00fan ManpowerGroup, los directores del sector pueden percibir salarios hasta <strong>20% superiores<\/strong> a los de posiciones equivalentes en otras industrias.<\/p>\n\n\n\n<p class=\"wp-block-paragraph\">Adem\u00e1s, los ejecutivos permanecen en promedio m\u00e1s de cuatro a\u00f1os en sus puestos, frente a los 3.7 a\u00f1os registrados en el mercado laboral general. Sin embargo, los perfiles t\u00e9cnicos y operativos presentan una mayor movilidad.<\/p>\n\n\n\n<p class=\"wp-block-paragraph\">Desde Minera Poderosa se\u00f1alan que la evoluci\u00f3n de las remuneraciones responde a una estrategia de <strong>compensaci\u00f3n total<\/strong>, en un contexto de fuerte competencia entre compa\u00f1\u00edas por los profesionales especializados.<\/p>\n\n\n\n<p class=\"wp-block-paragraph\">Gobitz agrega que los esquemas salariales tambi\u00e9n han evolucionado hacia modelos que combinan componentes fijos y variables. Estos \u00faltimos pueden estar asociados al cumplimiento de objetivos anuales y multianuales, con horizontes de entre tres y cinco a\u00f1os.<\/p>\n\n\n\n<p class=\"wp-block-paragraph\">A estos elementos se suma la reputaci\u00f3n de la compa\u00f1\u00eda empleadora. Para Benavides, el prestigio empresarial tambi\u00e9n forma parte de los factores que los profesionales consideran al evaluar d\u00f3nde desarrollar su carrera.<\/p>\n\n\n\n<p class=\"wp-block-paragraph\">De esta manera, la competencia por el talento muestra que <strong>el salario ya no es suficiente para garantizar la permanencia de los trabajadores<\/strong>. Las condiciones del r\u00e9gimen laboral, la calidad de vida, la seguridad, las oportunidades de desarrollo y los beneficios complementarios est\u00e1n adquiriendo un peso cada vez mayor en el <strong>empleo minero<\/strong>.<\/p>","protected":false},"excerpt":{"rendered":"<p>El empleo minero enfrenta un desaf\u00edo que va m\u00e1s all\u00e1 de ofrecer salarios competitivos. Nueve de cada 10 trabajadores del sector eval\u00faan cambiar de empleo, pese a que el 62% manifiesta satisfacci\u00f3n con sus salarios y beneficios, seg\u00fan el estudio Panorama del Mercado Laboral Per\u00fa 2026 de ManpowerGroup. Este escenario est\u00e1 llevando a las compa\u00f1\u00edas [&hellip;]<\/p>\n","protected":false},"author":3,"featured_media":31184,"comment_status":"open","ping_status":"open","sticky":false,"template":"","format":"standard","meta":{"footnotes":""},"categories":[10],"tags":[1098,262,1045],"class_list":["post-31183","post","type-post","status-publish","format-standard","has-post-thumbnail","hentry","category-mineria","tag-destacado","tag-empleo-minero","tag-manpowergroup"],"yoast_head":"<!-- This site is optimized with the Yoast SEO plugin v27.6 - https:\/\/yoast.com\/product\/yoast-seo-wordpress\/ -->\n<title>Empleo minero: 90% de trabajadores eval\u00faa cambiar de trabajo - Miner\u00eda y Proyectos<\/title>\n<meta name=\"description\" content=\"Empleo minero enfrenta retos de retenci\u00f3n mientras nueve de cada 10 trabajadores del sector eval\u00faan cambiar de trabajo.\" \/>\n<meta name=\"robots\" content=\"index, follow, max-snippet:-1, max-image-preview:large, max-video-preview:-1\" \/>\n<link rel=\"canonical\" href=\"https:\/\/mineriayproyectos.com\/en\/mineria\/2026\/08\/31\/empleo-minero-trabajadores-cambio-empleo\/\" \/>\n<meta property=\"og:locale\" content=\"en_US\" \/>\n<meta property=\"og:type\" content=\"article\" \/>\n<meta property=\"og:title\" content=\"Empleo minero: 90% de trabajadores eval\u00faa cambiar de trabajo - Miner\u00eda y Proyectos\" \/>\n<meta property=\"og:description\" content=\"Empleo minero enfrenta retos de retenci\u00f3n mientras nueve de cada 10 trabajadores del sector eval\u00faan cambiar de trabajo.\" \/>\n<meta property=\"og:url\" content=\"https:\/\/mineriayproyectos.com\/en\/mineria\/2026\/08\/31\/empleo-minero-trabajadores-cambio-empleo\/\" \/>\n<meta property=\"og:site_name\" content=\"Miner\u00eda y Proyectos\" \/>\n<meta property=\"article:published_time\" content=\"2026-08-31T20:18:28+00:00\" \/>\n<meta property=\"article:modified_time\" content=\"2026-08-31T20:18:30+00:00\" \/>\n<meta property=\"og:image\" content=\"https:\/\/mineriayproyectos.com\/wp-content\/uploads\/2026\/08\/empleo-minero-trabajadores-cambio-empleo.jpg\" \/>\n\t<meta property=\"og:image:width\" content=\"1920\" \/>\n\t<meta property=\"og:image:height\" content=\"1080\" \/>\n\t<meta property=\"og:image:type\" content=\"image\/jpeg\" \/>\n<meta name=\"author\" content=\"Antonio Buendia\" \/>\n<meta name=\"twitter:card\" content=\"summary_large_image\" \/>\n<meta name=\"twitter:label1\" content=\"Written by\" \/>\n\t<meta name=\"twitter:data1\" content=\"Antonio Buendia\" \/>\n\t<meta name=\"twitter:label2\" content=\"Est. reading time\" \/>\n\t<meta name=\"twitter:data2\" content=\"5 minutes\" \/>\n<script type=\"application\/ld+json\" class=\"yoast-schema-graph\">{\"@context\":\"https:\\\/\\\/schema.org\",\"@graph\":[{\"@type\":\"Article\",\"@id\":\"https:\\\/\\\/mineriayproyectos.com\\\/mineria\\\/2026\\\/08\\\/31\\\/empleo-minero-trabajadores-cambio-empleo\\\/#article\",\"isPartOf\":{\"@id\":\"https:\\\/\\\/mineriayproyectos.com\\\/mineria\\\/2026\\\/08\\\/31\\\/empleo-minero-trabajadores-cambio-empleo\\\/\"},\"author\":{\"name\":\"Antonio Buendia\",\"@id\":\"https:\\\/\\\/mineriayproyectos.com\\\/#\\\/schema\\\/person\\\/7cb1f3c671dfa5f49d443f8a000667d7\"},\"headline\":\"Nueve de cada 10 trabajadores del sector minero eval\u00faan cambiar de empleo\",\"datePublished\":\"2026-08-31T20:18:28+00:00\",\"dateModified\":\"2026-08-31T20:18:30+00:00\",\"mainEntityOfPage\":{\"@id\":\"https:\\\/\\\/mineriayproyectos.com\\\/mineria\\\/2026\\\/08\\\/31\\\/empleo-minero-trabajadores-cambio-empleo\\\/\"},\"wordCount\":938,\"commentCount\":0,\"image\":{\"@id\":\"https:\\\/\\\/mineriayproyectos.com\\\/mineria\\\/2026\\\/08\\\/31\\\/empleo-minero-trabajadores-cambio-empleo\\\/#primaryimage\"},\"thumbnailUrl\":\"https:\\\/\\\/mineriayproyectos.com\\\/wp-content\\\/uploads\\\/2026\\\/08\\\/empleo-minero-trabajadores-cambio-empleo.jpg\",\"keywords\":[\"Destacado\",\"Empleo minero\",\"ManpowerGroup\"],\"articleSection\":[\"Miner\u00eda\"],\"inLanguage\":\"en-US\",\"potentialAction\":[{\"@type\":\"CommentAction\",\"name\":\"Comment\",\"target\":[\"https:\\\/\\\/mineriayproyectos.com\\\/mineria\\\/2026\\\/08\\\/31\\\/empleo-minero-trabajadores-cambio-empleo\\\/#respond\"]}]},{\"@type\":\"WebPage\",\"@id\":\"https:\\\/\\\/mineriayproyectos.com\\\/mineria\\\/2026\\\/08\\\/31\\\/empleo-minero-trabajadores-cambio-empleo\\\/\",\"url\":\"https:\\\/\\\/mineriayproyectos.com\\\/mineria\\\/2026\\\/08\\\/31\\\/empleo-minero-trabajadores-cambio-empleo\\\/\",\"name\":\"Empleo minero: 90% de trabajadores eval\u00faa cambiar de trabajo - Miner\u00eda y Proyectos\",\"isPartOf\":{\"@id\":\"https:\\\/\\\/mineriayproyectos.com\\\/#website\"},\"primaryImageOfPage\":{\"@id\":\"https:\\\/\\\/mineriayproyectos.com\\\/mineria\\\/2026\\\/08\\\/31\\\/empleo-minero-trabajadores-cambio-empleo\\\/#primaryimage\"},\"image\":{\"@id\":\"https:\\\/\\\/mineriayproyectos.com\\\/mineria\\\/2026\\\/08\\\/31\\\/empleo-minero-trabajadores-cambio-empleo\\\/#primaryimage\"},\"thumbnailUrl\":\"https:\\\/\\\/mineriayproyectos.com\\\/wp-content\\\/uploads\\\/2026\\\/08\\\/empleo-minero-trabajadores-cambio-empleo.jpg\",\"datePublished\":\"2026-08-31T20:18:28+00:00\",\"dateModified\":\"2026-08-31T20:18:30+00:00\",\"author\":{\"@id\":\"https:\\\/\\\/mineriayproyectos.com\\\/#\\\/schema\\\/person\\\/7cb1f3c671dfa5f49d443f8a000667d7\"},\"description\":\"Empleo minero enfrenta retos de retenci\u00f3n mientras nueve de cada 10 trabajadores del sector eval\u00faan cambiar de trabajo.\",\"breadcrumb\":{\"@id\":\"https:\\\/\\\/mineriayproyectos.com\\\/mineria\\\/2026\\\/08\\\/31\\\/empleo-minero-trabajadores-cambio-empleo\\\/#breadcrumb\"},\"inLanguage\":\"en-US\",\"potentialAction\":[{\"@type\":\"ReadAction\",\"target\":[\"https:\\\/\\\/mineriayproyectos.com\\\/mineria\\\/2026\\\/08\\\/31\\\/empleo-minero-trabajadores-cambio-empleo\\\/\"]}]},{\"@type\":\"ImageObject\",\"inLanguage\":\"en-US\",\"@id\":\"https:\\\/\\\/mineriayproyectos.com\\\/mineria\\\/2026\\\/08\\\/31\\\/empleo-minero-trabajadores-cambio-empleo\\\/#primaryimage\",\"url\":\"https:\\\/\\\/mineriayproyectos.com\\\/wp-content\\\/uploads\\\/2026\\\/08\\\/empleo-minero-trabajadores-cambio-empleo.jpg\",\"contentUrl\":\"https:\\\/\\\/mineriayproyectos.com\\\/wp-content\\\/uploads\\\/2026\\\/08\\\/empleo-minero-trabajadores-cambio-empleo.jpg\",\"width\":1920,\"height\":1080,\"caption\":\"Nueve de cada 10 trabajadores del sector minero eval\u00faan cambiar de empleo, seg\u00fan el Panorama del Mercado Laboral Per\u00fa 2026 de ManpowerGroup.\"},{\"@type\":\"BreadcrumbList\",\"@id\":\"https:\\\/\\\/mineriayproyectos.com\\\/mineria\\\/2026\\\/08\\\/31\\\/empleo-minero-trabajadores-cambio-empleo\\\/#breadcrumb\",\"itemListElement\":[{\"@type\":\"ListItem\",\"position\":1,\"name\":\"Portada\",\"item\":\"https:\\\/\\\/mineriayproyectos.com\\\/\"},{\"@type\":\"ListItem\",\"position\":2,\"name\":\"Nueve de cada 10 trabajadores del sector minero eval\u00faan cambiar de empleo\"}]},{\"@type\":\"WebSite\",\"@id\":\"https:\\\/\\\/mineriayproyectos.com\\\/#website\",\"url\":\"https:\\\/\\\/mineriayproyectos.com\\\/\",\"name\":\"Miner\u00eda y Proyectos\",\"description\":\"\",\"potentialAction\":[{\"@type\":\"SearchAction\",\"target\":{\"@type\":\"EntryPoint\",\"urlTemplate\":\"https:\\\/\\\/mineriayproyectos.com\\\/?s={search_term_string}\"},\"query-input\":{\"@type\":\"PropertyValueSpecification\",\"valueRequired\":true,\"valueName\":\"search_term_string\"}}],\"inLanguage\":\"en-US\"},{\"@type\":\"Person\",\"@id\":\"https:\\\/\\\/mineriayproyectos.com\\\/#\\\/schema\\\/person\\\/7cb1f3c671dfa5f49d443f8a000667d7\",\"name\":\"Antonio Buendia\",\"image\":{\"@type\":\"ImageObject\",\"inLanguage\":\"en-US\",\"@id\":\"https:\\\/\\\/secure.gravatar.com\\\/avatar\\\/42a5a9c8c30dcb55508ba88f85b75cf86c0818b2c6f4da455d7a3cdfc2374e18?s=96&d=mm&r=g\",\"url\":\"https:\\\/\\\/secure.gravatar.com\\\/avatar\\\/42a5a9c8c30dcb55508ba88f85b75cf86c0818b2c6f4da455d7a3cdfc2374e18?s=96&d=mm&r=g\",\"contentUrl\":\"https:\\\/\\\/secure.gravatar.com\\\/avatar\\\/42a5a9c8c30dcb55508ba88f85b75cf86c0818b2c6f4da455d7a3cdfc2374e18?s=96&d=mm&r=g\",\"caption\":\"Antonio Buendia\"},\"url\":\"https:\\\/\\\/mineriayproyectos.com\\\/en\\\/author\\\/antonio-minypro\\\/\"}]}<\/script>\n<!-- \/ Yoast SEO plugin. -->","yoast_head_json":{"title":"Empleo minero: 90% de trabajadores eval\u00faa cambiar de trabajo - Miner\u00eda y Proyectos","description":"Empleo minero enfrenta retos de retenci\u00f3n mientras nueve de cada 10 trabajadores del sector eval\u00faan cambiar de trabajo.","robots":{"index":"index","follow":"follow","max-snippet":"max-snippet:-1","max-image-preview":"max-image-preview:large","max-video-preview":"max-video-preview:-1"},"canonical":"https:\/\/mineriayproyectos.com\/en\/mineria\/2026\/08\/31\/empleo-minero-trabajadores-cambio-empleo\/","og_locale":"en_US","og_type":"article","og_title":"Empleo minero: 90% de trabajadores eval\u00faa cambiar de trabajo - Miner\u00eda y Proyectos","og_description":"Empleo minero enfrenta retos de retenci\u00f3n mientras nueve de cada 10 trabajadores del sector eval\u00faan cambiar de trabajo.","og_url":"https:\/\/mineriayproyectos.com\/en\/mineria\/2026\/08\/31\/empleo-minero-trabajadores-cambio-empleo\/","og_site_name":"Miner\u00eda y Proyectos","article_published_time":"2026-08-31T20:18:28+00:00","article_modified_time":"2026-08-31T20:18:30+00:00","og_image":[{"width":1920,"height":1080,"url":"https:\/\/mineriayproyectos.com\/wp-content\/uploads\/2026\/08\/empleo-minero-trabajadores-cambio-empleo.jpg","type":"image\/jpeg"}],"author":"Antonio Buendia","twitter_card":"summary_large_image","twitter_misc":{"Written by":"Antonio Buendia","Est. reading time":"5 minutes"},"schema":{"@context":"https:\/\/schema.org","@graph":[{"@type":"Article","@id":"https:\/\/mineriayproyectos.com\/mineria\/2026\/08\/31\/empleo-minero-trabajadores-cambio-empleo\/#article","isPartOf":{"@id":"https:\/\/mineriayproyectos.com\/mineria\/2026\/08\/31\/empleo-minero-trabajadores-cambio-empleo\/"},"author":{"name":"Antonio Buendia","@id":"https:\/\/mineriayproyectos.com\/#\/schema\/person\/7cb1f3c671dfa5f49d443f8a000667d7"},"headline":"Nueve de cada 10 trabajadores del sector minero eval\u00faan cambiar de empleo","datePublished":"2026-08-31T20:18:28+00:00","dateModified":"2026-08-31T20:18:30+00:00","mainEntityOfPage":{"@id":"https:\/\/mineriayproyectos.com\/mineria\/2026\/08\/31\/empleo-minero-trabajadores-cambio-empleo\/"},"wordCount":938,"commentCount":0,"image":{"@id":"https:\/\/mineriayproyectos.com\/mineria\/2026\/08\/31\/empleo-minero-trabajadores-cambio-empleo\/#primaryimage"},"thumbnailUrl":"https:\/\/mineriayproyectos.com\/wp-content\/uploads\/2026\/08\/empleo-minero-trabajadores-cambio-empleo.jpg","keywords":["Destacado","Empleo minero","ManpowerGroup"],"articleSection":["Miner\u00eda"],"inLanguage":"en-US","potentialAction":[{"@type":"CommentAction","name":"Comment","target":["https:\/\/mineriayproyectos.com\/mineria\/2026\/08\/31\/empleo-minero-trabajadores-cambio-empleo\/#respond"]}]},{"@type":"WebPage","@id":"https:\/\/mineriayproyectos.com\/mineria\/2026\/08\/31\/empleo-minero-trabajadores-cambio-empleo\/","url":"https:\/\/mineriayproyectos.com\/mineria\/2026\/08\/31\/empleo-minero-trabajadores-cambio-empleo\/","name":"Empleo minero: 90% de trabajadores eval\u00faa cambiar de trabajo - Miner\u00eda y Proyectos","isPartOf":{"@id":"https:\/\/mineriayproyectos.com\/#website"},"primaryImageOfPage":{"@id":"https:\/\/mineriayproyectos.com\/mineria\/2026\/08\/31\/empleo-minero-trabajadores-cambio-empleo\/#primaryimage"},"image":{"@id":"https:\/\/mineriayproyectos.com\/mineria\/2026\/08\/31\/empleo-minero-trabajadores-cambio-empleo\/#primaryimage"},"thumbnailUrl":"https:\/\/mineriayproyectos.com\/wp-content\/uploads\/2026\/08\/empleo-minero-trabajadores-cambio-empleo.jpg","datePublished":"2026-08-31T20:18:28+00:00","dateModified":"2026-08-31T20:18:30+00:00","author":{"@id":"https:\/\/mineriayproyectos.com\/#\/schema\/person\/7cb1f3c671dfa5f49d443f8a000667d7"},"description":"Empleo minero enfrenta retos de retenci\u00f3n mientras nueve de cada 10 trabajadores del sector eval\u00faan cambiar de trabajo.","breadcrumb":{"@id":"https:\/\/mineriayproyectos.com\/mineria\/2026\/08\/31\/empleo-minero-trabajadores-cambio-empleo\/#breadcrumb"},"inLanguage":"en-US","potentialAction":[{"@type":"ReadAction","target":["https:\/\/mineriayproyectos.com\/mineria\/2026\/08\/31\/empleo-minero-trabajadores-cambio-empleo\/"]}]},{"@type":"ImageObject","inLanguage":"en-US","@id":"https:\/\/mineriayproyectos.com\/mineria\/2026\/08\/31\/empleo-minero-trabajadores-cambio-empleo\/#primaryimage","url":"https:\/\/mineriayproyectos.com\/wp-content\/uploads\/2026\/08\/empleo-minero-trabajadores-cambio-empleo.jpg","contentUrl":"https:\/\/mineriayproyectos.com\/wp-content\/uploads\/2026\/08\/empleo-minero-trabajadores-cambio-empleo.jpg","width":1920,"height":1080,"caption":"Nueve de cada 10 trabajadores del sector minero eval\u00faan cambiar de empleo, seg\u00fan el Panorama del Mercado Laboral Per\u00fa 2026 de ManpowerGroup."},{"@type":"BreadcrumbList","@id":"https:\/\/mineriayproyectos.com\/mineria\/2026\/08\/31\/empleo-minero-trabajadores-cambio-empleo\/#breadcrumb","itemListElement":[{"@type":"ListItem","position":1,"name":"Portada","item":"https:\/\/mineriayproyectos.com\/"},{"@type":"ListItem","position":2,"name":"Nueve de cada 10 trabajadores del sector minero eval\u00faan cambiar de empleo"}]},{"@type":"WebSite","@id":"https:\/\/mineriayproyectos.com\/#website","url":"https:\/\/mineriayproyectos.com\/","name":"Mining and Projects","description":"","potentialAction":[{"@type":"SearchAction","target":{"@type":"EntryPoint","urlTemplate":"https:\/\/mineriayproyectos.com\/?s={search_term_string}"},"query-input":{"@type":"PropertyValueSpecification","valueRequired":true,"valueName":"search_term_string"}}],"inLanguage":"en-US"},{"@type":"Person","@id":"https:\/\/mineriayproyectos.com\/#\/schema\/person\/7cb1f3c671dfa5f49d443f8a000667d7","name":"Antonio Buendia","image":{"@type":"ImageObject","inLanguage":"en-US","@id":"https:\/\/secure.gravatar.com\/avatar\/42a5a9c8c30dcb55508ba88f85b75cf86c0818b2c6f4da455d7a3cdfc2374e18?s=96&d=mm&r=g","url":"https:\/\/secure.gravatar.com\/avatar\/42a5a9c8c30dcb55508ba88f85b75cf86c0818b2c6f4da455d7a3cdfc2374e18?s=96&d=mm&r=g","contentUrl":"https:\/\/secure.gravatar.com\/avatar\/42a5a9c8c30dcb55508ba88f85b75cf86c0818b2c6f4da455d7a3cdfc2374e18?s=96&d=mm&r=g","caption":"Antonio Buendia"},"url":"https:\/\/mineriayproyectos.com\/en\/author\/antonio-minypro\/"}]}},"_links":{"self":[{"href":"https:\/\/mineriayproyectos.com\/en\/wp-json\/wp\/v2\/posts\/31183","targetHints":{"allow":["GET"]}}],"collection":[{"href":"https:\/\/mineriayproyectos.com\/en\/wp-json\/wp\/v2\/posts"}],"about":[{"href":"https:\/\/mineriayproyectos.com\/en\/wp-json\/wp\/v2\/types\/post"}],"author":[{"embeddable":true,"href":"https:\/\/mineriayproyectos.com\/en\/wp-json\/wp\/v2\/users\/3"}],"replies":[{"embeddable":true,"href":"https:\/\/mineriayproyectos.com\/en\/wp-json\/wp\/v2\/comments?post=31183"}],"version-history":[{"count":0,"href":"https:\/\/mineriayproyectos.com\/en\/wp-json\/wp\/v2\/posts\/31183\/revisions"}],"wp:featuredmedia":[{"embeddable":true,"href":"https:\/\/mineriayproyectos.com\/en\/wp-json\/wp\/v2\/media\/31184"}],"wp:attachment":[{"href":"https:\/\/mineriayproyectos.com\/en\/wp-json\/wp\/v2\/media?parent=31183"}],"wp:term":[{"taxonomy":"category","embeddable":true,"href":"https:\/\/mineriayproyectos.com\/en\/wp-json\/wp\/v2\/categories?post=31183"},{"taxonomy":"post_tag","embeddable":true,"href":"https:\/\/mineriayproyectos.com\/en\/wp-json\/wp\/v2\/tags?post=31183"}],"curies":[{"name":"wp","href":"https:\/\/api.w.org\/{rel}","templated":true}]}}